{"id":788941,"date":"2025-02-20T15:14:53","date_gmt":"2025-02-20T11:14:53","guid":{"rendered":"https:\/\/arantv.az\/?p=788941"},"modified":"2025-02-20T15:14:53","modified_gmt":"2025-02-20T11:14:53","slug":"prezident-iran-islam-surasi-m%c9%99clisinin-s%c9%99drini-q%c9%99bul-etdifotoyenil%c9%99ndi","status":"publish","type":"post","link":"https:\/\/arantv.az\/?p=788941","title":{"rendered":"Prezident \u0130ran \u0130slam \u015euras\u0131 M\u0259clisinin s\u0259drini q\u0259bul etdiFOTOYEN\u0130L\u018fND\u0130"},"content":{"rendered":"<div class=\"text-content\" data-id=\"\" data-url=\"\">\n<p><strong>Az\u0259rbaycan Respublikas\u0131n\u0131n Prezidenti \u0130lham \u018fliyev fevral\u0131n 20-d\u0259 \u0130ran \u0130slam \u015euras\u0131 M\u0259clisinin s\u0259dri M\u0259h\u0259mm\u0259d Baqir Qalibaf\u0131n r\u0259hb\u0259rlik etdiyi n\u00fcmay\u0259nd\u0259 hey\u0259tini q\u0259bul edib.<\/strong><\/p>\n<p><b>ARANTV.AZ <\/b>x\u0259b\u0259r verir ki, Az\u0259rbaycan Prezidenti iki \u00f6lk\u0259nin xalqlar\u0131n\u0131n ortaq tarixi, m\u0259d\u0259ni v\u0259 dini k\u00f6kl\u0259rinin oldu\u011funu, xalqlar\u0131m\u0131z\u0131n yax\u0131nl\u0131\u011f\u0131n\u0131 vur\u011fulay\u0131b.<\/p>\n<p>Son d\u00f6vrl\u0259rd\u0259 Az\u0259rbaycan Respublikas\u0131 il\u0259 \u0130ran \u0130slam Respublikas\u0131 aras\u0131nda m\u00fcxt\u0259lif s\u0259viyy\u0259l\u0259rd\u0259 ikit\u0259r\u0259fli s\u0259f\u0259rl\u0259rin intensiv xarakter da\u015f\u0131mas\u0131n\u0131 m\u0259mnunluqla qeyd ed\u0259n Prezident \u0130lham \u018fliyev bunu \u0259laq\u0259l\u0259rimizin dinamik sur\u0259td\u0259 inki\u015faf\u0131n\u0131n t\u0259zah\u00fcr\u00fc kimi qiym\u0259tl\u0259ndirib. D\u00f6vl\u0259t ba\u015f\u00e7\u0131s\u0131 \u00f6lk\u0259l\u0259rimizin parlamentl\u0259raras\u0131 \u0259laq\u0259l\u0259rinin geni\u015fl\u0259ndiyini qeyd edib v\u0259 \u0130ran \u0130slam \u015euras\u0131 M\u0259clisinin s\u0259drinin Az\u0259rbaycana s\u0259f\u0259rinin bu \u0259laq\u0259l\u0259rin daha da inki\u015faf\u0131na t\u0259kan ver\u0259c\u0259yin\u0259 \u00fcmidvar oldu\u011funu bildirib.<\/p>\n<p>Az\u0259rbaycan Prezidenti iqtisadi-ticari, n\u0259qliyyat, enerji v\u0259 dig\u0259r sah\u0259l\u0259rd\u0259 \u0259m\u0259kda\u015fl\u0131q m\u0259s\u0259l\u0259l\u0259rin\u0259 toxundu. \u015eimal-C\u0259nub n\u0259qliyyat d\u0259hlizinin \u0259h\u0259miyy\u0259tini vur\u011fulayan Prezident \u0130lham \u018fliyev bu d\u0259hlizin Az\u0259rbaycana aid olan hiss\u0259sind\u0259 y\u00fckda\u015f\u0131ma imkanlar\u0131n\u0131n art\u0131r\u0131lmas\u0131 \u00fc\u00e7\u00fcn \u00f6lk\u0259miz t\u0259r\u0259find\u0259n z\u0259ruri i\u015fl\u0259rin g\u00f6r\u00fcld\u00fcy\u00fcn\u00fc deyib. D\u00f6vl\u0259t ba\u015f\u00e7\u0131s\u0131 A\u011fb\u0259nd ke\u00e7idinin in\u015fas\u0131 istiqam\u0259tind\u0259 f\u0259aliyy\u0259tin intensiv \u015f\u0259kild\u0259 h\u0259yata ke\u00e7irildiyini v\u0259 bu layih\u0259nin regionun n\u0259qliyyat imkanlar\u0131n\u0131n art\u0131r\u0131lmas\u0131na t\u00f6hf\u0259 ver\u0259c\u0259yini qeyd edib.<\/p>\n<p>Prezident \u0130lham \u018fliyev regional m\u0259s\u0259l\u0259l\u0259rin region \u00f6lk\u0259l\u0259ri t\u0259r\u0259find\u0259n h\u0259ll edilm\u0259li v\u0259 b\u00f6lg\u0259d\u0259nk\u0259nar q\u00fcvv\u0259l\u0259rin regiona m\u00fcdaxil\u0259sinin q\u0259buledilm\u0259z oldu\u011funu dedi, 3+3 format\u0131n\u0131n \u0259h\u0259miyy\u0259tini vur\u011fulay\u0131b.<\/p>\n<p>M\u0259h\u0259mm\u0259d Baqir Qalibaf \u0130ran \u0130slam Respublikas\u0131n\u0131n Prezidenti M\u0259sud Peze\u015fkian\u0131n salamlar\u0131n\u0131 v\u0259 xo\u015f arzular\u0131n\u0131 d\u00f6vl\u0259t ba\u015f\u00e7\u0131s\u0131na \u00e7atd\u0131r\u0131b.<\/p>\n<p>Prezident \u0130lham \u018fliyev salamlara g\u00f6r\u0259 minn\u0259tdarl\u0131\u011f\u0131n\u0131 bildirib, onun da salamlar\u0131n\u0131n M\u0259sud Peze\u015fkiana \u00e7atd\u0131r\u0131lmas\u0131n\u0131 xahi\u015f edib.<\/p>\n<p>Qonaq Asiya Parlament Assambleyas\u0131n\u0131n 15-ci plenar sessiyas\u0131n\u0131n Bak\u0131da y\u00fcks\u0259k s\u0259viyy\u0259d\u0259 t\u0259\u015fkil olundu\u011funu s\u00f6yl\u0259yib, iki \u00f6lk\u0259 aras\u0131nda s\u0259f\u0259rl\u0259rin intensiv xarakter da\u015f\u0131mas\u0131ndan m\u0259mnunlu\u011funu diqq\u0259t\u0259 \u00e7atd\u0131r\u0131b.<\/p>\n<p>Az\u0259rbaycan il\u0259 \u0130ran aras\u0131nda iqtisadiyyat, ticar\u0259t, elm, texnologiya, s\u0259hiyy\u0259 sah\u0259l\u0259rind\u0259 v\u0259 dig\u0259r sah\u0259l\u0259rd\u0259 \u0259m\u0259kda\u015fl\u0131\u011f\u0131n inki\u015faf\u0131 \u00fc\u00e7\u00fcn \u00e7ox yax\u015f\u0131 imkanlar\u0131n oldu\u011funu vur\u011fulayan M\u0259h\u0259mm\u0259d Baqir Qalibaf bu x\u00fcsusda h\u00f6kum\u0259tl\u0259raras\u0131 komissiyan\u0131n i\u015finin daha da intensivl\u0259\u015fdirilm\u0259sinin vacibliyin\u0259 toxunub.<\/p>\n<p>\u00d6lk\u0259sinin Az\u0259rbaycanla birlikd\u0259 regionda sabitliyin v\u0259 t\u0259hl\u00fck\u0259sizliyin t\u0259min olunmas\u0131nda ortaq maraqlar\u0131 b\u00f6l\u00fc\u015fd\u00fcy\u00fcn\u00fc dey\u0259n qonaq \u0130ran\u0131n regionun m\u0259s\u0259l\u0259l\u0259rinin region \u00f6lk\u0259l\u0259ri t\u0259r\u0259find\u0259n h\u0259ll edilm\u0259si yana\u015fmas\u0131n\u0131 d\u0259st\u0259kl\u0259diyini bildirib. O, Az\u0259rbaycan il\u0259 \u0130ran\u0131n beyn\u0259lxalq t\u0259\u015fkilatlar \u00e7\u0259r\u00e7iv\u0259sind\u0259 qar\u015f\u0131l\u0131ql\u0131 d\u0259st\u0259yini v\u0259 yax\u0131ndan \u0259m\u0259kda\u015fl\u0131q etdikl\u0259rini vur\u011fulayaraq, 3+3 format\u0131n\u0131n \u0259h\u0259miyy\u0259tini qeyd edib.<\/p>\n<p>M\u0259h\u0259mm\u0259d Baqir Qalibaf d\u00f6vl\u0259t ba\u015f\u00e7\u0131s\u0131na xatir\u0259 h\u0259diyy\u0259si t\u0259qdim edib.<\/p>\n<p><strong>***<\/strong><\/p>\n<p><strong>11:54<\/strong><\/p>\n<p><strong>Az\u0259rbaycan Respublikas\u0131n\u0131n Prezidenti \u0130lham \u018fliyev fevral\u0131n 20-d\u0259 \u0130ran \u0130slam \u015euras\u0131 M\u0259clisinin s\u0259dri M\u0259h\u0259mm\u0259d Baqir Qalibaf\u0131n r\u0259hb\u0259rlik etdiyi n\u00fcmay\u0259nd\u0259 hey\u0259tini q\u0259bul edib.<\/strong><\/p>\n<p><strong>ARANTV.AZ <\/strong>\u00a0x\u0259b\u0259r verir ki, bu bar\u0259d\u0259 Prezidentin M\u0259tbuat Xidm\u0259ti m\u0259lumat yay\u0131b<\/p>\n<\/div>\n<div>\n<div class=\"form-group\"><img class=\"img-responsive\" src=\"https:\/\/cdn.musavat.com\/news\/images\/NewFolder%203\/IQBAL%20YENI\/67b6ea0f53c5e67b6ea0f53c5f174004.jpg\" \/><\/div>\n<div class=\"form-group\"><img class=\"img-responsive\" src=\"https:\/\/cdn.musavat.com\/news\/images\/NewFolder%203\/IQBAL%20YENI\/WhatsApp%20Image%202025-02-20%20at%2013.28.31.jpeg\" \/><\/div>\n<\/div>\n","protected":false},"excerpt":{"rendered":"<p>Az\u0259rbaycan Respublikas\u0131n\u0131n Prezidenti \u0130lham \u018fliyev fevral\u0131n 20-d\u0259 \u0130ran \u0130slam \u015euras\u0131 M\u0259clisinin s\u0259dri M\u0259h\u0259mm\u0259d Baqir Qalibaf\u0131n r\u0259hb\u0259rlik etdiyi n\u00fcmay\u0259nd\u0259 hey\u0259tini q\u0259bul edib. ARANTV.AZ x\u0259b\u0259r verir ki, Az\u0259rbaycan Prezidenti iki \u00f6lk\u0259nin xalqlar\u0131n\u0131n ortaq tarixi, m\u0259d\u0259ni v\u0259 dini k\u00f6kl\u0259rinin oldu\u011funu, xalqlar\u0131m\u0131z\u0131n yax\u0131nl\u0131\u011f\u0131n\u0131 vur\u011fulay\u0131b. Son d\u00f6vrl\u0259rd\u0259 Az\u0259rbaycan Respublikas\u0131 il\u0259 \u0130ran \u0130slam Respublikas\u0131 aras\u0131nda m\u00fcxt\u0259lif s\u0259viyy\u0259l\u0259rd\u0259 ikit\u0259r\u0259fli s\u0259f\u0259rl\u0259rin intensiv xarakter da\u015f\u0131mas\u0131n\u0131 m\u0259mnunluqla qeyd ed\u0259n Prezident \u0130lham \u018fliyev bunu \u0259laq\u0259l\u0259rimizin dinamik sur\u0259td\u0259 inki\u015faf\u0131n\u0131n t\u0259zah\u00fcr\u00fc kimi qiym\u0259tl\u0259ndirib. D\u00f6vl\u0259t ba\u015f\u00e7\u0131s\u0131 \u00f6lk\u0259l\u0259rimizin parlamentl\u0259raras\u0131 \u0259laq\u0259l\u0259rinin geni\u015fl\u0259ndiyini qeyd edib v\u0259 \u0130ran \u0130slam \u015euras\u0131 M\u0259clisinin s\u0259drinin Az\u0259rbaycana s\u0259f\u0259rinin bu \u0259laq\u0259l\u0259rin daha da&hellip;<\/p>\n","protected":false},"author":2,"featured_media":788943,"comment_status":"closed","ping_status":"closed","sticky":false,"template":"","format":"standard","meta":{"om_disable_all_campaigns":false,"_monsterinsights_skip_tracking":false,"_monsterinsights_sitenote_active":false,"_monsterinsights_sitenote_note":"","_monsterinsights_sitenote_category":0},"categories":[4],"tags":[],"aioseo_notices":[],"gutentor_comment":0,"rttpg_featured_image_url":{"full":["https:\/\/arantv.az\/wp-content\/uploads\/2025\/02\/630bfea2577c6afef8ae776708a4725a.jpg",870,500,false],"landscape":["https:\/\/arantv.az\/wp-content\/uploads\/2025\/02\/630bfea2577c6afef8ae776708a4725a.jpg",870,500,false],"portraits":["https:\/\/arantv.az\/wp-content\/uploads\/2025\/02\/630bfea2577c6afef8ae776708a4725a.jpg",870,500,false],"thumbnail":["https:\/\/arantv.az\/wp-content\/uploads\/2025\/02\/630bfea2577c6afef8ae776708a4725a-500x280.jpg",500,280,true],"medium":["https:\/\/arantv.az\/wp-content\/uploads\/2025\/02\/630bfea2577c6afef8ae776708a4725a-635x365.jpg",635,365,true],"large":["https:\/\/arantv.az\/wp-content\/uploads\/2025\/02\/630bfea2577c6afef8ae776708a4725a-840x483.jpg",640,368,true],"1536x1536":["https:\/\/arantv.az\/wp-content\/uploads\/2025\/02\/630bfea2577c6afef8ae776708a4725a.jpg",870,500,false],"2048x2048":["https:\/\/arantv.az\/wp-content\/uploads\/2025\/02\/630bfea2577c6afef8ae776708a4725a.jpg",870,500,false],"post-thumbnail":["https:\/\/arantv.az\/wp-content\/uploads\/2025\/02\/630bfea2577c6afef8ae776708a4725a-240x172.jpg",240,172,true],"advps-thumb-one":["https:\/\/arantv.az\/wp-content\/uploads\/2025\/02\/630bfea2577c6afef8ae776708a4725a.jpg",870,500,false]},"rttpg_author":{"display_name":"V\u00fcsal Rafiqo\u011flu","author_link":"https:\/\/arantv.az\/?author=2"},"rttpg_comment":0,"rttpg_category":"<a href=\"https:\/\/arantv.az\/?cat=4\" rel=\"category\">Siyas\u0259t<\/a>","rttpg_excerpt":"Az\u0259rbaycan Respublikas\u0131n\u0131n Prezidenti \u0130lham \u018fliyev fevral\u0131n 20-d\u0259 \u0130ran \u0130slam \u015euras\u0131 M\u0259clisinin s\u0259dri M\u0259h\u0259mm\u0259d Baqir Qalibaf\u0131n r\u0259hb\u0259rlik etdiyi n\u00fcmay\u0259nd\u0259 hey\u0259tini q\u0259bul edib. ARANTV.AZ x\u0259b\u0259r verir ki, Az\u0259rbaycan Prezidenti iki \u00f6lk\u0259nin xalqlar\u0131n\u0131n ortaq tarixi, m\u0259d\u0259ni v\u0259 dini k\u00f6kl\u0259rinin oldu\u011funu, xalqlar\u0131m\u0131z\u0131n yax\u0131nl\u0131\u011f\u0131n\u0131 vur\u011fulay\u0131b. Son d\u00f6vrl\u0259rd\u0259 Az\u0259rbaycan Respublikas\u0131 il\u0259 \u0130ran \u0130slam Respublikas\u0131 aras\u0131nda m\u00fcxt\u0259lif s\u0259viyy\u0259l\u0259rd\u0259 ikit\u0259r\u0259fli s\u0259f\u0259rl\u0259rin intensiv xarakter&hellip;","_links":{"self":[{"href":"https:\/\/arantv.az\/index.php?rest_route=\/wp\/v2\/posts\/788941"}],"collection":[{"href":"https:\/\/arantv.az\/index.php?rest_route=\/wp\/v2\/posts"}],"about":[{"href":"https:\/\/arantv.az\/index.php?rest_route=\/wp\/v2\/types\/post"}],"author":[{"embeddable":true,"href":"https:\/\/arantv.az\/index.php?rest_route=\/wp\/v2\/users\/2"}],"replies":[{"embeddable":true,"href":"https:\/\/arantv.az\/index.php?rest_route=%2Fwp%2Fv2%2Fcomments&post=788941"}],"version-history":[{"count":1,"href":"https:\/\/arantv.az\/index.php?rest_route=\/wp\/v2\/posts\/788941\/revisions"}],"predecessor-version":[{"id":788944,"href":"https:\/\/arantv.az\/index.php?rest_route=\/wp\/v2\/posts\/788941\/revisions\/788944"}],"wp:featuredmedia":[{"embeddable":true,"href":"https:\/\/arantv.az\/index.php?rest_route=\/wp\/v2\/media\/788943"}],"wp:attachment":[{"href":"https:\/\/arantv.az\/index.php?rest_route=%2Fwp%2Fv2%2Fmedia&parent=788941"}],"wp:term":[{"taxonomy":"category","embeddable":true,"href":"https:\/\/arantv.az\/index.php?rest_route=%2Fwp%2Fv2%2Fcategories&post=788941"},{"taxonomy":"post_tag","embeddable":true,"href":"https:\/\/arantv.az\/index.php?rest_route=%2Fwp%2Fv2%2Ftags&post=788941"}],"curies":[{"name":"wp","href":"https:\/\/api.w.org\/{rel}","templated":true}]}}