{"id":788948,"date":"2025-02-20T15:19:47","date_gmt":"2025-02-20T11:19:47","guid":{"rendered":"https:\/\/arantv.az\/?p=788948"},"modified":"2025-02-20T15:19:47","modified_gmt":"2025-02-20T11:19:47","slug":"bakinin-%c9%99n-uzunmudd%c9%99tli-soyuq-dovru-baslayir-5-gun-qar-yagacaq","status":"publish","type":"post","link":"https:\/\/arantv.az\/?p=788948","title":{"rendered":"Bak\u0131n\u0131n \u0259n uzunm\u00fcdd\u0259tli soyuq d\u00f6vr\u00fc ba\u015flay\u0131r &#8211; 5 g\u00fcn qar ya\u011facaq"},"content":{"rendered":"<p><strong>&#8220;Bu g\u00fcn ax\u015fam saatlar\u0131ndan ba\u015flayaraq Bak\u0131da v\u0259 Ab\u015feron yar\u0131madas\u0131nda havan\u0131n temperaturu m\u0259nfi 2 d\u0259r\u0259c\u0259y\u0259d\u0259k en\u0259c\u0259k. Fevral\u0131n 21-d\u0259n sonra is\u0259 h\u0259tta g\u00fcnd\u00fcz saatlar\u0131nda temperaturun 0 d\u0259r\u0259c\u0259d\u0259n a\u015fa\u011f\u0131 olmas\u0131, yollar\u0131n buz ba\u011flamas\u0131 g\u00f6zl\u0259nilir&#8221;.<\/strong><\/p>\n<p><strong>ARANTV.AZ <\/strong>\u00a0x\u0259b\u0259r verir ki, bunu Ekologiya v\u0259 T\u0259bii S\u0259rv\u0259tl\u0259r Nazirliyinin m\u0259tbuat katibi \u0130rad\u0259 \u0130brahimova deyib.<\/p>\n<p>O bildirib ki, Bak\u0131 v\u0259 Ab\u015feron yar\u0131madas\u0131nda m\u0259nfi temperatur v\u0259 qar ya\u011fmas\u0131 prosesi \u00f6t\u0259n d\u00f6vrl\u0259rd\u0259 1-2 g\u00fcn \u0259rzind\u0259 m\u00fc\u015fahid\u0259 olunurdusa, bu d\u0259f\u0259 soyuq v\u0259 qeyri-sabit hava \u015f\u0259raiti 5 g\u00fcn \u0259rzind\u0259 davam ed\u0259c\u0259k v\u0259 bu q\u0131\u015f\u0131n \u0259n uzunm\u00fcdd\u0259tli soyuq d\u00f6vr\u00fc olacaq:<\/p>\n<p>&#8220;Bu m\u00fcdd\u0259t \u0259rzind\u0259 havan\u0131n temperaturunun 0-3 d\u0259r\u0259c\u0259 \u015faxta olaca\u011f\u0131, fasil\u0259l\u0259rl\u0259 qar ya\u011faca\u011f\u0131, g\u00fccl\u0259n\u0259n \u015fimal k\u00fcl\u0259yi n\u0259tic\u0259sind\u0259 is\u0259 soyuq diskomfortunun daha da k\u0259skinl\u0259\u015f\u0259c\u0259yi proqnozla\u015fd\u0131r\u0131l\u0131r&#8221;.<\/p>\n<p>Nazirlik s\u00f6z\u00e7\u00fcs\u00fc Bak\u0131da v\u0259 Ab\u015feron yar\u0131madas\u0131nda, eyni zamanda \u0259ks\u0259r b\u00f6lg\u0259l\u0259rd\u0259 g\u00f6zl\u0259nil\u0259n qarl\u0131, \u015faxtal\u0131 v\u0259 k\u00fcl\u0259kli hava \u015f\u0259raiti il\u0259 ba\u011fl\u0131 Milli Hidrometeorologiya Xidm\u0259ti t\u0259r\u0259find\u0259n veril\u0259n x\u0259b\u0259rdarl\u0131qlara x\u00fcsusi diqq\u0259t yetirilm\u0259sinin vacibliyini vur\u011fulay\u0131b:<\/p>\n<p>&#8220;Yollar\u0131n buz ba\u011flamas\u0131 t\u0259hl\u00fck\u0259si oldu\u011fundan i\u015fl\u0259rimizi v\u0259 f\u0259aliyy\u0259timizi hava durumuna uy\u011fun qurma\u011f\u0131m\u0131z \u015f\u0259rtdir. Hava x\u0259b\u0259rdarl\u0131qlar\u0131ndan \u0259vv\u0259lc\u0259d\u0259n m\u0259lumatl\u0131 olub, ehtiyatl\u0131 davranmaq t\u00f6vsiy\u0259 olunur&#8221;.<\/p>\n","protected":false},"excerpt":{"rendered":"<p>&#8220;Bu g\u00fcn ax\u015fam saatlar\u0131ndan ba\u015flayaraq Bak\u0131da v\u0259 Ab\u015feron yar\u0131madas\u0131nda havan\u0131n temperaturu m\u0259nfi 2 d\u0259r\u0259c\u0259y\u0259d\u0259k en\u0259c\u0259k. Fevral\u0131n 21-d\u0259n sonra is\u0259 h\u0259tta g\u00fcnd\u00fcz saatlar\u0131nda temperaturun 0 d\u0259r\u0259c\u0259d\u0259n a\u015fa\u011f\u0131 olmas\u0131, yollar\u0131n buz ba\u011flamas\u0131 g\u00f6zl\u0259nilir&#8221;. ARANTV.AZ \u00a0x\u0259b\u0259r verir ki, bunu Ekologiya v\u0259 T\u0259bii S\u0259rv\u0259tl\u0259r Nazirliyinin m\u0259tbuat katibi \u0130rad\u0259 \u0130brahimova deyib. O bildirib ki, Bak\u0131 v\u0259 Ab\u015feron yar\u0131madas\u0131nda m\u0259nfi temperatur v\u0259 qar ya\u011fmas\u0131 prosesi \u00f6t\u0259n d\u00f6vrl\u0259rd\u0259 1-2 g\u00fcn \u0259rzind\u0259 m\u00fc\u015fahid\u0259 olunurdusa, bu d\u0259f\u0259 soyuq v\u0259 qeyri-sabit hava \u015f\u0259raiti 5 g\u00fcn \u0259rzind\u0259 davam ed\u0259c\u0259k v\u0259 bu q\u0131\u015f\u0131n \u0259n uzunm\u00fcdd\u0259tli soyuq d\u00f6vr\u00fc olacaq: &#8220;Bu m\u00fcdd\u0259t \u0259rzind\u0259 havan\u0131n&hellip;<\/p>\n","protected":false},"author":2,"featured_media":788949,"comment_status":"closed","ping_status":"closed","sticky":false,"template":"","format":"standard","meta":{"om_disable_all_campaigns":false,"_monsterinsights_skip_tracking":false,"_monsterinsights_sitenote_active":false,"_monsterinsights_sitenote_note":"","_monsterinsights_sitenote_category":0},"categories":[22],"tags":[],"aioseo_notices":[],"gutentor_comment":0,"rttpg_featured_image_url":{"full":["https:\/\/arantv.az\/wp-content\/uploads\/2025\/02\/f58895df790652361afe0c91735ff522.jpg",800,500,false],"landscape":["https:\/\/arantv.az\/wp-content\/uploads\/2025\/02\/f58895df790652361afe0c91735ff522.jpg",800,500,false],"portraits":["https:\/\/arantv.az\/wp-content\/uploads\/2025\/02\/f58895df790652361afe0c91735ff522.jpg",800,500,false],"thumbnail":["https:\/\/arantv.az\/wp-content\/uploads\/2025\/02\/f58895df790652361afe0c91735ff522-500x280.jpg",500,280,true],"medium":["https:\/\/arantv.az\/wp-content\/uploads\/2025\/02\/f58895df790652361afe0c91735ff522-584x365.jpg",584,365,true],"large":["https:\/\/arantv.az\/wp-content\/uploads\/2025\/02\/f58895df790652361afe0c91735ff522.jpg",640,400,false],"1536x1536":["https:\/\/arantv.az\/wp-content\/uploads\/2025\/02\/f58895df790652361afe0c91735ff522.jpg",800,500,false],"2048x2048":["https:\/\/arantv.az\/wp-content\/uploads\/2025\/02\/f58895df790652361afe0c91735ff522.jpg",800,500,false],"post-thumbnail":["https:\/\/arantv.az\/wp-content\/uploads\/2025\/02\/f58895df790652361afe0c91735ff522-240x172.jpg",240,172,true],"advps-thumb-one":["https:\/\/arantv.az\/wp-content\/uploads\/2025\/02\/f58895df790652361afe0c91735ff522.jpg",800,500,false]},"rttpg_author":{"display_name":"V\u00fcsal Rafiqo\u011flu","author_link":"https:\/\/arantv.az\/?author=2"},"rttpg_comment":0,"rttpg_category":"<a href=\"https:\/\/arantv.az\/?cat=22\" rel=\"category\">Hava<\/a>","rttpg_excerpt":"&#8220;Bu g\u00fcn ax\u015fam saatlar\u0131ndan ba\u015flayaraq Bak\u0131da v\u0259 Ab\u015feron yar\u0131madas\u0131nda havan\u0131n temperaturu m\u0259nfi 2 d\u0259r\u0259c\u0259y\u0259d\u0259k en\u0259c\u0259k. Fevral\u0131n 21-d\u0259n sonra is\u0259 h\u0259tta g\u00fcnd\u00fcz saatlar\u0131nda temperaturun 0 d\u0259r\u0259c\u0259d\u0259n a\u015fa\u011f\u0131 olmas\u0131, yollar\u0131n buz ba\u011flamas\u0131 g\u00f6zl\u0259nilir&#8221;. ARANTV.AZ \u00a0x\u0259b\u0259r verir ki, bunu Ekologiya v\u0259 T\u0259bii S\u0259rv\u0259tl\u0259r Nazirliyinin m\u0259tbuat katibi \u0130rad\u0259 \u0130brahimova deyib. O bildirib ki, Bak\u0131 v\u0259 Ab\u015feron yar\u0131madas\u0131nda m\u0259nfi temperatur&hellip;","_links":{"self":[{"href":"https:\/\/arantv.az\/index.php?rest_route=\/wp\/v2\/posts\/788948"}],"collection":[{"href":"https:\/\/arantv.az\/index.php?rest_route=\/wp\/v2\/posts"}],"about":[{"href":"https:\/\/arantv.az\/index.php?rest_route=\/wp\/v2\/types\/post"}],"author":[{"embeddable":true,"href":"https:\/\/arantv.az\/index.php?rest_route=\/wp\/v2\/users\/2"}],"replies":[{"embeddable":true,"href":"https:\/\/arantv.az\/index.php?rest_route=%2Fwp%2Fv2%2Fcomments&post=788948"}],"version-history":[{"count":1,"href":"https:\/\/arantv.az\/index.php?rest_route=\/wp\/v2\/posts\/788948\/revisions"}],"predecessor-version":[{"id":788950,"href":"https:\/\/arantv.az\/index.php?rest_route=\/wp\/v2\/posts\/788948\/revisions\/788950"}],"wp:featuredmedia":[{"embeddable":true,"href":"https:\/\/arantv.az\/index.php?rest_route=\/wp\/v2\/media\/788949"}],"wp:attachment":[{"href":"https:\/\/arantv.az\/index.php?rest_route=%2Fwp%2Fv2%2Fmedia&parent=788948"}],"wp:term":[{"taxonomy":"category","embeddable":true,"href":"https:\/\/arantv.az\/index.php?rest_route=%2Fwp%2Fv2%2Fcategories&post=788948"},{"taxonomy":"post_tag","embeddable":true,"href":"https:\/\/arantv.az\/index.php?rest_route=%2Fwp%2Fv2%2Ftags&post=788948"}],"curies":[{"name":"wp","href":"https:\/\/api.w.org\/{rel}","templated":true}]}}