{"id":788954,"date":"2025-02-20T15:23:20","date_gmt":"2025-02-20T11:23:20","guid":{"rendered":"https:\/\/arantv.az\/?p=788954"},"modified":"2025-02-20T15:23:20","modified_gmt":"2025-02-20T11:23:20","slug":"prezident-artur-rasi-zad%c9%99ni-q%c9%99bul-etdi","status":"publish","type":"post","link":"https:\/\/arantv.az\/?p=788954","title":{"rendered":"Prezident Artur Rasi-zad\u0259ni q\u0259bul etdi"},"content":{"rendered":"<p><strong>X\u0259b\u0259r verdiyimiz kimi, sabiq Ba\u015f nazir Artur Rasi\u2011zad\u0259 \u201cHeyd\u0259r \u018fliyev\u201d ordeni il\u0259 t\u0259ltif edilib.<\/strong><\/p>\n<p><strong>ARANTV.AZ <\/strong>\u00a0x\u0259b\u0259r verir ki, Az\u0259rbaycan Prezidenti \u0130lham \u018fliyev fevral\u0131n 20-d\u0259 Artur Rasi-zad\u0259ni q\u0259bul edib v\u0259 ona \u201cHeyd\u0259r \u018fliyev\u201d ordenini t\u0259qdim edib.<\/p>\n<p>Qeyd ed\u0259k ki, fevral\u0131n 26-da Artur Rasi-zad\u0259nin 90 ya\u015f\u0131 tamam olacaq.<\/p>\n<p>Xat\u0131rladaq ki,\u00a0A.Rasi\u2011zad\u0259\u00a02003-c\u00fc ild\u0259n 2018-ci il\u0259d\u0259k Ba\u015f nazir olub.<\/p>\n","protected":false},"excerpt":{"rendered":"<p>X\u0259b\u0259r verdiyimiz kimi, sabiq Ba\u015f nazir Artur Rasi\u2011zad\u0259 \u201cHeyd\u0259r \u018fliyev\u201d ordeni il\u0259 t\u0259ltif edilib. ARANTV.AZ \u00a0x\u0259b\u0259r verir ki, Az\u0259rbaycan Prezidenti \u0130lham \u018fliyev fevral\u0131n 20-d\u0259 Artur Rasi-zad\u0259ni q\u0259bul edib v\u0259 ona \u201cHeyd\u0259r \u018fliyev\u201d ordenini t\u0259qdim edib. Qeyd ed\u0259k ki, fevral\u0131n 26-da Artur Rasi-zad\u0259nin 90 ya\u015f\u0131 tamam olacaq. Xat\u0131rladaq ki,\u00a0A.Rasi\u2011zad\u0259\u00a02003-c\u00fc ild\u0259n 2018-ci il\u0259d\u0259k Ba\u015f nazir olub.<\/p>\n","protected":false},"author":2,"featured_media":788955,"comment_status":"closed","ping_status":"closed","sticky":false,"template":"","format":"standard","meta":{"om_disable_all_campaigns":false,"_monsterinsights_skip_tracking":false,"_monsterinsights_sitenote_active":false,"_monsterinsights_sitenote_note":"","_monsterinsights_sitenote_category":0},"categories":[4],"tags":[],"aioseo_notices":[],"gutentor_comment":0,"rttpg_featured_image_url":{"full":["https:\/\/arantv.az\/wp-content\/uploads\/2025\/02\/b38b69e44f1f36c1c48553a3b580def6.jpg",637,400,false],"landscape":["https:\/\/arantv.az\/wp-content\/uploads\/2025\/02\/b38b69e44f1f36c1c48553a3b580def6.jpg",637,400,false],"portraits":["https:\/\/arantv.az\/wp-content\/uploads\/2025\/02\/b38b69e44f1f36c1c48553a3b580def6.jpg",637,400,false],"thumbnail":["https:\/\/arantv.az\/wp-content\/uploads\/2025\/02\/b38b69e44f1f36c1c48553a3b580def6-500x280.jpg",500,280,true],"medium":["https:\/\/arantv.az\/wp-content\/uploads\/2025\/02\/b38b69e44f1f36c1c48553a3b580def6-581x365.jpg",581,365,true],"large":["https:\/\/arantv.az\/wp-content\/uploads\/2025\/02\/b38b69e44f1f36c1c48553a3b580def6.jpg",637,400,false],"1536x1536":["https:\/\/arantv.az\/wp-content\/uploads\/2025\/02\/b38b69e44f1f36c1c48553a3b580def6.jpg",637,400,false],"2048x2048":["https:\/\/arantv.az\/wp-content\/uploads\/2025\/02\/b38b69e44f1f36c1c48553a3b580def6.jpg",637,400,false],"post-thumbnail":["https:\/\/arantv.az\/wp-content\/uploads\/2025\/02\/b38b69e44f1f36c1c48553a3b580def6-240x172.jpg",240,172,true],"advps-thumb-one":["https:\/\/arantv.az\/wp-content\/uploads\/2025\/02\/b38b69e44f1f36c1c48553a3b580def6.jpg",637,400,false]},"rttpg_author":{"display_name":"V\u00fcsal Rafiqo\u011flu","author_link":"https:\/\/arantv.az\/?author=2"},"rttpg_comment":0,"rttpg_category":"<a href=\"https:\/\/arantv.az\/?cat=4\" rel=\"category\">Siyas\u0259t<\/a>","rttpg_excerpt":"X\u0259b\u0259r verdiyimiz kimi, sabiq Ba\u015f nazir Artur Rasi\u2011zad\u0259 \u201cHeyd\u0259r \u018fliyev\u201d ordeni il\u0259 t\u0259ltif edilib. ARANTV.AZ \u00a0x\u0259b\u0259r verir ki, Az\u0259rbaycan Prezidenti \u0130lham \u018fliyev fevral\u0131n 20-d\u0259 Artur Rasi-zad\u0259ni q\u0259bul edib v\u0259 ona \u201cHeyd\u0259r \u018fliyev\u201d ordenini t\u0259qdim edib. Qeyd ed\u0259k ki, fevral\u0131n 26-da Artur Rasi-zad\u0259nin 90 ya\u015f\u0131 tamam olacaq. Xat\u0131rladaq ki,\u00a0A.Rasi\u2011zad\u0259\u00a02003-c\u00fc ild\u0259n 2018-ci il\u0259d\u0259k Ba\u015f nazir olub.","_links":{"self":[{"href":"https:\/\/arantv.az\/index.php?rest_route=\/wp\/v2\/posts\/788954"}],"collection":[{"href":"https:\/\/arantv.az\/index.php?rest_route=\/wp\/v2\/posts"}],"about":[{"href":"https:\/\/arantv.az\/index.php?rest_route=\/wp\/v2\/types\/post"}],"author":[{"embeddable":true,"href":"https:\/\/arantv.az\/index.php?rest_route=\/wp\/v2\/users\/2"}],"replies":[{"embeddable":true,"href":"https:\/\/arantv.az\/index.php?rest_route=%2Fwp%2Fv2%2Fcomments&post=788954"}],"version-history":[{"count":1,"href":"https:\/\/arantv.az\/index.php?rest_route=\/wp\/v2\/posts\/788954\/revisions"}],"predecessor-version":[{"id":788956,"href":"https:\/\/arantv.az\/index.php?rest_route=\/wp\/v2\/posts\/788954\/revisions\/788956"}],"wp:featuredmedia":[{"embeddable":true,"href":"https:\/\/arantv.az\/index.php?rest_route=\/wp\/v2\/media\/788955"}],"wp:attachment":[{"href":"https:\/\/arantv.az\/index.php?rest_route=%2Fwp%2Fv2%2Fmedia&parent=788954"}],"wp:term":[{"taxonomy":"category","embeddable":true,"href":"https:\/\/arantv.az\/index.php?rest_route=%2Fwp%2Fv2%2Fcategories&post=788954"},{"taxonomy":"post_tag","embeddable":true,"href":"https:\/\/arantv.az\/index.php?rest_route=%2Fwp%2Fv2%2Ftags&post=788954"}],"curies":[{"name":"wp","href":"https:\/\/api.w.org\/{rel}","templated":true}]}}