{"id":789046,"date":"2025-02-20T19:32:07","date_gmt":"2025-02-20T15:32:07","guid":{"rendered":"https:\/\/arantv.az\/?p=789046"},"modified":"2025-02-20T19:32:07","modified_gmt":"2025-02-20T15:32:07","slug":"zelenski-general-kelloqla-gorusdu-m%c9%99tbuat-aciqlamasi-l%c9%99gv-edildi-video","status":"publish","type":"post","link":"https:\/\/arantv.az\/?p=789046","title":{"rendered":"Zelenski general Kelloqla g\u00f6r\u00fc\u015fd\u00fc, m\u0259tbuat a\u00e7\u0131qlamas\u0131 l\u0259\u011fv edildi &#8211; V\u0130DEO"},"content":{"rendered":"<div class=\"text-content\" data-id=\"\" data-url=\"\">\n<p><strong>ARANTV.AZ\u00a0 x\u0259b\u0259r verir ki, Ukrayna Prezidenti Volodimir Zelenski AB\u015e-\u0131n y\u00fcks\u0259k v\u0259zif\u0259li r\u0259smil\u0259rind\u0259n biri olan Kelloqla g\u00f6r\u00fc\u015f\u00fcb.<\/strong><\/p>\n<p>Ukrayna medias\u0131n\u0131n m\u0259lumat\u0131na g\u00f6r\u0259, g\u00f6r\u00fc\u015fd\u0259n sonra m\u0259tbuata a\u00e7\u0131qlama verilm\u0259si n\u0259z\u0259rd\u0259 tutulsa da, bu plan son anda l\u0259\u011fv edilib. L\u0259\u011fvetm\u0259nin s\u0259b\u0259bi bar\u0259d\u0259 r\u0259smi a\u00e7\u0131qlama verilm\u0259yib.<\/p>\n<p>G\u00f6r\u00fc\u015fd\u0259 hans\u0131 m\u0259s\u0259l\u0259l\u0259rin m\u00fczakir\u0259 edildiyi d\u0259 h\u0259l\u0259lik m\u0259lum deyil.<\/p>\n<p>Qeyd ed\u0259k ki,\u00a0Kelloq Donald Tramp\u0131n Ukrayna m\u0259s\u0259l\u0259si \u00fczr\u0259 k\u00f6m\u0259k\u00e7isidir.<\/p>\n<p><iframe loading=\"lazy\" id=\"telegram-post-https---t-me-TVmusavat-108825\" src=\"https:\/\/t.me\/https:\/\/t.me\/TVmusavat\/108825?embed=1\" width=\"100%\" height=\"\" frameborder=\"0\" scrolling=\"no\" data-mce-fragment=\"1\"><\/iframe><\/p>\n<\/div>\n<div>\n<div class=\"form-group\"><img class=\"img-responsive\" src=\"https:\/\/cdn.musavat.com\/news\/images\/To%C4%9Frul%20%C4%B0smay%C4%B1l\/WhatsApp%20Unknown%202023-08-16%20at%2010.57.09\/NewFolder\/%D0%9D%D0%BE%D0%B2%D0%B0%D1%8F%D0%9F%D0%B0%D0%BF%D0%BA%D0%B0\/WhatsApp%20Image%202025-02-20%20at%2018.57.20.jpeg\" \/><\/div>\n<\/div>\n<div><\/div>\n<div class=\"inner-social-box\">\n<div class=\"subs-in-social subs-whatsapp\"><\/div>\n<\/div>\n","protected":false},"excerpt":{"rendered":"<p>ARANTV.AZ\u00a0 x\u0259b\u0259r verir ki, Ukrayna Prezidenti Volodimir Zelenski AB\u015e-\u0131n y\u00fcks\u0259k v\u0259zif\u0259li r\u0259smil\u0259rind\u0259n biri olan Kelloqla g\u00f6r\u00fc\u015f\u00fcb. Ukrayna medias\u0131n\u0131n m\u0259lumat\u0131na g\u00f6r\u0259, g\u00f6r\u00fc\u015fd\u0259n sonra m\u0259tbuata a\u00e7\u0131qlama verilm\u0259si n\u0259z\u0259rd\u0259 tutulsa da, bu plan son anda l\u0259\u011fv edilib. L\u0259\u011fvetm\u0259nin s\u0259b\u0259bi bar\u0259d\u0259 r\u0259smi a\u00e7\u0131qlama verilm\u0259yib. G\u00f6r\u00fc\u015fd\u0259 hans\u0131 m\u0259s\u0259l\u0259l\u0259rin m\u00fczakir\u0259 edildiyi d\u0259 h\u0259l\u0259lik m\u0259lum deyil. Qeyd ed\u0259k ki,\u00a0Kelloq Donald Tramp\u0131n Ukrayna m\u0259s\u0259l\u0259si \u00fczr\u0259 k\u00f6m\u0259k\u00e7isidir.<\/p>\n","protected":false},"author":2,"featured_media":789047,"comment_status":"closed","ping_status":"closed","sticky":false,"template":"","format":"standard","meta":{"om_disable_all_campaigns":false,"_monsterinsights_skip_tracking":false,"_monsterinsights_sitenote_active":false,"_monsterinsights_sitenote_note":"","_monsterinsights_sitenote_category":0},"categories":[4],"tags":[],"aioseo_notices":[],"gutentor_comment":0,"rttpg_featured_image_url":{"full":["https:\/\/arantv.az\/wp-content\/uploads\/2025\/02\/f096ba4f8f5725b6cb29e820cbc2ead6.jpeg",870,500,false],"landscape":["https:\/\/arantv.az\/wp-content\/uploads\/2025\/02\/f096ba4f8f5725b6cb29e820cbc2ead6.jpeg",870,500,false],"portraits":["https:\/\/arantv.az\/wp-content\/uploads\/2025\/02\/f096ba4f8f5725b6cb29e820cbc2ead6.jpeg",870,500,false],"thumbnail":["https:\/\/arantv.az\/wp-content\/uploads\/2025\/02\/f096ba4f8f5725b6cb29e820cbc2ead6-500x280.jpeg",500,280,true],"medium":["https:\/\/arantv.az\/wp-content\/uploads\/2025\/02\/f096ba4f8f5725b6cb29e820cbc2ead6-635x365.jpeg",635,365,true],"large":["https:\/\/arantv.az\/wp-content\/uploads\/2025\/02\/f096ba4f8f5725b6cb29e820cbc2ead6-840x483.jpeg",640,368,true],"1536x1536":["https:\/\/arantv.az\/wp-content\/uploads\/2025\/02\/f096ba4f8f5725b6cb29e820cbc2ead6.jpeg",870,500,false],"2048x2048":["https:\/\/arantv.az\/wp-content\/uploads\/2025\/02\/f096ba4f8f5725b6cb29e820cbc2ead6.jpeg",870,500,false],"post-thumbnail":["https:\/\/arantv.az\/wp-content\/uploads\/2025\/02\/f096ba4f8f5725b6cb29e820cbc2ead6-240x172.jpeg",240,172,true],"advps-thumb-one":["https:\/\/arantv.az\/wp-content\/uploads\/2025\/02\/f096ba4f8f5725b6cb29e820cbc2ead6.jpeg",870,500,false]},"rttpg_author":{"display_name":"V\u00fcsal Rafiqo\u011flu","author_link":"https:\/\/arantv.az\/?author=2"},"rttpg_comment":0,"rttpg_category":"<a href=\"https:\/\/arantv.az\/?cat=4\" rel=\"category\">Siyas\u0259t<\/a>","rttpg_excerpt":"ARANTV.AZ\u00a0 x\u0259b\u0259r verir ki, Ukrayna Prezidenti Volodimir Zelenski AB\u015e-\u0131n y\u00fcks\u0259k v\u0259zif\u0259li r\u0259smil\u0259rind\u0259n biri olan Kelloqla g\u00f6r\u00fc\u015f\u00fcb. Ukrayna medias\u0131n\u0131n m\u0259lumat\u0131na g\u00f6r\u0259, g\u00f6r\u00fc\u015fd\u0259n sonra m\u0259tbuata a\u00e7\u0131qlama verilm\u0259si n\u0259z\u0259rd\u0259 tutulsa da, bu plan son anda l\u0259\u011fv edilib. L\u0259\u011fvetm\u0259nin s\u0259b\u0259bi bar\u0259d\u0259 r\u0259smi a\u00e7\u0131qlama verilm\u0259yib. G\u00f6r\u00fc\u015fd\u0259 hans\u0131 m\u0259s\u0259l\u0259l\u0259rin m\u00fczakir\u0259 edildiyi d\u0259 h\u0259l\u0259lik m\u0259lum deyil. Qeyd ed\u0259k ki,\u00a0Kelloq Donald Tramp\u0131n Ukrayna&hellip;","_links":{"self":[{"href":"https:\/\/arantv.az\/index.php?rest_route=\/wp\/v2\/posts\/789046"}],"collection":[{"href":"https:\/\/arantv.az\/index.php?rest_route=\/wp\/v2\/posts"}],"about":[{"href":"https:\/\/arantv.az\/index.php?rest_route=\/wp\/v2\/types\/post"}],"author":[{"embeddable":true,"href":"https:\/\/arantv.az\/index.php?rest_route=\/wp\/v2\/users\/2"}],"replies":[{"embeddable":true,"href":"https:\/\/arantv.az\/index.php?rest_route=%2Fwp%2Fv2%2Fcomments&post=789046"}],"version-history":[{"count":1,"href":"https:\/\/arantv.az\/index.php?rest_route=\/wp\/v2\/posts\/789046\/revisions"}],"predecessor-version":[{"id":789048,"href":"https:\/\/arantv.az\/index.php?rest_route=\/wp\/v2\/posts\/789046\/revisions\/789048"}],"wp:featuredmedia":[{"embeddable":true,"href":"https:\/\/arantv.az\/index.php?rest_route=\/wp\/v2\/media\/789047"}],"wp:attachment":[{"href":"https:\/\/arantv.az\/index.php?rest_route=%2Fwp%2Fv2%2Fmedia&parent=789046"}],"wp:term":[{"taxonomy":"category","embeddable":true,"href":"https:\/\/arantv.az\/index.php?rest_route=%2Fwp%2Fv2%2Fcategories&post=789046"},{"taxonomy":"post_tag","embeddable":true,"href":"https:\/\/arantv.az\/index.php?rest_route=%2Fwp%2Fv2%2Ftags&post=789046"}],"curies":[{"name":"wp","href":"https:\/\/api.w.org\/{rel}","templated":true}]}}