{"id":789059,"date":"2025-02-20T20:53:57","date_gmt":"2025-02-20T16:53:57","guid":{"rendered":"https:\/\/arantv.az\/?p=789059"},"modified":"2025-02-20T20:53:57","modified_gmt":"2025-02-20T16:53:57","slug":"turkiy%c9%99-v%c9%99-erm%c9%99nistan-numay%c9%99nd%c9%99l%c9%99ri-munasib%c9%99tl%c9%99rin-normallasmasini-muzakir%c9%99-edib","status":"publish","type":"post","link":"https:\/\/arantv.az\/?p=789059","title":{"rendered":"T\u00fcrkiy\u0259 v\u0259 Erm\u0259nistan n\u00fcmay\u0259nd\u0259l\u0259ri m\u00fcnasib\u0259tl\u0259rin normalla\u015fmas\u0131n\u0131 m\u00fczakir\u0259 edib"},"content":{"rendered":"<p><strong>T\u00fcrkiy\u0259 v\u0259 Erm\u0259nistan\u0131n n\u00fcmay\u0259nd\u0259l\u0259ri Vyanada iki \u00f6lk\u0259 aras\u0131nda m\u00fcnasib\u0259tl\u0259rin normalla\u015fmas\u0131n\u0131 m\u00fczakir\u0259 edibl\u0259r.<\/strong><\/p>\n<p>G\u00f6r\u00fc\u015f AT\u018fT-in Parlament Assambleyas\u0131n\u0131n 20-ci Q\u0131\u015f Sessiyas\u0131 \u00e7\u0259r\u00e7iv\u0259sind\u0259 ba\u015f tutub.<\/p>\n<p>T\u0259r\u0259fl\u0259rin g\u00f6r\u00fc\u015f\u00fcnd\u0259 regional n\u0259qliyyat-kommunikasiyalar\u0131n\u0131n a\u00e7\u0131lmas\u0131 m\u0259s\u0259l\u0259si d\u0259 n\u0259z\u0259rd\u0259n ke\u00e7irilib.\\\\APA<\/p>\n","protected":false},"excerpt":{"rendered":"<p>T\u00fcrkiy\u0259 v\u0259 Erm\u0259nistan\u0131n n\u00fcmay\u0259nd\u0259l\u0259ri Vyanada iki \u00f6lk\u0259 aras\u0131nda m\u00fcnasib\u0259tl\u0259rin normalla\u015fmas\u0131n\u0131 m\u00fczakir\u0259 edibl\u0259r. G\u00f6r\u00fc\u015f AT\u018fT-in Parlament Assambleyas\u0131n\u0131n 20-ci Q\u0131\u015f Sessiyas\u0131 \u00e7\u0259r\u00e7iv\u0259sind\u0259 ba\u015f tutub. T\u0259r\u0259fl\u0259rin g\u00f6r\u00fc\u015f\u00fcnd\u0259 regional n\u0259qliyyat-kommunikasiyalar\u0131n\u0131n a\u00e7\u0131lmas\u0131 m\u0259s\u0259l\u0259si d\u0259 n\u0259z\u0259rd\u0259n ke\u00e7irilib.\\\\APA<\/p>\n","protected":false},"author":2,"featured_media":789060,"comment_status":"closed","ping_status":"closed","sticky":false,"template":"","format":"standard","meta":{"om_disable_all_campaigns":false,"_monsterinsights_skip_tracking":false,"_monsterinsights_sitenote_active":false,"_monsterinsights_sitenote_note":"","_monsterinsights_sitenote_category":0},"categories":[4],"tags":[],"aioseo_notices":[],"gutentor_comment":0,"rttpg_featured_image_url":{"full":["https:\/\/arantv.az\/wp-content\/uploads\/2025\/02\/0331176f1cdfbd70f5afabd38a5b398c.jpg",870,500,false],"landscape":["https:\/\/arantv.az\/wp-content\/uploads\/2025\/02\/0331176f1cdfbd70f5afabd38a5b398c.jpg",870,500,false],"portraits":["https:\/\/arantv.az\/wp-content\/uploads\/2025\/02\/0331176f1cdfbd70f5afabd38a5b398c.jpg",870,500,false],"thumbnail":["https:\/\/arantv.az\/wp-content\/uploads\/2025\/02\/0331176f1cdfbd70f5afabd38a5b398c-500x280.jpg",500,280,true],"medium":["https:\/\/arantv.az\/wp-content\/uploads\/2025\/02\/0331176f1cdfbd70f5afabd38a5b398c-635x365.jpg",635,365,true],"large":["https:\/\/arantv.az\/wp-content\/uploads\/2025\/02\/0331176f1cdfbd70f5afabd38a5b398c-840x483.jpg",640,368,true],"1536x1536":["https:\/\/arantv.az\/wp-content\/uploads\/2025\/02\/0331176f1cdfbd70f5afabd38a5b398c.jpg",870,500,false],"2048x2048":["https:\/\/arantv.az\/wp-content\/uploads\/2025\/02\/0331176f1cdfbd70f5afabd38a5b398c.jpg",870,500,false],"post-thumbnail":["https:\/\/arantv.az\/wp-content\/uploads\/2025\/02\/0331176f1cdfbd70f5afabd38a5b398c-240x172.jpg",240,172,true],"advps-thumb-one":["https:\/\/arantv.az\/wp-content\/uploads\/2025\/02\/0331176f1cdfbd70f5afabd38a5b398c.jpg",870,500,false]},"rttpg_author":{"display_name":"V\u00fcsal Rafiqo\u011flu","author_link":"https:\/\/arantv.az\/?author=2"},"rttpg_comment":0,"rttpg_category":"<a href=\"https:\/\/arantv.az\/?cat=4\" rel=\"category\">Siyas\u0259t<\/a>","rttpg_excerpt":"T\u00fcrkiy\u0259 v\u0259 Erm\u0259nistan\u0131n n\u00fcmay\u0259nd\u0259l\u0259ri Vyanada iki \u00f6lk\u0259 aras\u0131nda m\u00fcnasib\u0259tl\u0259rin normalla\u015fmas\u0131n\u0131 m\u00fczakir\u0259 edibl\u0259r. G\u00f6r\u00fc\u015f AT\u018fT-in Parlament Assambleyas\u0131n\u0131n 20-ci Q\u0131\u015f Sessiyas\u0131 \u00e7\u0259r\u00e7iv\u0259sind\u0259 ba\u015f tutub. T\u0259r\u0259fl\u0259rin g\u00f6r\u00fc\u015f\u00fcnd\u0259 regional n\u0259qliyyat-kommunikasiyalar\u0131n\u0131n a\u00e7\u0131lmas\u0131 m\u0259s\u0259l\u0259si d\u0259 n\u0259z\u0259rd\u0259n ke\u00e7irilib.\\\\APA","_links":{"self":[{"href":"https:\/\/arantv.az\/index.php?rest_route=\/wp\/v2\/posts\/789059"}],"collection":[{"href":"https:\/\/arantv.az\/index.php?rest_route=\/wp\/v2\/posts"}],"about":[{"href":"https:\/\/arantv.az\/index.php?rest_route=\/wp\/v2\/types\/post"}],"author":[{"embeddable":true,"href":"https:\/\/arantv.az\/index.php?rest_route=\/wp\/v2\/users\/2"}],"replies":[{"embeddable":true,"href":"https:\/\/arantv.az\/index.php?rest_route=%2Fwp%2Fv2%2Fcomments&post=789059"}],"version-history":[{"count":1,"href":"https:\/\/arantv.az\/index.php?rest_route=\/wp\/v2\/posts\/789059\/revisions"}],"predecessor-version":[{"id":789061,"href":"https:\/\/arantv.az\/index.php?rest_route=\/wp\/v2\/posts\/789059\/revisions\/789061"}],"wp:featuredmedia":[{"embeddable":true,"href":"https:\/\/arantv.az\/index.php?rest_route=\/wp\/v2\/media\/789060"}],"wp:attachment":[{"href":"https:\/\/arantv.az\/index.php?rest_route=%2Fwp%2Fv2%2Fmedia&parent=789059"}],"wp:term":[{"taxonomy":"category","embeddable":true,"href":"https:\/\/arantv.az\/index.php?rest_route=%2Fwp%2Fv2%2Fcategories&post=789059"},{"taxonomy":"post_tag","embeddable":true,"href":"https:\/\/arantv.az\/index.php?rest_route=%2Fwp%2Fv2%2Ftags&post=789059"}],"curies":[{"name":"wp","href":"https:\/\/api.w.org\/{rel}","templated":true}]}}