{"id":789063,"date":"2025-02-21T08:21:36","date_gmt":"2025-02-21T04:21:36","guid":{"rendered":"https:\/\/arantv.az\/?p=789063"},"modified":"2025-02-21T08:21:36","modified_gmt":"2025-02-21T04:21:36","slug":"ir%c9%99vanin-u-donusu","status":"publish","type":"post","link":"https:\/\/arantv.az\/?p=789063","title":{"rendered":"\u0130r\u0259van\u0131n \u201cU\u201d d\u00f6n\u00fc\u015f\u00fc"},"content":{"rendered":"<p><strong>Erm\u0259nistan\u0131n \u201cq\u0259rbp\u0259r\u0259st\u201d hakimiyy\u0259ti Ukraynada ba\u015f ver\u0259nl\u0259rd\u0259n d\u0259rs g\u00f6t\u00fcr\u00fcr; deputat: \u201c\u018fg\u0259r AB\u015e-la s\u00f6vd\u0259l\u0259\u015fm\u0259d\u0259 Moskvaya bu regionda h\u0259r\u0259k\u0259t s\u0259rb\u0259stliyi verils\u0259&#8230;\u201d<\/strong><\/p>\n<p>Rusiya-Erm\u0259nistan m\u00fcnasib\u0259tl\u0259rind\u0259 maraql\u0131 gerid\u00f6n\u00fc\u015f m\u00fc\u015fahid\u0259 edilm\u0259kd\u0259dir. Son g\u00fcnl\u0259r\u0259d\u0259k \u00f6z\u00fcn\u00fc Q\u0259rb\u0259 inteqrasiya ed\u0259n, NATO-ya, Avropa \u0130ttifaq\u0131na \u00fczvl\u00fcy\u0259 can atan \u00f6lk\u0259 kimi s\u0131r\u0131ma\u011fa \u00e7al\u0131\u015fan Erm\u0259nistan Rusiya-Ukrayna c\u0259bh\u0259sind\u0259ki v\u0259ziyy\u0259tin fonunda cildini d\u0259yi\u015fm\u0259kd\u0259dir.<\/p>\n<p>\u00d6t\u0259n ay AB\u015e-la strateji t\u0259r\u0259fda\u015fl\u0131q xartiyas\u0131n\u0131 imzalayan, Avropa \u0130ttifaq\u0131na \u00fczvl\u00fckl\u0259 ba\u011fl\u0131 h\u00fcquqi prosedurlar\u0131 i\u015f\u0259 salan Erm\u0259nistan\u0131n Rusiyaya boylanma\u011fa ba\u015flamas\u0131 \u00e7ox \u015fey deyir. \u00d6z\u00fc d\u0259 maraql\u0131s\u0131 budur ki, Erm\u0259nistan\u0131n iqtidar\u0131 v\u0259 m\u00fcxalif\u0259ti Rusiyaya yax\u0131nla\u015fmaq \u00fc\u00e7\u00fcn sanki yar\u0131\u015fa \u00e7\u0131x\u0131blar.<\/p>\n<p>Fevral\u0131n 18-d\u0259 Erm\u0259nistan\u0131n ilk prezidenti Levon Ter-Petrosyan (1991-1998-ci ill\u0259r) Rusiyan\u0131n Erm\u0259nistandak\u0131 s\u0259firi Sergey Kop\u0131rkinl\u0259 \u00f6z\u0259l rezidensiyas\u0131nda g\u00f6r\u00fc\u015f\u00fcb. Erm\u0259nistan\u0131n \u201c\u0130ravunk\u201d q\u0259zeti yaz\u0131r ki, ke\u00e7mi\u015f prezidentin bu f\u0259aliyy\u0259ti Erm\u0259nistan\u0131n ba\u015f naziri Nikol Pa\u015finyan\u0131n \u015f\u0259xsi xahi\u015fi il\u0259 ba\u015f tutub. Pa\u015finyan Ter-Petrosyan\u0131n vasit\u0259\u00e7iliyi il\u0259 \u00f6lk\u0259sinin Rusiya il\u0259 \u0259laq\u0259l\u0259rini yax\u015f\u0131la\u015fd\u0131rma\u011fa \u00e7al\u0131\u015f\u0131r. M\u0259nb\u0259l\u0259rin m\u0259lumat\u0131na g\u00f6r\u0259, Rusiya Pa\u015finyan v\u0259 onun z\u0259d\u0259l\u0259nmi\u015f n\u00fcfuzunun qorunmas\u0131 \u00fc\u00e7\u00fcn iki \u015f\u0259rt ir\u0259li s\u00fcr\u00fcb: Kollektiv T\u0259hl\u00fck\u0259sizlik M\u00fcqavil\u0259si T\u0259\u015fkilat\u0131ndan \u00e7\u0131xmaqla ba\u011fl\u0131 h\u0259ll olunmam\u0131\u015f m\u0259s\u0259l\u0259nin ba\u011flanmas\u0131, Rusiya il\u0259 \u201cd\u0259mir yolu idar\u0259\u00e7iliyi\u201d m\u0259s\u0259l\u0259sind\u0259 qar\u015f\u0131l\u0131ql\u0131 q\u0259bul edil\u0259 bil\u0259n variantlar\u0131n m\u00fczakir\u0259sin\u0259 ba\u015flamaq. Bu \u015f\u0259rtl\u0259rin h\u0259yata ke\u00e7irilm\u0259si Pa\u015finyan \u00fc\u00e7\u00fcn Rusiya il\u0259 m\u00fcnasib\u0259tl\u0259rin d\u00fcz\u0259lm\u0259si v\u0259 i\u00e7 siyas\u0259td\u0259 v\u0259ziyy\u0259tin sabitl\u0259\u015fm\u0259si bax\u0131m\u0131ndan \u0259h\u0259miyy\u0259tli ola bil\u0259r. X\u00fcsusil\u0259 d\u0259 eks-prezident K\u00f6\u00e7\u0259ryan\u0131n son g\u00fcnl\u0259r ortaya \u00e7\u0131xmas\u0131 v\u0259 ba\u015f nazir olmaq ist\u0259yi bar\u0259d\u0259 iddialar\u0131n fonunda m\u00fcxt\u0259lif t\u0259xminl\u0259r ayaq a\u00e7\u0131b yeriyir.<\/p>\n<p><strong>G\u00f6r\u00fcn\u0259n budur ki, Rusiyan\u0131n Ukraynada \u00fcst\u00fcn m\u00f6vqed\u0259 olmas\u0131 Pa\u015finyan\u0131 Moskvaya az tutma\u011fa vadar edir. \u00dcmumil\u0259\u015fdirs\u0259k, Erm\u0259nistan\u0131n \u201cq\u0259rbp\u0259r\u0259st\u201d hakimiyy\u0259ti Ukraynada ba\u015f ver\u0259nl\u0259rd\u0259n d\u0259rs g\u00f6t\u00fcr\u00fcr v\u0259 faktiki olaraq \u0130r\u0259van\u0131n \u201cU\u201d d\u00f6n\u00fc\u015f\u00fcn\u00fc m\u00fc\u015fahid\u0259 etm\u0259kd\u0259yik.<\/strong><\/p>\n<p><strong><img src=\"https:\/\/files.modern.az\/articles\/2024\/07\/18\/1721296991_ca11ca25-eab8-3c62-98e5-9d5c033ed0c8_850.jpg\" alt=\"Deputat Sahib Al\u0131yev se\u00e7ki dair\u0259sini d\u0259yi\u015fdi\" \/><\/strong><\/p>\n<p><strong>Sahib Al\u0131yev\u00a0<\/strong><\/p>\n<p>Deputat Sahib Al\u0131yev \u201cYeni M\u00fcsavat\u201da a\u00e7\u0131qlamas\u0131nda maraql\u0131 m\u0259qamlara diqq\u0259t \u00e7\u0259kdi: \u201c\u018fg\u0259r Rusiya v\u0259 \u0130ran\u0131n Pa\u015finyana \u00e7atd\u0131rmaq ist\u0259dikl\u0259ri n\u0259s\u0259 varsa, daha uy\u011fun adamlar v\u0259 kanallar ola-ola bunu niy\u0259 Levon Ter-Petrosyan\u0131n vasit\u0259\u00e7iliyi il\u0259 etm\u0259lidirl\u0259r? Pa\u015finyan\u0131n Moskvaya \u00fcz tutmas\u0131na g\u0259ldikd\u0259, o, b\u0259y\u0259m Moskvadan \u00fcz d\u00f6nd\u0259rmi\u015fdi ki? KTMT-d\u0259 f\u0259aliyy\u0259tl\u0259rini &#8220;dondurmalar\u0131n\u0131&#8221; n\u0259z\u0259r\u0259 almasaq, Erm\u0259nistan hakimiyy\u0259ti indiy\u0259 q\u0259d\u0259r Rusiyaya qar\u015f\u0131 \u00f6n\u0259mli say\u0131lacaq hans\u0131 add\u0131m at\u0131b? V\u0259 Erm\u0259nistan\u0131n h\u0259min KTMT-d\u0259 rolu n\u0259 idi ki, orada f\u0259aliyy\u0259tini \u201cdondurmas\u0131\u201d \u00e7ox da ciddiy\u0259 al\u0131ns\u0131n? Ona g\u00f6r\u0259 d\u0259 burada diqq\u0259t yetirilm\u0259li olan, bu g\u00f6r\u00fc\u015f haqda Erm\u0259nistanda n\u0259 yaz\u0131ld\u0131\u011f\u0131 yox, \u0130ran v\u0259 Rusiya s\u0259firl\u0259rinin nasist ideologiyas\u0131n\u0131n da\u015f\u0131y\u0131c\u0131s\u0131 oldu\u011fu, m\u0259lum video il\u0259 if\u015fa edil\u0259n Levon Ter-Petrosyanla niy\u0259 m\u0259hz indi g\u00f6r\u00fc\u015fm\u0259l\u0259ridir. H\u0259min ideologiyaya xidm\u0259t ed\u0259nl\u0259rin, 600 ildir ki, t\u00fcrkl\u0259r\u0259 qar\u015f\u0131 kinl\u0259 b\u0259sl\u0259n\u0259nl\u0259rin yen\u0259 yan\u0131nda olduqlar\u0131n\u0131, onlara \u201ch\u0259rt\u0259r\u0259fli strateji t\u0259r\u0259fda\u015f\u201d olaraq d\u0259st\u0259k ver\u0259c\u0259kl\u0259rini s\u0259rgil\u0259m\u0259k \u00fc\u00e7\u00fcnm\u00fc?&#8221;<\/p>\n<p>S.Al\u0131yev qeyd etdi ki,\u00a0 bu g\u00f6r\u00fc\u015f\u0259 Qaraba\u011f\u0131n uydurma \u201crus icmas\u0131\u201dn\u0131n Moskadak\u0131 y\u0131\u011f\u0131nca\u011f\u0131n\u0131n, h\u0259rbi cinay\u0259tkar Robert K\u00f6\u00e7\u0259ryan\u0131n dilind\u0259n tezisl\u0259rin s\u0259sl\u0259ndirilm\u0259sinin davam\u0131 kimi bax\u0131r: \u201cK\u00f6\u00e7\u0259ryan n\u0259 deyirdi? Deyirdi ki, Az\u0259rbaycanla dan\u0131\u015f\u0131qlar ikit\u0259r\u0259fli formatda yox, \u00fc\u00e7t\u0259r\u0259fli formatda y\u0259ni Moskvan\u0131n i\u015ftirak\u0131 il\u0259 apar\u0131lmal\u0131, Minsk Qrupu burax\u0131lmamal\u0131 v\u0259 Pa\u015finyan anti-Rusiya ritorikas\u0131n\u0131 dayand\u0131rmal\u0131d\u0131r. Daha d\u0259qiqi, bunu yenid\u0259n Rusiyaya a\u00e7\u0131q \u015f\u0259kild\u0259 tost dem\u0259k v\u0259 yalvarmaqla \u0259v\u0259zl\u0259m\u0259lidir. \u018fg\u0259r AB\u015e-la s\u00f6vd\u0259l\u0259\u015fm\u0259d\u0259 Moskvaya bu regionda h\u0259r\u0259k\u0259t s\u0259rb\u0259stliyi verils\u0259, Pa\u015finyan el\u0259 bel\u0259 d\u0259 h\u0259r\u0259k\u0259t ed\u0259c\u0259k. Verilm\u0259s\u0259, yen\u0259 anti-Rusiya ritorikas\u0131n\u0131 davam etdirm\u0259kl\u0259 indi yeritdiyi siyas\u0259ti s\u00fcrd\u00fcr\u0259c\u0259k. Y\u0259ni o, Moskvan\u0131n b\u0259lli s\u0259b\u0259bl\u0259rd\u0259n indi ver\u0259 bilm\u0259diyi d\u0259st\u0259yi dig\u0259rl\u0259rininkil\u0259rl\u0259 kompensasiya etm\u0259y\u0259 v\u0259 Rusiyan\u0131n t\u0259sir dair\u0259sind\u0259 qalmaqla yen\u0259 d\u0259 onun maraqlar\u0131na cavab ver\u0259n add\u0131mlar atma\u011fa \u00e7al\u0131\u015facaq\u201d.<\/p>\n<p><img src=\"https:\/\/hurriyyet.az\/frontend\/uploads\/miles\/mehemmed%20esedullazadeee.jpg\" alt=\"Art\u0131q Tehranda s\u0259firliyimizin a\u00e7\u0131lmas\u0131 g\u00f6zl\u0259nilmir&quot; - M\u018fH\u018fMM\u018fD \u018fS\u018fDULLAZAD\u018f\" \/><\/p>\n<p><strong>M\u0259h\u0259mm\u0259d \u018fs\u0259dullazad\u0259<\/strong><\/p>\n<p><strong>Siyasi \u015f\u0259rh\u00e7i M\u0259h\u0259mm\u0259d \u018fs\u0259dullazad\u0259 bildirdi ki, AB\u015e v\u0259 Rusiya aras\u0131nda ba\u015f tutan dan\u0131\u015f\u0131qlar v\u0259 Ukrayna m\u00fcharib\u0259sind\u0259 m\u00fc\u0259yy\u0259n raz\u0131la\u015fmalar beyn\u0259lxalq siyasi nizam\u0131 k\u00f6kl\u00fc \u015f\u0259kild\u0259 d\u0259yi\u015fir: \u201cDonald Tramp\u0131n xarici yard\u0131mlar\u0131 dayand\u0131rmas\u0131 strateji m\u00fctt\u0259fiql\u0259rl\u0259 \u0259laq\u0259l\u0259rd\u0259 siyasi b\u00f6hran yaranmas\u0131 il\u0259 m\u00fc\u015fayi\u0259t olunur. Erm\u0259nistan AB\u015e-la strateji t\u0259r\u0259fda\u015fl\u0131q xartiyas\u0131 imzalay\u0131b, h\u0259m\u00e7inin Avropa v\u0259 AB\u015e-la \u0259m\u0259kda\u015fl\u0131q imkanlar\u0131n\u0131 geni\u015fl\u0259ndirirdi. Amma prosesl\u0259r d\u0259yi\u015fib. Rusiya beyn\u0259lxalq izolyasiyadan \u00e7\u0131x\u0131r. Bu da Erm\u0259nistan\u0131 \u00e7\u0259tin v\u0259ziyy\u0259tl\u0259 \u00fczl\u0259\u015fdirib. AB\u015e Erm\u0259nistana \u0259h\u0259miyy\u0259t vermir. Avropa \u00f6z probleml\u0259ri il\u0259 ba\u015f-ba\u015fa qal\u0131b. Nikol Pa\u015finyan Rusiya il\u0259 iqtisadi \u0259laq\u0259l\u0259ri davam etdirm\u0259k v\u0259 m\u00fc\u0259yy\u0259n reveranslar etm\u0259y\u0259 \u00e7al\u0131\u015f\u0131r. Ke\u00e7mi\u015f prezident Levon Ter-Petrosyan Pa\u015finyan\u0131 ona g\u00f6r\u0259 v\u0259kil tutub ki, Moskva il\u0259 m\u0259s\u0259l\u0259l\u0259ri yoluna qoysun. \u015e\u0259rtl\u0259ri budur ki, m\u00fcxalif\u0259t\u0259 d\u0259st\u0259k vermirs\u0259n. M\u0259n d\u0259 Rusiyan\u0131n moderator oldu\u011fu t\u0259\u015fkilatlarda qal\u0131ram\u201d. M.\u018fs\u0259dullazad\u0259nin fikrinc\u0259, h\u0259l\u0259 ki bu variant Rusiyan\u0131n maraqlar\u0131na uy\u011fundur: \u201cAmma eks-prezident Robert K\u00f6\u00e7\u0259ryan\u0131n ortaya \u00e7\u0131xmas\u0131 m\u0259hz Rusiyan\u0131n m\u00fc\u0259yy\u0259n q\u0259d\u0259r reabilitasiya olunmas\u0131ndan ir\u0259li g\u0259lir: &#8220;B\u00fct\u00fcn bunlara baxmayaraq, K\u00f6\u00e7\u0259ryan\u0131n qatar\u0131 gedib. Onun n\u00f6vb\u0259ti hakimiyy\u0259t sevdas\u0131 arzu olaraq qalacaq. M\u0259nc\u0259, Nikol Pa\u015finyan indiki v\u0259ziyy\u0259td\u0259 \u00e7al\u0131\u015facaq ki, T\u00fcrkiy\u0259 v\u0259 Az\u0259rbaycanla m\u00fcnasib\u0259tl\u0259ri normalla\u015fd\u0131rs\u0131n. Prosesl\u0259r onun \u0259leyhin\u0259 i\u015fl\u0259yir. Ona g\u00f6r\u0259 d\u0259 \u00f6t\u0259n g\u00fcn real Erm\u0259nistan konsepsiyas\u0131n\u0131 t\u0259qdim ed\u0259r\u0259k konstitusiyan\u0131n d\u0259yi\u015film\u0259sinin vacibliyini vur\u011fulad\u0131. Az\u0259rbaycan v\u0259 T\u00fcrkiy\u0259 il\u0259 normalla\u015fma v\u0259 s\u00fclh\u0259 m\u0259cbur oldu\u011funu mesaj\u0131n\u0131 vermi\u015f oldu. D\u00fc\u015f\u00fcn\u00fcr\u0259m ki, h\u0259r iki \u00f6lk\u0259 il\u0259 m\u00fcnasib\u0259tl\u0259r normalla\u015fsa, Rusiya Erm\u0259nistana ciddi t\u0259zyiql\u0259r ed\u0259 bilm\u0259y\u0259c\u0259k. Yax\u0131n perspektivd\u0259 Nikol Pa\u015finyan Az\u0259rbaycan v\u0259 T\u00fcrkiy\u0259 il\u0259 ba\u011fl\u0131 daha isti mesajlar ver\u0259c\u0259k. M\u00fc\u0259yy\u0259n ir\u0259lil\u0259yi\u015fl\u0259rd\u0259 olacaq. Nikol Pa\u015finyan Rusiyaya etibar etmir&#8221;.<\/strong><\/p>\n<p>Sosial T\u0259dqiqatlar M\u0259rk\u0259zinin ba\u015f m\u00fct\u0259x\u0259ssisi Tural \u0130smay\u0131lov is\u0259 bildirdi ki, faktiki olaraq Erm\u0259nistanda n\u0259 q\u0259d\u0259r soros\u00e7ular at oynatsa da, Erm\u0259nistan h\u0259l\u0259 d\u0259 Rusiyan\u0131n boyunduru\u011fu alt\u0131ndad\u0131r: \u201cErm\u0259nistan Rusiyan\u0131n boyunduru\u011fundan xilas olmaq \u00fc\u00e7\u00fcn m\u00fc\u0259yy\u0259n add\u0131mlar at\u0131r. Haz\u0131rk\u0131 d\u00f6n\u0259md\u0259 Rusiyan\u0131n Erm\u0259nistandan \u00e7\u0131xar\u0131lmas\u0131 haqq\u0131nda s\u00f6hb\u0259t getmir. \u00c7\u00fcnki faktiki olaraq Erm\u0259nistan h\u0259l\u0259 d\u0259 r\u0259smi \u015f\u0259kild\u0259 KTMT-nin \u00fczv\u00fcd\u00fcr v\u0259 h\u0259m\u00e7inin G\u00fcmr\u00fcd\u0259 Rusiyan\u0131n 102-ci h\u0259rbi bazas\u0131 m\u00f6vcuddur. Bu g\u00fcn Rusiya il\u0259 Erm\u0259nistan aras\u0131nda m\u00fcnasib\u0259tl\u0259r z\u0259d\u0259l\u0259ns\u0259 d\u0259, unutmamal\u0131y\u0131q ki, h\u0259l\u0259 d\u0259 Erm\u0259nistan iqtisadiyyat\u0131 Rusiyadan as\u0131l\u0131 v\u0259ziyy\u0259td\u0259dir\u201d. T.\u0130smay\u0131lov konkret r\u0259q\u0259ml\u0259rin Rusiya-Erm\u0259nistan \u0259laq\u0259l\u0259rin\u0259 i\u015f\u0131q sald\u0131\u011f\u0131n\u0131 xat\u0131rlatd\u0131: \u201c\u00d6t\u0259n ilin sonunda a\u00e7\u0131qlanan statistik r\u0259q\u0259ml\u0259rd\u0259n d\u0259 g\u00f6r\u00fcn\u00fcr ki, \u0259slind\u0259 2024-c\u00fc ild\u0259 Rusiya il\u0259 Erm\u0259nistan aras\u0131ndak\u0131 iqtisadi \u0259laq\u0259l\u0259r n\u0259inki geri gedib, \u0259ksin\u0259, inki\u015faf etm\u0259kd\u0259dir. Ona g\u00f6r\u0259 d\u0259 Erm\u0259nistan ba\u015fa d\u00fc\u015f\u00fcr ki, Rusiya il\u0259 tam ba\u011flar\u0131n\u0131 qopara bilm\u0259z. \u00c7\u00fcnki Erm\u0259nistan\u0131n bunun \u00fc\u00e7\u00fcn siyasi m\u00fcst\u0259qilliyi m\u00f6vcud deyil. Eyni zamanda beyn\u0259lxalq m\u00fcnasib\u0259tl\u0259r sistemind\u0259 r\u0259ngl\u0259r d\u0259yi\u015fdikc\u0259 Erm\u0259nistan da elastik davran\u0131r. Pa\u015finyan Tramp\u0131n Rusiyaya pozitiv m\u00f6vqeyi v\u0259 USA\u0130D-in inc\u0259l\u0259nm\u0259si fonunda Moskvaya m\u0259ddahl\u0131q etm\u0259y\u0259 q\u0259rar verib\u201d.<\/p>\n","protected":false},"excerpt":{"rendered":"<p>Erm\u0259nistan\u0131n \u201cq\u0259rbp\u0259r\u0259st\u201d hakimiyy\u0259ti Ukraynada ba\u015f ver\u0259nl\u0259rd\u0259n d\u0259rs g\u00f6t\u00fcr\u00fcr; deputat: \u201c\u018fg\u0259r AB\u015e-la s\u00f6vd\u0259l\u0259\u015fm\u0259d\u0259 Moskvaya bu regionda h\u0259r\u0259k\u0259t s\u0259rb\u0259stliyi verils\u0259&#8230;\u201d Rusiya-Erm\u0259nistan m\u00fcnasib\u0259tl\u0259rind\u0259 maraql\u0131 gerid\u00f6n\u00fc\u015f m\u00fc\u015fahid\u0259 edilm\u0259kd\u0259dir. Son g\u00fcnl\u0259r\u0259d\u0259k \u00f6z\u00fcn\u00fc Q\u0259rb\u0259 inteqrasiya ed\u0259n, NATO-ya, Avropa \u0130ttifaq\u0131na \u00fczvl\u00fcy\u0259 can atan \u00f6lk\u0259 kimi s\u0131r\u0131ma\u011fa \u00e7al\u0131\u015fan Erm\u0259nistan Rusiya-Ukrayna c\u0259bh\u0259sind\u0259ki v\u0259ziyy\u0259tin fonunda cildini d\u0259yi\u015fm\u0259kd\u0259dir. \u00d6t\u0259n ay AB\u015e-la strateji t\u0259r\u0259fda\u015fl\u0131q xartiyas\u0131n\u0131 imzalayan, Avropa \u0130ttifaq\u0131na \u00fczvl\u00fckl\u0259 ba\u011fl\u0131 h\u00fcquqi prosedurlar\u0131 i\u015f\u0259 salan Erm\u0259nistan\u0131n Rusiyaya boylanma\u011fa ba\u015flamas\u0131 \u00e7ox \u015fey deyir. \u00d6z\u00fc d\u0259 maraql\u0131s\u0131 budur ki, Erm\u0259nistan\u0131n iqtidar\u0131 v\u0259 m\u00fcxalif\u0259ti Rusiyaya yax\u0131nla\u015fmaq \u00fc\u00e7\u00fcn sanki yar\u0131\u015fa \u00e7\u0131x\u0131blar. Fevral\u0131n 18-d\u0259 Erm\u0259nistan\u0131n ilk prezidenti Levon&hellip;<\/p>\n","protected":false},"author":2,"featured_media":789064,"comment_status":"closed","ping_status":"closed","sticky":false,"template":"","format":"standard","meta":{"om_disable_all_campaigns":false,"_monsterinsights_skip_tracking":false,"_monsterinsights_sitenote_active":false,"_monsterinsights_sitenote_note":"","_monsterinsights_sitenote_category":0},"categories":[4],"tags":[],"aioseo_notices":[],"gutentor_comment":0,"rttpg_featured_image_url":{"full":["https:\/\/arantv.az\/wp-content\/uploads\/2025\/02\/63e67ed383bbb6a5a4bc450bb536f2fd.jpg",850,500,false],"landscape":["https:\/\/arantv.az\/wp-content\/uploads\/2025\/02\/63e67ed383bbb6a5a4bc450bb536f2fd.jpg",850,500,false],"portraits":["https:\/\/arantv.az\/wp-content\/uploads\/2025\/02\/63e67ed383bbb6a5a4bc450bb536f2fd.jpg",850,500,false],"thumbnail":["https:\/\/arantv.az\/wp-content\/uploads\/2025\/02\/63e67ed383bbb6a5a4bc450bb536f2fd-500x280.jpg",500,280,true],"medium":["https:\/\/arantv.az\/wp-content\/uploads\/2025\/02\/63e67ed383bbb6a5a4bc450bb536f2fd-621x365.jpg",621,365,true],"large":["https:\/\/arantv.az\/wp-content\/uploads\/2025\/02\/63e67ed383bbb6a5a4bc450bb536f2fd-840x494.jpg",640,376,true],"1536x1536":["https:\/\/arantv.az\/wp-content\/uploads\/2025\/02\/63e67ed383bbb6a5a4bc450bb536f2fd.jpg",850,500,false],"2048x2048":["https:\/\/arantv.az\/wp-content\/uploads\/2025\/02\/63e67ed383bbb6a5a4bc450bb536f2fd.jpg",850,500,false],"post-thumbnail":["https:\/\/arantv.az\/wp-content\/uploads\/2025\/02\/63e67ed383bbb6a5a4bc450bb536f2fd-240x172.jpg",240,172,true],"advps-thumb-one":["https:\/\/arantv.az\/wp-content\/uploads\/2025\/02\/63e67ed383bbb6a5a4bc450bb536f2fd.jpg",850,500,false]},"rttpg_author":{"display_name":"V\u00fcsal Rafiqo\u011flu","author_link":"https:\/\/arantv.az\/?author=2"},"rttpg_comment":0,"rttpg_category":"<a href=\"https:\/\/arantv.az\/?cat=4\" rel=\"category\">Siyas\u0259t<\/a>","rttpg_excerpt":"Erm\u0259nistan\u0131n \u201cq\u0259rbp\u0259r\u0259st\u201d hakimiyy\u0259ti Ukraynada ba\u015f ver\u0259nl\u0259rd\u0259n d\u0259rs g\u00f6t\u00fcr\u00fcr; deputat: \u201c\u018fg\u0259r AB\u015e-la s\u00f6vd\u0259l\u0259\u015fm\u0259d\u0259 Moskvaya bu regionda h\u0259r\u0259k\u0259t s\u0259rb\u0259stliyi verils\u0259&#8230;\u201d Rusiya-Erm\u0259nistan m\u00fcnasib\u0259tl\u0259rind\u0259 maraql\u0131 gerid\u00f6n\u00fc\u015f m\u00fc\u015fahid\u0259 edilm\u0259kd\u0259dir. Son g\u00fcnl\u0259r\u0259d\u0259k \u00f6z\u00fcn\u00fc Q\u0259rb\u0259 inteqrasiya ed\u0259n, NATO-ya, Avropa \u0130ttifaq\u0131na \u00fczvl\u00fcy\u0259 can atan \u00f6lk\u0259 kimi s\u0131r\u0131ma\u011fa \u00e7al\u0131\u015fan Erm\u0259nistan Rusiya-Ukrayna c\u0259bh\u0259sind\u0259ki v\u0259ziyy\u0259tin fonunda cildini d\u0259yi\u015fm\u0259kd\u0259dir. \u00d6t\u0259n ay AB\u015e-la strateji t\u0259r\u0259fda\u015fl\u0131q xartiyas\u0131n\u0131 imzalayan, Avropa&hellip;","_links":{"self":[{"href":"https:\/\/arantv.az\/index.php?rest_route=\/wp\/v2\/posts\/789063"}],"collection":[{"href":"https:\/\/arantv.az\/index.php?rest_route=\/wp\/v2\/posts"}],"about":[{"href":"https:\/\/arantv.az\/index.php?rest_route=\/wp\/v2\/types\/post"}],"author":[{"embeddable":true,"href":"https:\/\/arantv.az\/index.php?rest_route=\/wp\/v2\/users\/2"}],"replies":[{"embeddable":true,"href":"https:\/\/arantv.az\/index.php?rest_route=%2Fwp%2Fv2%2Fcomments&post=789063"}],"version-history":[{"count":1,"href":"https:\/\/arantv.az\/index.php?rest_route=\/wp\/v2\/posts\/789063\/revisions"}],"predecessor-version":[{"id":789065,"href":"https:\/\/arantv.az\/index.php?rest_route=\/wp\/v2\/posts\/789063\/revisions\/789065"}],"wp:featuredmedia":[{"embeddable":true,"href":"https:\/\/arantv.az\/index.php?rest_route=\/wp\/v2\/media\/789064"}],"wp:attachment":[{"href":"https:\/\/arantv.az\/index.php?rest_route=%2Fwp%2Fv2%2Fmedia&parent=789063"}],"wp:term":[{"taxonomy":"category","embeddable":true,"href":"https:\/\/arantv.az\/index.php?rest_route=%2Fwp%2Fv2%2Fcategories&post=789063"},{"taxonomy":"post_tag","embeddable":true,"href":"https:\/\/arantv.az\/index.php?rest_route=%2Fwp%2Fv2%2Ftags&post=789063"}],"curies":[{"name":"wp","href":"https:\/\/api.w.org\/{rel}","templated":true}]}}