{"id":789066,"date":"2025-02-21T08:23:31","date_gmt":"2025-02-21T04:23:31","guid":{"rendered":"https:\/\/arantv.az\/?p=789066"},"modified":"2025-02-21T08:23:31","modified_gmt":"2025-02-21T04:23:31","slug":"ady-gucl%c9%99ndirilmis-rejimd%c9%99-f%c9%99aliyy%c9%99t-gost%c9%99rir-qatarlarin-qrafikind%c9%99-d%c9%99yisiklikl%c9%99r-mumkundurfoto","status":"publish","type":"post","link":"https:\/\/arantv.az\/?p=789066","title":{"rendered":"ADY g\u00fccl\u0259ndirilmi\u015f rejimd\u0259 f\u0259aliyy\u0259t g\u00f6st\u0259rir \u2013 Qatarlar\u0131n qrafikind\u0259 d\u0259yi\u015fiklikl\u0259r m\u00fcmk\u00fcnd\u00fcrFOTO"},"content":{"rendered":"<p><em><strong>ARANTV.AZ x\u0259b\u0259r verir ki, \u201cAz\u0259rbaycan D\u0259mir Yollar\u0131\u201d QSC (ADY) \u00f6lk\u0259 \u0259razisind\u0259 m\u00fc\u015fahid\u0259 olunan qeyri-sabit hava \u015f\u0259raiti il\u0259 \u0259laq\u0259dar olaraq, h\u0259r\u0259k\u0259tin t\u0259hl\u00fck\u0259sizliyini t\u0259min etm\u0259k m\u0259qs\u0259dil\u0259 g\u00fccl\u0259ndirilmi\u015f i\u015f rejimin\u0259 ke\u00e7ib.<\/strong><\/em><\/p>\n<p>Hava \u015f\u0259raitin\u0259 uy\u011fun olaraq qatarlar\u0131n s\u00fcr\u0259t h\u0259ddi t\u0259nziml\u0259nir, bu da b\u0259zi hallarda qrafikd\u0259n k\u0259nara \u00e7\u0131xmalara s\u0259b\u0259b ola bil\u0259r. Eyni zamanda, ADY-y\u0259 m\u0259xsus xidm\u0259t sah\u0259l\u0259rind\u0259 qar\u0131n t\u0259mizl\u0259nm\u0259si, platforma v\u0259 ke\u00e7idl\u0259r\u0259 texniki duz s\u0259pilm\u0259si, s\u00fcr\u00fc\u015fk\u0259n yerl\u0259rd\u0259 s\u0259rni\u015finl\u0259rin rahat h\u0259r\u0259k\u0259ti \u00fc\u00e7\u00fcn x\u00fcsusi \u00f6rt\u00fckl\u00fc c\u0131\u011f\u0131rlar\u0131n sal\u0131nmas\u0131 h\u0259yata ke\u00e7irilir.<\/p>\n<p>T\u0259mizl\u0259m\u0259 i\u015fl\u0259ri t\u0259kc\u0259 paytaxtda deyil, Bak\u0131\u0259traf\u0131 v\u0259 regionlardak\u0131 platforma v\u0259 stansiyalarda da apar\u0131l\u0131r. Qabaqlay\u0131c\u0131 t\u0259dbirl\u0259r gec\u0259 saatlar\u0131ndan etibar\u0259n intensiv \u015f\u0259kild\u0259 icra olunur.<\/p>\n<p>S\u0259rni\u015finl\u0259rd\u0259n platformalarda h\u0259r\u0259k\u0259t ed\u0259rk\u0259n ehtiyatl\u0131 olmalar\u0131 v\u0259 d\u0259miryol x\u0259tl\u0259rini yaln\u0131z m\u00fcvafiq ke\u00e7idl\u0259rd\u0259n istifad\u0259 ed\u0259r\u0259k ke\u00e7m\u0259l\u0259ri xahi\u015f olunur.<\/p>\n","protected":false},"excerpt":{"rendered":"<p>ARANTV.AZ x\u0259b\u0259r verir ki, \u201cAz\u0259rbaycan D\u0259mir Yollar\u0131\u201d QSC (ADY) \u00f6lk\u0259 \u0259razisind\u0259 m\u00fc\u015fahid\u0259 olunan qeyri-sabit hava \u015f\u0259raiti il\u0259 \u0259laq\u0259dar olaraq, h\u0259r\u0259k\u0259tin t\u0259hl\u00fck\u0259sizliyini t\u0259min etm\u0259k m\u0259qs\u0259dil\u0259 g\u00fccl\u0259ndirilmi\u015f i\u015f rejimin\u0259 ke\u00e7ib. Hava \u015f\u0259raitin\u0259 uy\u011fun olaraq qatarlar\u0131n s\u00fcr\u0259t h\u0259ddi t\u0259nziml\u0259nir, bu da b\u0259zi hallarda qrafikd\u0259n k\u0259nara \u00e7\u0131xmalara s\u0259b\u0259b ola bil\u0259r. Eyni zamanda, ADY-y\u0259 m\u0259xsus xidm\u0259t sah\u0259l\u0259rind\u0259 qar\u0131n t\u0259mizl\u0259nm\u0259si, platforma v\u0259 ke\u00e7idl\u0259r\u0259 texniki duz s\u0259pilm\u0259si, s\u00fcr\u00fc\u015fk\u0259n yerl\u0259rd\u0259 s\u0259rni\u015finl\u0259rin rahat h\u0259r\u0259k\u0259ti \u00fc\u00e7\u00fcn x\u00fcsusi \u00f6rt\u00fckl\u00fc c\u0131\u011f\u0131rlar\u0131n sal\u0131nmas\u0131 h\u0259yata ke\u00e7irilir. T\u0259mizl\u0259m\u0259 i\u015fl\u0259ri t\u0259kc\u0259 paytaxtda deyil, Bak\u0131\u0259traf\u0131 v\u0259 regionlardak\u0131 platforma v\u0259 stansiyalarda da apar\u0131l\u0131r. Qabaqlay\u0131c\u0131 t\u0259dbirl\u0259r gec\u0259 saatlar\u0131ndan etibar\u0259n&hellip;<\/p>\n","protected":false},"author":2,"featured_media":789067,"comment_status":"closed","ping_status":"closed","sticky":false,"template":"","format":"standard","meta":{"om_disable_all_campaigns":false,"_monsterinsights_skip_tracking":false,"_monsterinsights_sitenote_active":false,"_monsterinsights_sitenote_note":"","_monsterinsights_sitenote_category":0},"categories":[1],"tags":[],"aioseo_notices":[],"gutentor_comment":0,"rttpg_featured_image_url":{"full":["https:\/\/arantv.az\/wp-content\/uploads\/2025\/02\/21fb946bb1881c91880c0205c5054d5a.jpg",593,395,false],"landscape":["https:\/\/arantv.az\/wp-content\/uploads\/2025\/02\/21fb946bb1881c91880c0205c5054d5a.jpg",593,395,false],"portraits":["https:\/\/arantv.az\/wp-content\/uploads\/2025\/02\/21fb946bb1881c91880c0205c5054d5a.jpg",593,395,false],"thumbnail":["https:\/\/arantv.az\/wp-content\/uploads\/2025\/02\/21fb946bb1881c91880c0205c5054d5a-500x280.jpg",500,280,true],"medium":["https:\/\/arantv.az\/wp-content\/uploads\/2025\/02\/21fb946bb1881c91880c0205c5054d5a-548x365.jpg",548,365,true],"large":["https:\/\/arantv.az\/wp-content\/uploads\/2025\/02\/21fb946bb1881c91880c0205c5054d5a.jpg",593,395,false],"1536x1536":["https:\/\/arantv.az\/wp-content\/uploads\/2025\/02\/21fb946bb1881c91880c0205c5054d5a.jpg",593,395,false],"2048x2048":["https:\/\/arantv.az\/wp-content\/uploads\/2025\/02\/21fb946bb1881c91880c0205c5054d5a.jpg",593,395,false],"post-thumbnail":["https:\/\/arantv.az\/wp-content\/uploads\/2025\/02\/21fb946bb1881c91880c0205c5054d5a-240x172.jpg",240,172,true],"advps-thumb-one":["https:\/\/arantv.az\/wp-content\/uploads\/2025\/02\/21fb946bb1881c91880c0205c5054d5a.jpg",593,395,false]},"rttpg_author":{"display_name":"V\u00fcsal Rafiqo\u011flu","author_link":"https:\/\/arantv.az\/?author=2"},"rttpg_comment":0,"rttpg_category":"<a href=\"https:\/\/arantv.az\/?cat=1\" rel=\"category\">C\u0259miyy\u0259t<\/a>","rttpg_excerpt":"ARANTV.AZ x\u0259b\u0259r verir ki, \u201cAz\u0259rbaycan D\u0259mir Yollar\u0131\u201d QSC (ADY) \u00f6lk\u0259 \u0259razisind\u0259 m\u00fc\u015fahid\u0259 olunan qeyri-sabit hava \u015f\u0259raiti il\u0259 \u0259laq\u0259dar olaraq, h\u0259r\u0259k\u0259tin t\u0259hl\u00fck\u0259sizliyini t\u0259min etm\u0259k m\u0259qs\u0259dil\u0259 g\u00fccl\u0259ndirilmi\u015f i\u015f rejimin\u0259 ke\u00e7ib. Hava \u015f\u0259raitin\u0259 uy\u011fun olaraq qatarlar\u0131n s\u00fcr\u0259t h\u0259ddi t\u0259nziml\u0259nir, bu da b\u0259zi hallarda qrafikd\u0259n k\u0259nara \u00e7\u0131xmalara s\u0259b\u0259b ola bil\u0259r. Eyni zamanda, ADY-y\u0259 m\u0259xsus xidm\u0259t sah\u0259l\u0259rind\u0259 qar\u0131n t\u0259mizl\u0259nm\u0259si, platforma&hellip;","_links":{"self":[{"href":"https:\/\/arantv.az\/index.php?rest_route=\/wp\/v2\/posts\/789066"}],"collection":[{"href":"https:\/\/arantv.az\/index.php?rest_route=\/wp\/v2\/posts"}],"about":[{"href":"https:\/\/arantv.az\/index.php?rest_route=\/wp\/v2\/types\/post"}],"author":[{"embeddable":true,"href":"https:\/\/arantv.az\/index.php?rest_route=\/wp\/v2\/users\/2"}],"replies":[{"embeddable":true,"href":"https:\/\/arantv.az\/index.php?rest_route=%2Fwp%2Fv2%2Fcomments&post=789066"}],"version-history":[{"count":2,"href":"https:\/\/arantv.az\/index.php?rest_route=\/wp\/v2\/posts\/789066\/revisions"}],"predecessor-version":[{"id":789069,"href":"https:\/\/arantv.az\/index.php?rest_route=\/wp\/v2\/posts\/789066\/revisions\/789069"}],"wp:featuredmedia":[{"embeddable":true,"href":"https:\/\/arantv.az\/index.php?rest_route=\/wp\/v2\/media\/789067"}],"wp:attachment":[{"href":"https:\/\/arantv.az\/index.php?rest_route=%2Fwp%2Fv2%2Fmedia&parent=789066"}],"wp:term":[{"taxonomy":"category","embeddable":true,"href":"https:\/\/arantv.az\/index.php?rest_route=%2Fwp%2Fv2%2Fcategories&post=789066"},{"taxonomy":"post_tag","embeddable":true,"href":"https:\/\/arantv.az\/index.php?rest_route=%2Fwp%2Fv2%2Ftags&post=789066"}],"curies":[{"name":"wp","href":"https:\/\/api.w.org\/{rel}","templated":true}]}}