{"id":789076,"date":"2025-02-21T08:28:18","date_gmt":"2025-02-21T04:28:18","guid":{"rendered":"https:\/\/arantv.az\/?p=789076"},"modified":"2025-02-21T08:28:18","modified_gmt":"2025-02-21T04:28:18","slug":"polis-%c9%99m%c9%99kdaslari-olk%c9%99-boyu-gucl%c9%99ndirilmis-rejimd%c9%99-xidm%c9%99t-aparir","status":"publish","type":"post","link":"https:\/\/arantv.az\/?p=789076","title":{"rendered":"Polis \u0259m\u0259kda\u015flar\u0131 \u00f6lk\u0259 boyu g\u00fccl\u0259ndirilmi\u015f rejimd\u0259 xidm\u0259t apar\u0131r"},"content":{"rendered":"<p>K\u0259skin hava \u015f\u0259raiti il\u0259 \u0259laq\u0259dar olaraq polis \u0259m\u0259kda\u015flar\u0131 t\u0259r\u0259find\u0259n haz\u0131rda z\u0259ruri t\u0259dbirl\u0259r g\u00f6r\u00fcl\u00fcr, fasil\u0259siz xidm\u0259t davam edir.<\/p>\n<p>D\u0130N-in m\u0259tbuat xidm\u0259tind\u0259n\u00a0<a class=\"azertac-link\" href=\"https:\/\/azertag.az\/\" target=\"_blank\" rel=\"noopener\">AZ\u018fRTAC<\/a>-a veril\u0259n m\u0259lumata g\u00f6r\u0259, paytaxtla yana\u015f\u0131 \u00f6lk\u0259 boyu \u015f\u0259h\u0259r v\u0259 rayonlarda, h\u0259m\u00e7inin magistral yollarda g\u00fccl\u0259ndirilmi\u015f rejimd\u0259 xidm\u0259t t\u0259\u015fkil olunub.<\/p>\n<p>Qeyd olunub ki, h\u0259r\u0259k\u0259tin intensiv oldu\u011fu k\u00fc\u00e7\u0259 v\u0259 prospektl\u0259rd\u0259, piyada ke\u00e7idl\u0259rin\u0259 \u0259lav\u0259 polis naryadlar\u0131 c\u0259lb edilib. Dig\u0259r d\u00f6vl\u0259t orqanlar\u0131 il\u0259 birg\u0259 yollar, ni\u015fanlar qardan v\u0259 buzdan t\u0259mizl\u0259nir, yerl\u0259r\u0259 qum v\u0259 duz s\u0259pilir. S\u00fcr\u00fcc\u00fc v\u0259 piyadalar\u0131n m\u0259nzil ba\u015f\u0131na t\u0259hl\u00fck\u0259siz \u015f\u0259raitd\u0259 \u00e7atmas\u0131 t\u0259min edilir.<\/p>\n<p>V\u0259t\u0259nda\u015flardan daxil olan m\u00fcraci\u0259tl\u0259r\u0259 \u00e7evik reaksiya verilir, b\u00fct\u00fcn k\u00f6m\u0259klikl\u0259r g\u00f6st\u0259rilir.<\/p>\n<p>Bu istiqam\u0259td\u0259 i\u015fl\u0259r fasil\u0259siz olaraq davam etdirilir.<\/p>\n","protected":false},"excerpt":{"rendered":"<p>K\u0259skin hava \u015f\u0259raiti il\u0259 \u0259laq\u0259dar olaraq polis \u0259m\u0259kda\u015flar\u0131 t\u0259r\u0259find\u0259n haz\u0131rda z\u0259ruri t\u0259dbirl\u0259r g\u00f6r\u00fcl\u00fcr, fasil\u0259siz xidm\u0259t davam edir. D\u0130N-in m\u0259tbuat xidm\u0259tind\u0259n\u00a0AZ\u018fRTAC-a veril\u0259n m\u0259lumata g\u00f6r\u0259, paytaxtla yana\u015f\u0131 \u00f6lk\u0259 boyu \u015f\u0259h\u0259r v\u0259 rayonlarda, h\u0259m\u00e7inin magistral yollarda g\u00fccl\u0259ndirilmi\u015f rejimd\u0259 xidm\u0259t t\u0259\u015fkil olunub. Qeyd olunub ki, h\u0259r\u0259k\u0259tin intensiv oldu\u011fu k\u00fc\u00e7\u0259 v\u0259 prospektl\u0259rd\u0259, piyada ke\u00e7idl\u0259rin\u0259 \u0259lav\u0259 polis naryadlar\u0131 c\u0259lb edilib. Dig\u0259r d\u00f6vl\u0259t orqanlar\u0131 il\u0259 birg\u0259 yollar, ni\u015fanlar qardan v\u0259 buzdan t\u0259mizl\u0259nir, yerl\u0259r\u0259 qum v\u0259 duz s\u0259pilir. S\u00fcr\u00fcc\u00fc v\u0259 piyadalar\u0131n m\u0259nzil ba\u015f\u0131na t\u0259hl\u00fck\u0259siz \u015f\u0259raitd\u0259 \u00e7atmas\u0131 t\u0259min edilir. V\u0259t\u0259nda\u015flardan daxil olan m\u00fcraci\u0259tl\u0259r\u0259 \u00e7evik reaksiya verilir, b\u00fct\u00fcn k\u00f6m\u0259klikl\u0259r g\u00f6st\u0259rilir.&hellip;<\/p>\n","protected":false},"author":2,"featured_media":789077,"comment_status":"closed","ping_status":"closed","sticky":false,"template":"","format":"standard","meta":{"om_disable_all_campaigns":false,"_monsterinsights_skip_tracking":false,"_monsterinsights_sitenote_active":false,"_monsterinsights_sitenote_note":"","_monsterinsights_sitenote_category":0},"categories":[1],"tags":[],"aioseo_notices":[],"gutentor_comment":0,"rttpg_featured_image_url":{"full":["https:\/\/arantv.az\/wp-content\/uploads\/2025\/02\/17400865651747037798_1200x630.jpeg",840,630,false],"landscape":["https:\/\/arantv.az\/wp-content\/uploads\/2025\/02\/17400865651747037798_1200x630.jpeg",840,630,false],"portraits":["https:\/\/arantv.az\/wp-content\/uploads\/2025\/02\/17400865651747037798_1200x630.jpeg",840,630,false],"thumbnail":["https:\/\/arantv.az\/wp-content\/uploads\/2025\/02\/17400865651747037798_1200x630-500x280.jpeg",500,280,true],"medium":["https:\/\/arantv.az\/wp-content\/uploads\/2025\/02\/17400865651747037798_1200x630-487x365.jpeg",487,365,true],"large":["https:\/\/arantv.az\/wp-content\/uploads\/2025\/02\/17400865651747037798_1200x630.jpeg",640,480,false],"1536x1536":["https:\/\/arantv.az\/wp-content\/uploads\/2025\/02\/17400865651747037798_1200x630.jpeg",840,630,false],"2048x2048":["https:\/\/arantv.az\/wp-content\/uploads\/2025\/02\/17400865651747037798_1200x630.jpeg",840,630,false],"post-thumbnail":["https:\/\/arantv.az\/wp-content\/uploads\/2025\/02\/17400865651747037798_1200x630-240x172.jpeg",240,172,true],"advps-thumb-one":["https:\/\/arantv.az\/wp-content\/uploads\/2025\/02\/17400865651747037798_1200x630-840x620.jpeg",840,620,true]},"rttpg_author":{"display_name":"V\u00fcsal Rafiqo\u011flu","author_link":"https:\/\/arantv.az\/?author=2"},"rttpg_comment":0,"rttpg_category":"<a href=\"https:\/\/arantv.az\/?cat=1\" rel=\"category\">C\u0259miyy\u0259t<\/a>","rttpg_excerpt":"K\u0259skin hava \u015f\u0259raiti il\u0259 \u0259laq\u0259dar olaraq polis \u0259m\u0259kda\u015flar\u0131 t\u0259r\u0259find\u0259n haz\u0131rda z\u0259ruri t\u0259dbirl\u0259r g\u00f6r\u00fcl\u00fcr, fasil\u0259siz xidm\u0259t davam edir. D\u0130N-in m\u0259tbuat xidm\u0259tind\u0259n\u00a0AZ\u018fRTAC-a veril\u0259n m\u0259lumata g\u00f6r\u0259, paytaxtla yana\u015f\u0131 \u00f6lk\u0259 boyu \u015f\u0259h\u0259r v\u0259 rayonlarda, h\u0259m\u00e7inin magistral yollarda g\u00fccl\u0259ndirilmi\u015f rejimd\u0259 xidm\u0259t t\u0259\u015fkil olunub. Qeyd olunub ki, h\u0259r\u0259k\u0259tin intensiv oldu\u011fu k\u00fc\u00e7\u0259 v\u0259 prospektl\u0259rd\u0259, piyada ke\u00e7idl\u0259rin\u0259 \u0259lav\u0259 polis naryadlar\u0131 c\u0259lb edilib. Dig\u0259r&hellip;","_links":{"self":[{"href":"https:\/\/arantv.az\/index.php?rest_route=\/wp\/v2\/posts\/789076"}],"collection":[{"href":"https:\/\/arantv.az\/index.php?rest_route=\/wp\/v2\/posts"}],"about":[{"href":"https:\/\/arantv.az\/index.php?rest_route=\/wp\/v2\/types\/post"}],"author":[{"embeddable":true,"href":"https:\/\/arantv.az\/index.php?rest_route=\/wp\/v2\/users\/2"}],"replies":[{"embeddable":true,"href":"https:\/\/arantv.az\/index.php?rest_route=%2Fwp%2Fv2%2Fcomments&post=789076"}],"version-history":[{"count":1,"href":"https:\/\/arantv.az\/index.php?rest_route=\/wp\/v2\/posts\/789076\/revisions"}],"predecessor-version":[{"id":789078,"href":"https:\/\/arantv.az\/index.php?rest_route=\/wp\/v2\/posts\/789076\/revisions\/789078"}],"wp:featuredmedia":[{"embeddable":true,"href":"https:\/\/arantv.az\/index.php?rest_route=\/wp\/v2\/media\/789077"}],"wp:attachment":[{"href":"https:\/\/arantv.az\/index.php?rest_route=%2Fwp%2Fv2%2Fmedia&parent=789076"}],"wp:term":[{"taxonomy":"category","embeddable":true,"href":"https:\/\/arantv.az\/index.php?rest_route=%2Fwp%2Fv2%2Fcategories&post=789076"},{"taxonomy":"post_tag","embeddable":true,"href":"https:\/\/arantv.az\/index.php?rest_route=%2Fwp%2Fv2%2Ftags&post=789076"}],"curies":[{"name":"wp","href":"https:\/\/api.w.org\/{rel}","templated":true}]}}