{"id":789079,"date":"2025-02-21T08:29:28","date_gmt":"2025-02-21T04:29:28","guid":{"rendered":"https:\/\/arantv.az\/?p=789079"},"modified":"2025-02-21T08:29:28","modified_gmt":"2025-02-21T04:29:28","slug":"baki-samaxi-yevlax-yolunda-buzlasma-%c9%99leyhin%c9%99-t%c9%99dbirl%c9%99r-gorulur","status":"publish","type":"post","link":"https:\/\/arantv.az\/?p=789079","title":{"rendered":"Bak\u0131-\u015eamax\u0131-Yevlax yolunda buzla\u015fma \u0259leyhin\u0259 t\u0259dbirl\u0259r g\u00f6r\u00fcl\u00fcr"},"content":{"rendered":"<p>Fevral\u0131n 20-si s\u0259h\u0259r saatlar\u0131ndan etibar\u0259n Qobustan v\u0259 \u015eamax\u0131 rayonlar\u0131 \u0259razisind\u0259 ya\u011fan qar ax\u015fam saatlar\u0131nda daha da intensivl\u0259\u015fib. Bunun n\u0259tic\u0259sind\u0259 Bak\u0131-\u015eamax\u0131-Yevlax avtomobil yolunun 105-120-ci kilometrliyind\u0259 yaranan buzla\u015fma n\u0259qliyyat\u0131n h\u0259r\u0259k\u0259tind\u0259 m\u00fc\u0259yy\u0259n \u00e7\u0259tinlikl\u0259r\u0259 s\u0259b\u0259b olub.<\/p>\n<p>19 \u2116-li X\u00fcsusi T\u0259yinatl\u0131 Yol \u0130stismar\u0131 MMC-nin direktoru Nazim Eynall\u0131\u00a0<a class=\"azertac-link\" href=\"https:\/\/azertag.az\/\" target=\"_blank\" rel=\"noopener\">AZ\u018fRTAC<\/a>-\u0131n b\u00f6lg\u0259 m\u00fcxbirin\u0259 bildirib ki, yollar\u0131n buzdan t\u0259mizl\u0259nm\u0259si \u00fc\u00e7\u00fcn h\u0259r\u0259k\u0259t hiss\u0259sin\u0259 duz-qum qar\u0131\u015f\u0131\u011f\u0131 s\u0259pilib. \u018frazid\u0259 x\u00fcsusi t\u0259yinatl\u0131 texnika v\u0259 canl\u0131 q\u00fcvv\u0259 i\u015fl\u0259yir, yollar\u0131n qar v\u0259 buzdan t\u0259mizl\u0259nm\u0259si istiqam\u0259tind\u0259 t\u0259dbirl\u0259r davam etdirilir.<\/p>\n<p>Qarl\u0131 v\u0259 \u015faxtal\u0131 hava t\u0259kc\u0259 Bak\u0131-\u015eamax\u0131-Yevlax yolunda deyil, \u015eamax\u0131-Pirqulu-D\u0259mir\u00e7i avtomobil yolunda da h\u0259r\u0259k\u0259t\u0259 ciddi t\u0259sir edib. Bu \u0259razid\u0259 d\u0259 qar v\u0259 buzla\u015fma s\u0259b\u0259bind\u0259n n\u0259qliyyat\u0131n h\u0259r\u0259k\u0259ti m\u0259hdudla\u015f\u0131b. Aidiyy\u0259ti qurumlar \u0259razid\u0259 yollar\u0131n t\u0259mizl\u0259nm\u0259si v\u0259 t\u0259hl\u00fck\u0259sizliyin t\u0259min olunmas\u0131 \u00fc\u00e7\u00fcn i\u015f apar\u0131r.<\/p>\n<p>Yol t\u0259s\u0259rr\u00fcfat\u0131 qurumlar\u0131 s\u00fcr\u00fcc\u00fcl\u0259r\u0259 m\u00fcraci\u0259t ed\u0259r\u0259k gec\u0259 saatlar\u0131nda Bak\u0131-\u015eamax\u0131-Yevlax v\u0259 \u015eamax\u0131-Pirqulu-D\u0259mir\u00e7i avtomobil yollar\u0131nda ehtiyatl\u0131 olmalar\u0131n\u0131, m\u00fcmk\u00fcn q\u0259d\u0259r bu mar\u015frutlardan istifad\u0259 etm\u0259m\u0259yi t\u00f6vsiy\u0259 edibl\u0259r. Hava \u015f\u0259raitinin \u00e7\u0259tinl\u0259\u015fm\u0259si fonunda s\u00fcr\u00fcc\u00fcl\u0259rd\u0259n s\u00fcr\u0259t rejimin\u0259 \u0259m\u0259l etm\u0259l\u0259ri, n\u0259qliyyat vasit\u0259l\u0259rini q\u0131\u015f \u015f\u0259raitin\u0259 uy\u011fun haz\u0131rlamalar\u0131 v\u0259 z\u0259rur\u0259t olmad\u0131qca uzaq s\u0259f\u0259rl\u0259rd\u0259n \u00e7\u0259kinm\u0259l\u0259ri xahi\u015f olunur.<\/p>\n<p>Qeyd ed\u0259k ki, \u00f6lk\u0259nin dig\u0259r da\u011fl\u0131q v\u0259 y\u00fcks\u0259k da\u011f\u0259t\u0259yi \u0259razil\u0259rind\u0259 d\u0259 g\u00fccl\u00fc qar v\u0259 buzla\u015fma m\u00fc\u015fahid\u0259 olunur.<\/p>\n","protected":false},"excerpt":{"rendered":"<p>Fevral\u0131n 20-si s\u0259h\u0259r saatlar\u0131ndan etibar\u0259n Qobustan v\u0259 \u015eamax\u0131 rayonlar\u0131 \u0259razisind\u0259 ya\u011fan qar ax\u015fam saatlar\u0131nda daha da intensivl\u0259\u015fib. Bunun n\u0259tic\u0259sind\u0259 Bak\u0131-\u015eamax\u0131-Yevlax avtomobil yolunun 105-120-ci kilometrliyind\u0259 yaranan buzla\u015fma n\u0259qliyyat\u0131n h\u0259r\u0259k\u0259tind\u0259 m\u00fc\u0259yy\u0259n \u00e7\u0259tinlikl\u0259r\u0259 s\u0259b\u0259b olub. 19 \u2116-li X\u00fcsusi T\u0259yinatl\u0131 Yol \u0130stismar\u0131 MMC-nin direktoru Nazim Eynall\u0131\u00a0AZ\u018fRTAC-\u0131n b\u00f6lg\u0259 m\u00fcxbirin\u0259 bildirib ki, yollar\u0131n buzdan t\u0259mizl\u0259nm\u0259si \u00fc\u00e7\u00fcn h\u0259r\u0259k\u0259t hiss\u0259sin\u0259 duz-qum qar\u0131\u015f\u0131\u011f\u0131 s\u0259pilib. \u018frazid\u0259 x\u00fcsusi t\u0259yinatl\u0131 texnika v\u0259 canl\u0131 q\u00fcvv\u0259 i\u015fl\u0259yir, yollar\u0131n qar v\u0259 buzdan t\u0259mizl\u0259nm\u0259si istiqam\u0259tind\u0259 t\u0259dbirl\u0259r davam etdirilir. Qarl\u0131 v\u0259 \u015faxtal\u0131 hava t\u0259kc\u0259 Bak\u0131-\u015eamax\u0131-Yevlax yolunda deyil, \u015eamax\u0131-Pirqulu-D\u0259mir\u00e7i avtomobil yolunda da h\u0259r\u0259k\u0259t\u0259 ciddi t\u0259sir edib. Bu \u0259razid\u0259&hellip;<\/p>\n","protected":false},"author":2,"featured_media":789080,"comment_status":"closed","ping_status":"closed","sticky":false,"template":"","format":"standard","meta":{"om_disable_all_campaigns":false,"_monsterinsights_skip_tracking":false,"_monsterinsights_sitenote_active":false,"_monsterinsights_sitenote_note":"","_monsterinsights_sitenote_category":0},"categories":[1],"tags":[],"aioseo_notices":[],"gutentor_comment":0,"rttpg_featured_image_url":{"full":["https:\/\/arantv.az\/wp-content\/uploads\/2025\/02\/17400916123042144598_1200x630.jpg",924,630,false],"landscape":["https:\/\/arantv.az\/wp-content\/uploads\/2025\/02\/17400916123042144598_1200x630.jpg",924,630,false],"portraits":["https:\/\/arantv.az\/wp-content\/uploads\/2025\/02\/17400916123042144598_1200x630.jpg",924,630,false],"thumbnail":["https:\/\/arantv.az\/wp-content\/uploads\/2025\/02\/17400916123042144598_1200x630-500x280.jpg",500,280,true],"medium":["https:\/\/arantv.az\/wp-content\/uploads\/2025\/02\/17400916123042144598_1200x630-535x365.jpg",535,365,true],"large":["https:\/\/arantv.az\/wp-content\/uploads\/2025\/02\/17400916123042144598_1200x630-840x573.jpg",640,437,true],"1536x1536":["https:\/\/arantv.az\/wp-content\/uploads\/2025\/02\/17400916123042144598_1200x630.jpg",924,630,false],"2048x2048":["https:\/\/arantv.az\/wp-content\/uploads\/2025\/02\/17400916123042144598_1200x630.jpg",924,630,false],"post-thumbnail":["https:\/\/arantv.az\/wp-content\/uploads\/2025\/02\/17400916123042144598_1200x630-240x172.jpg",240,172,true],"advps-thumb-one":["https:\/\/arantv.az\/wp-content\/uploads\/2025\/02\/17400916123042144598_1200x630-924x620.jpg",924,620,true]},"rttpg_author":{"display_name":"V\u00fcsal Rafiqo\u011flu","author_link":"https:\/\/arantv.az\/?author=2"},"rttpg_comment":0,"rttpg_category":"<a href=\"https:\/\/arantv.az\/?cat=1\" rel=\"category\">C\u0259miyy\u0259t<\/a>","rttpg_excerpt":"Fevral\u0131n 20-si s\u0259h\u0259r saatlar\u0131ndan etibar\u0259n Qobustan v\u0259 \u015eamax\u0131 rayonlar\u0131 \u0259razisind\u0259 ya\u011fan qar ax\u015fam saatlar\u0131nda daha da intensivl\u0259\u015fib. Bunun n\u0259tic\u0259sind\u0259 Bak\u0131-\u015eamax\u0131-Yevlax avtomobil yolunun 105-120-ci kilometrliyind\u0259 yaranan buzla\u015fma n\u0259qliyyat\u0131n h\u0259r\u0259k\u0259tind\u0259 m\u00fc\u0259yy\u0259n \u00e7\u0259tinlikl\u0259r\u0259 s\u0259b\u0259b olub. 19 \u2116-li X\u00fcsusi T\u0259yinatl\u0131 Yol \u0130stismar\u0131 MMC-nin direktoru Nazim Eynall\u0131\u00a0AZ\u018fRTAC-\u0131n b\u00f6lg\u0259 m\u00fcxbirin\u0259 bildirib ki, yollar\u0131n buzdan t\u0259mizl\u0259nm\u0259si \u00fc\u00e7\u00fcn h\u0259r\u0259k\u0259t hiss\u0259sin\u0259 duz-qum qar\u0131\u015f\u0131\u011f\u0131 s\u0259pilib.&hellip;","_links":{"self":[{"href":"https:\/\/arantv.az\/index.php?rest_route=\/wp\/v2\/posts\/789079"}],"collection":[{"href":"https:\/\/arantv.az\/index.php?rest_route=\/wp\/v2\/posts"}],"about":[{"href":"https:\/\/arantv.az\/index.php?rest_route=\/wp\/v2\/types\/post"}],"author":[{"embeddable":true,"href":"https:\/\/arantv.az\/index.php?rest_route=\/wp\/v2\/users\/2"}],"replies":[{"embeddable":true,"href":"https:\/\/arantv.az\/index.php?rest_route=%2Fwp%2Fv2%2Fcomments&post=789079"}],"version-history":[{"count":1,"href":"https:\/\/arantv.az\/index.php?rest_route=\/wp\/v2\/posts\/789079\/revisions"}],"predecessor-version":[{"id":789081,"href":"https:\/\/arantv.az\/index.php?rest_route=\/wp\/v2\/posts\/789079\/revisions\/789081"}],"wp:featuredmedia":[{"embeddable":true,"href":"https:\/\/arantv.az\/index.php?rest_route=\/wp\/v2\/media\/789080"}],"wp:attachment":[{"href":"https:\/\/arantv.az\/index.php?rest_route=%2Fwp%2Fv2%2Fmedia&parent=789079"}],"wp:term":[{"taxonomy":"category","embeddable":true,"href":"https:\/\/arantv.az\/index.php?rest_route=%2Fwp%2Fv2%2Fcategories&post=789079"},{"taxonomy":"post_tag","embeddable":true,"href":"https:\/\/arantv.az\/index.php?rest_route=%2Fwp%2Fv2%2Ftags&post=789079"}],"curies":[{"name":"wp","href":"https:\/\/api.w.org\/{rel}","templated":true}]}}