{"id":789082,"date":"2025-02-21T08:31:08","date_gmt":"2025-02-21T04:31:08","guid":{"rendered":"https:\/\/arantv.az\/?p=789082"},"modified":"2025-02-21T08:31:08","modified_gmt":"2025-02-21T04:31:08","slug":"prezident-%c9%99liyev-n%c9%99-deyir-pasinyan-onu-edir","status":"publish","type":"post","link":"https:\/\/arantv.az\/?p=789082","title":{"rendered":"Prezident \u018fliyev n\u0259 deyir, Pa\u015finyan onu edir&#8230;"},"content":{"rendered":"<h3><strong>\u0130r\u0259van referenduma haz\u0131rla\u015f\u0131r; il \u0259rzind\u0259 ke\u00e7iril\u0259rs\u0259, 2025-d\u0259 s\u00fclh sazi\u015fi imzalana bil\u0259rmi?<\/strong><\/h3>\n<p><em>\u201cYeni konstitusiyan\u0131n referendum yolu il\u0259 q\u0259bul edilm\u0259si vacibdir\u201d. \u201cYeni M\u00fcsavat\u201d x\u0259b\u0259r verir ki, fevral\u0131n 19-da bu a\u00e7\u0131qlama il\u0259 Erm\u0259nistan\u0131n ba\u015f naziri Nikol Pa\u015finyan \u00e7\u0131x\u0131\u015f edib. Pa\u015finyan referendumun hans\u0131 tarixd\u0259 ke\u00e7iril\u0259 bil\u0259c\u0259yi bar\u0259d\u0259 m\u0259lumat verm\u0259yib. \u201cYeni konstitusiyan\u0131n q\u0259bulu ondan daha \u0259h\u0259miyy\u0259tlidir ki, haz\u0131rk\u0131 konstitusiyan\u0131n q\u0259bulu \u00fc\u00e7\u00fcn ke\u00e7iril\u0259n b\u00fct\u00fcn referendumlarda ictimai r\u0259yd\u0259 ciddi legitimlik yoxdur. Yeni konstitusiyan\u0131n q\u0259bul edilm\u0259sinin strateji m\u0259qs\u0259di v\u0259t\u0259nda\u015fl\u0131\u011f\u0131 olmayan mill\u0259tin qal\u0131q f\u0259aliyy\u0259tind\u0259n xalq\u0131n d\u00f6vl\u0259t f\u0259aliyy\u0259tin\u0259 ke\u00e7iddir\u201d, &#8211; ba\u015f nazir qeyd edib.<\/em><\/p>\n<p><strong>Erm\u0259nistanda qanunvericiliy\u0259 d\u0259yi\u015fikliyin s\u00fclh m\u00fcqavil\u0259sinin imzalanmas\u0131 bax\u0131mdan ciddi \u0259h\u0259miyy\u0259ti var. R\u0259smi Bak\u0131 yekun s\u0259n\u0259d\u0259 qol \u00e7\u0259kilm\u0259si \u00fc\u00e7\u00fcn \u0130r\u0259van\u0131n \u00f6z m\u00fcst\u0259qillik deklarasiyas\u0131na v\u0259 konstitusiyas\u0131na d\u0259yi\u015fiklik etm\u0259sini \u015f\u0259rt kimi ir\u0259li s\u00fcr\u00fcr. Az\u0259rbaycan \u0259razil\u0259rin\u0259 iddialar haz\u0131rk\u0131 \u0259sas qanunda oldu\u011funa g\u00f6r\u0259 Erm\u0259nistan onu aradan qald\u0131rmal\u0131d\u0131r. \u00c7\u00fcnki Qaraba\u011f\u0131n Erm\u0259nistana birl\u0259\u015fdirilm\u0259si ideyas\u0131 preambula hiss\u0259sind\u0259 yer al\u0131r. Pa\u015finyan bir m\u00fcdd\u0259t \u0259vv\u0259l bildirmi\u015fdi ki, s\u00fclh sazi\u015fi konstitusiyadan da m\u00f6t\u0259b\u0259rdir v\u0259 ona istinad edil\u0259c\u0259k. Lakin Az\u0259rbaycan bu erm\u0259ni hiyl\u0259g\u0259rliyin\u0259 inanacaq s\u0259viyy\u0259d\u0259 deyil. Kim z\u0259man\u0259t ver\u0259 bil\u0259r ki, Pa\u015finyandan sonrak\u0131 d\u00f6vrd\u0259 yeni hakimiyy\u0259t Erm\u0259nistan Konstitusiyas\u0131n\u0131 \u0259ld\u0259 bayraq etm\u0259y\u0259c\u0259k?<\/strong><\/p>\n<p>Ona g\u00f6r\u0259 d\u0259 ba\u015f nazirin referendum elan\u0131ndan \u00e7\u0131xan n\u0259tic\u0259 budur ki, Erm\u0259nistan \u0259razi iddialar\u0131n\u0131 yeni konstitusiyada g\u00f6st\u0259rm\u0259y\u0259c\u0259k. V\u0259 erm\u0259ni c\u0259miyy\u0259tini d\u0259 buna haz\u0131rlay\u0131r. Onsuz da \u015fifahi olaraq, o c\u00fcml\u0259d\u0259n Praqa s\u0259n\u0259dind\u0259 Qaraba\u011f\u0131n Az\u0259rbaycana aid oldu\u011funu t\u0259sdiq edir. O zaman referenduma n\u0259 zaman gedil\u0259c\u0259k v\u0259 m\u00fcxalif\u0259tin m\u00fcqavim\u0259ti n\u0259d\u0259n ibar\u0259t olacaq? N\u0259z\u0259r\u0259 almaq laz\u0131md\u0131r ki, g\u0259l\u0259n il h\u0259m d\u0259 Erm\u0259nistanda parlament se\u00e7kil\u0259ridir. H\u0259rgah, hakimiyy\u0259t erm\u0259ni c\u0259miyy\u0259tini Qaraba\u011fa olan iddialardan \u0259l \u00e7\u0259km\u0259y\u0259 \u00e7a\u011f\u0131r\u0131r, son \u00e7\u0131x\u0131\u015flar\u0131nda spiker Simonyan da bunu a\u00e7\u0131qlay\u0131b. Lakin c\u0259miyy\u0259tin revan\u015fist kateqoriyas\u0131 &#8211; kils\u0259, ke\u00e7mi\u015f \u201cQaraba\u011f klan\u0131\u201d, da\u015fnaklar, diaspor f\u0259rqli ideyan\u0131 a\u015f\u0131lay\u0131r. Lakin bu ill\u0259r \u0259rzind\u0259 Pa\u015finyan onlar\u0131n m\u00fcqavim\u0259tini xeyli d\u0259r\u0259c\u0259d\u0259 s\u0131nd\u0131ra bilib. B\u0259s referendumdan sonra n\u0259 g\u00f6zl\u0259nilir?<\/p>\n<p><img src=\"https:\/\/konkret.az\/cloud\/uploads\/2021\/04\/elxansahinoglu.jpg\" alt=\"Elxan \u015eahino\u011flu son \u00e7\u0131x\u0131\u015f\u0131 il\u0259 \u00f6z\u00fcn\u00fc v\u0259 \u201ca\u011falar\u0131n\u0131\u201d bel\u0259 \u0259l\u0259 verdi -  \u018fTRAFLI | KONKRET\" \/><\/p>\n<p><strong>\u00a0Elxan \u015eahino\u011flu<\/strong><\/p>\n<p>Analitik Elxan \u015eahino\u011flunun proqnozuna g\u00f6r\u0259, Pa\u015finyan referendumu il \u0259rzind\u0259 ke\u00e7ir\u0259rs\u0259, bu, Az\u0259rbaycanla s\u00fclh sazi\u015finin imzalanmas\u0131 ehtimal\u0131n\u0131 art\u0131racaq. Onun fikrinc\u0259, Pa\u015finyan xalqa videom\u00fcraci\u0259tind\u0259 s\u00fclh\u0259 ayr\u0131ca b\u00f6lm\u0259 h\u0259sr edib: \u201cH\u0259min b\u00f6lm\u0259d\u0259 Pa\u015finyan\u0131n bu fikirl\u0259ri yer al\u0131b: &#8220;S\u00fclh xarici d\u0259st\u0259k olmadan qon\u015fular aras\u0131nda ya\u015famaq bacar\u0131\u011f\u0131d\u0131r. S\u00fclh b\u0259rq\u0259rar olduqdan sonra bu, iqtisadi, siyasi v\u0259 m\u0259d\u0259ni \u0259m\u0259kda\u015fl\u0131qda \u00f6z\u00fcn\u00fc ifad\u0259 ed\u0259n xarici \u0259laq\u0259l\u0259rin son m\u0259qs\u0259di olmaqda davam edir. S\u00fclh, ilk n\u00f6vb\u0259d\u0259, regional amildir, \u00e7\u00fcnki s\u00fclh v\u0259 ya onun olmamas\u0131 ilk n\u00f6vb\u0259d\u0259 yax\u0131n qon\u015fularla m\u00fcnasib\u0259tl\u0259rd\u0259, sonra beyn\u0259lxalq, daha sonra is\u0259 qlobal s\u0259viyy\u0259d\u0259 ifad\u0259 olunur. Strateji v\u0259 uzunm\u00fcdd\u0259tli m\u0259nada s\u00fclh o zaman m\u00fcmk\u00fcnd\u00fcr ki, bu, k\u0259nar d\u0259st\u0259k olmadan qon\u015fularla \u0259m\u0259kda\u015fl\u0131q m\u00fchitind\u0259 ya\u015famaq bacar\u0131\u011f\u0131 il\u0259 ifad\u0259 edilm\u0259li olan bir bacar\u0131q hal\u0131na g\u0259lir. S\u00fclh t\u0259hl\u00fck\u0259sizliyin \u0259n etibarl\u0131 t\u0259minat\u0131d\u0131r. T\u0259hl\u00fck\u0259sizliyin t\u0259min edilm\u0259sinin \u0259n m\u00fch\u00fcm komponentl\u0259ri region \u00f6lk\u0259l\u0259rinin qar\u015f\u0131l\u0131ql\u0131 as\u0131l\u0131l\u0131\u011f\u0131, \u00f6lk\u0259nin regional v\u0259 qlobal t\u0259chizat v\u0259 ticar\u0259t z\u0259ncirind\u0259ki yeridir&#8221;. Pa\u015finyan\u0131n s\u00fclh\u0259 h\u0259sr etdiyi b\u00f6lm\u0259 onun etiraf\u0131d\u0131r ki, Erm\u0259nistan gah Rusiya, gah Fransa, gah da AB\u015e-a arxalanaraq t\u0259hl\u00fck\u0259sizliyini t\u0259min ed\u0259 bilm\u0259y\u0259c\u0259k, erm\u0259nil\u0259r \u00fc\u00e7\u00fcn s\u00fclh\u00fcn yegan\u0259 t\u0259minat\u0131 qon\u015fularla, o c\u00fcml\u0259d\u0259n Az\u0259rbaycan v\u0259 T\u00fcrkiy\u0259 il\u0259 normal m\u00fcnasib\u0259tl\u0259rin yarad\u0131lmas\u0131d\u0131r&#8221;.<\/p>\n<p>E.\u015eahino\u011flu hesab edir ki, bunun \u00fc\u00e7\u00fcn is\u0259 birincisi, Pa\u015finyan Erm\u0259nistan Konstitusiyas\u0131nda Az\u0259rbaycana v\u0259 T\u00fcrkiy\u0259y\u0259 \u0259razi iddialar\u0131n\u0131 ehtiva ed\u0259n b\u0259ndl\u0259ri \u00e7\u0131xarmal\u0131, ikincisi, Z\u0259ng\u0259zur d\u0259hlizinin realla\u015fmas\u0131na \u015f\u0259rait yaratmal\u0131, \u00fc\u00e7\u00fcnc\u00fcs\u00fc, s\u0259rh\u0259din \u201cmonitorinqi\u201d ad\u0131 alt\u0131nda Erm\u0259nistanda yerl\u0259\u015fdirdiyi Q\u0259rbin h\u0259rbi hey\u0259tinin f\u0259aliyy\u0259tin\u0259 ehtiyac olmad\u0131\u011f\u0131n\u0131 b\u0259yan etm\u0259lidir. Ekspert g\u00fcman edir ki, bunlar edil\u0259rs\u0259, Pa\u015finyan \u00fcmid etdiyi regional s\u00fclh\u00fc yax\u0131nla\u015fd\u0131ra bil\u0259r.<\/p>\n<p><img src=\"https:\/\/cdn.axar.az\/2024\/07\/26\/samir-esedli.jpg\" alt=\"Samir \u018fs\u0259dlinin namiz\u0259dliyi qeyd\u0259 al\u0131nd\u0131\" \/><\/p>\n<p><strong>\u00a0Samir \u018fs\u0259dli\u00a0<\/strong><\/p>\n<p><strong>V\u0259t\u0259nda\u015f H\u0259mr\u0259yliyi Partiyas\u0131n\u0131n s\u0259dr m\u00fcavini Samir \u018fs\u0259dli tezlikl\u0259 referendum olaca\u011f\u0131n\u0131 istisna etm\u0259s\u0259 d\u0259, parlament se\u00e7kil\u0259rinin buna \u0259ng\u0259l oldu\u011funu g\u00fcman edir. Partiya m\u0259nsubunun fikrinc\u0259, Pa\u015finyan parlament se\u00e7kil\u0259rind\u0259 qalib g\u0259lm\u0259kl\u0259 \u0259lini g\u00fccl\u0259ndirm\u0259k ist\u0259yir ki, sonra planlar\u0131n\u0131 h\u0259yata ke\u00e7irsin:<\/strong>\u00a0\u201cM\u0259nc\u0259, referenduma t\u0259l\u0259sm\u0259y\u0259c\u0259k. O, n\u00f6vb\u0259ti se\u00e7kid\u0259 d\u0259 q\u0259l\u0259b\u0259 qazanmal\u0131d\u0131r ki, m\u00fcxalif\u0259ti tamamil\u0259 ram etsin v\u0259 qar\u015f\u0131s\u0131na \u00e7\u0131xacaq t\u0259sir g\u00fcc\u00fc qalmas\u0131n. \u0130ndi is\u0259 h\u0259ssas d\u00f6n\u0259mdir. Pa\u015finyan \u00f6z\u00fc d\u0259 bilmir ki, Rusiya v\u0259 Tramp Amerikas\u0131 il\u0259 Erm\u0259nistan hakimiyy\u0259tinin m\u00fcnasib\u0259tl\u0259ri hans\u0131 m\u0259crada inki\u015faf ed\u0259c\u0259k. \u00dcst\u0259lik, Z\u0259ng\u0259zur d\u0259hlizin\u0259 n\u0259zar\u0259td\u0259 qeyri-m\u00fc\u0259yy\u0259nlik qal\u0131r. N\u0259z\u0259r\u0259 alaq ki, Pa\u015finyan q\u0259rarlar\u0131 m\u00fcst\u0259qil q\u0259bul etmir, Fransan\u0131n ciddi t\u0259sirl\u0259ri var. Bu m\u0259nada, b\u00f6y\u00fck ehtimalla referendum 2026-c\u0131 il parlament se\u00e7kil\u0259rind\u0259n sonra ba\u015f tuta bil\u0259r\u201d. S.\u018fs\u0259dli hesab edir ki, ancaq h\u0259r \u015fey yen\u0259 d\u0259 regional \u015f\u0259raitd\u0259n as\u0131l\u0131 olacaq: \u201cErm\u0259nistan \u0259razi iddialar\u0131na son qoymaq v\u0259 bu m\u0259s\u0259l\u0259ni qapatmaq ist\u0259yir ki, T\u00fcrkiy\u0259 il\u0259 quru s\u0259rh\u0259dl\u0259ri a\u00e7\u0131ls\u0131n. \u00dcmumilikd\u0259 proses buna gedir, amma Pa\u015finyan m\u0259qam g\u00f6zl\u0259yir ki, f\u00fcrs\u0259ti d\u0259y\u0259rl\u0259ndir\u0259 bilsin\u201d.<\/p>\n","protected":false},"excerpt":{"rendered":"<p>\u0130r\u0259van referenduma haz\u0131rla\u015f\u0131r; il \u0259rzind\u0259 ke\u00e7iril\u0259rs\u0259, 2025-d\u0259 s\u00fclh sazi\u015fi imzalana bil\u0259rmi? \u201cYeni konstitusiyan\u0131n referendum yolu il\u0259 q\u0259bul edilm\u0259si vacibdir\u201d. \u201cYeni M\u00fcsavat\u201d x\u0259b\u0259r verir ki, fevral\u0131n 19-da bu a\u00e7\u0131qlama il\u0259 Erm\u0259nistan\u0131n ba\u015f naziri Nikol Pa\u015finyan \u00e7\u0131x\u0131\u015f edib. Pa\u015finyan referendumun hans\u0131 tarixd\u0259 ke\u00e7iril\u0259 bil\u0259c\u0259yi bar\u0259d\u0259 m\u0259lumat verm\u0259yib. \u201cYeni konstitusiyan\u0131n q\u0259bulu ondan daha \u0259h\u0259miyy\u0259tlidir ki, haz\u0131rk\u0131 konstitusiyan\u0131n q\u0259bulu \u00fc\u00e7\u00fcn ke\u00e7iril\u0259n b\u00fct\u00fcn referendumlarda ictimai r\u0259yd\u0259 ciddi legitimlik yoxdur. Yeni konstitusiyan\u0131n q\u0259bul edilm\u0259sinin strateji m\u0259qs\u0259di v\u0259t\u0259nda\u015fl\u0131\u011f\u0131 olmayan mill\u0259tin qal\u0131q f\u0259aliyy\u0259tind\u0259n xalq\u0131n d\u00f6vl\u0259t f\u0259aliyy\u0259tin\u0259 ke\u00e7iddir\u201d, &#8211; ba\u015f nazir qeyd edib. Erm\u0259nistanda qanunvericiliy\u0259 d\u0259yi\u015fikliyin s\u00fclh m\u00fcqavil\u0259sinin imzalanmas\u0131&hellip;<\/p>\n","protected":false},"author":2,"featured_media":789083,"comment_status":"closed","ping_status":"closed","sticky":false,"template":"","format":"standard","meta":{"om_disable_all_campaigns":false,"_monsterinsights_skip_tracking":false,"_monsterinsights_sitenote_active":false,"_monsterinsights_sitenote_note":"","_monsterinsights_sitenote_category":0},"categories":[4],"tags":[],"aioseo_notices":[],"gutentor_comment":0,"rttpg_featured_image_url":{"full":["https:\/\/arantv.az\/wp-content\/uploads\/2025\/02\/af2fbd2b1d84e4b2082c2a8050c879d2.jpg",870,500,false],"landscape":["https:\/\/arantv.az\/wp-content\/uploads\/2025\/02\/af2fbd2b1d84e4b2082c2a8050c879d2.jpg",870,500,false],"portraits":["https:\/\/arantv.az\/wp-content\/uploads\/2025\/02\/af2fbd2b1d84e4b2082c2a8050c879d2.jpg",870,500,false],"thumbnail":["https:\/\/arantv.az\/wp-content\/uploads\/2025\/02\/af2fbd2b1d84e4b2082c2a8050c879d2-500x280.jpg",500,280,true],"medium":["https:\/\/arantv.az\/wp-content\/uploads\/2025\/02\/af2fbd2b1d84e4b2082c2a8050c879d2-635x365.jpg",635,365,true],"large":["https:\/\/arantv.az\/wp-content\/uploads\/2025\/02\/af2fbd2b1d84e4b2082c2a8050c879d2-840x483.jpg",640,368,true],"1536x1536":["https:\/\/arantv.az\/wp-content\/uploads\/2025\/02\/af2fbd2b1d84e4b2082c2a8050c879d2.jpg",870,500,false],"2048x2048":["https:\/\/arantv.az\/wp-content\/uploads\/2025\/02\/af2fbd2b1d84e4b2082c2a8050c879d2.jpg",870,500,false],"post-thumbnail":["https:\/\/arantv.az\/wp-content\/uploads\/2025\/02\/af2fbd2b1d84e4b2082c2a8050c879d2-240x172.jpg",240,172,true],"advps-thumb-one":["https:\/\/arantv.az\/wp-content\/uploads\/2025\/02\/af2fbd2b1d84e4b2082c2a8050c879d2.jpg",870,500,false]},"rttpg_author":{"display_name":"V\u00fcsal Rafiqo\u011flu","author_link":"https:\/\/arantv.az\/?author=2"},"rttpg_comment":0,"rttpg_category":"<a href=\"https:\/\/arantv.az\/?cat=4\" rel=\"category\">Siyas\u0259t<\/a>","rttpg_excerpt":"\u0130r\u0259van referenduma haz\u0131rla\u015f\u0131r; il \u0259rzind\u0259 ke\u00e7iril\u0259rs\u0259, 2025-d\u0259 s\u00fclh sazi\u015fi imzalana bil\u0259rmi? \u201cYeni konstitusiyan\u0131n referendum yolu il\u0259 q\u0259bul edilm\u0259si vacibdir\u201d. \u201cYeni M\u00fcsavat\u201d x\u0259b\u0259r verir ki, fevral\u0131n 19-da bu a\u00e7\u0131qlama il\u0259 Erm\u0259nistan\u0131n ba\u015f naziri Nikol Pa\u015finyan \u00e7\u0131x\u0131\u015f edib. Pa\u015finyan referendumun hans\u0131 tarixd\u0259 ke\u00e7iril\u0259 bil\u0259c\u0259yi bar\u0259d\u0259 m\u0259lumat verm\u0259yib. \u201cYeni konstitusiyan\u0131n q\u0259bulu ondan daha \u0259h\u0259miyy\u0259tlidir ki, haz\u0131rk\u0131 konstitusiyan\u0131n q\u0259bulu&hellip;","_links":{"self":[{"href":"https:\/\/arantv.az\/index.php?rest_route=\/wp\/v2\/posts\/789082"}],"collection":[{"href":"https:\/\/arantv.az\/index.php?rest_route=\/wp\/v2\/posts"}],"about":[{"href":"https:\/\/arantv.az\/index.php?rest_route=\/wp\/v2\/types\/post"}],"author":[{"embeddable":true,"href":"https:\/\/arantv.az\/index.php?rest_route=\/wp\/v2\/users\/2"}],"replies":[{"embeddable":true,"href":"https:\/\/arantv.az\/index.php?rest_route=%2Fwp%2Fv2%2Fcomments&post=789082"}],"version-history":[{"count":2,"href":"https:\/\/arantv.az\/index.php?rest_route=\/wp\/v2\/posts\/789082\/revisions"}],"predecessor-version":[{"id":789085,"href":"https:\/\/arantv.az\/index.php?rest_route=\/wp\/v2\/posts\/789082\/revisions\/789085"}],"wp:featuredmedia":[{"embeddable":true,"href":"https:\/\/arantv.az\/index.php?rest_route=\/wp\/v2\/media\/789083"}],"wp:attachment":[{"href":"https:\/\/arantv.az\/index.php?rest_route=%2Fwp%2Fv2%2Fmedia&parent=789082"}],"wp:term":[{"taxonomy":"category","embeddable":true,"href":"https:\/\/arantv.az\/index.php?rest_route=%2Fwp%2Fv2%2Fcategories&post=789082"},{"taxonomy":"post_tag","embeddable":true,"href":"https:\/\/arantv.az\/index.php?rest_route=%2Fwp%2Fv2%2Ftags&post=789082"}],"curies":[{"name":"wp","href":"https:\/\/api.w.org\/{rel}","templated":true}]}}