{"id":789086,"date":"2025-02-21T08:44:51","date_gmt":"2025-02-21T04:44:51","guid":{"rendered":"https:\/\/arantv.az\/?p=789086"},"modified":"2025-02-21T08:44:51","modified_gmt":"2025-02-21T04:44:51","slug":"rusiya-il%c9%99-mutt%c9%99fiqliyin-ucuncu-ili-q%c9%99zadan-%c9%99vv%c9%99l-v%c9%99-sonra","status":"publish","type":"post","link":"https:\/\/arantv.az\/?p=789086","title":{"rendered":"Rusiya il\u0259 m\u00fctt\u0259fiqliyin \u00fc\u00e7\u00fcnc\u00fc ili &#8211; q\u0259zadan \u0259vv\u0259l v\u0259 sonra&#8230;"},"content":{"rendered":"<h2><strong>\u018fslind\u0259 m\u00fclki t\u0259yyar\u0259y\u0259 a\u00e7\u0131lan at\u0259\u015f h\u0259m d\u0259 22 fevral sazi\u015fin\u0259 a\u00e7\u0131lm\u0131\u015fd\u0131 &#8211; siyas\u0259t\u00e7il\u0259rin Moskva b\u0259yannam\u0259sind\u0259n iki f\u0259rqli g\u00f6zl\u0259ntisi var<\/strong><\/h2>\n<p>Sabah &#8211; fevral\u0131n 22-d\u0259 Az\u0259rbaycan Prezidenti \u0130lham \u018fliyevin 2022-ci ild\u0259 Moskvada Rusiya prezidenti Vladimir Putinl\u0259 m\u00fctt\u0259fiqlik sazi\u015fi imzalamas\u0131n\u0131n \u00fc\u00e7 ili tamam olur. 43 madd\u0259lik m\u00fctt\u0259fiqlik s\u0259n\u0259di indiy\u0259 kimi iki \u00f6lk\u0259 aras\u0131nda olan siyasi, iqtisadi, h\u00fcquqi, ticar\u0259t, h\u0259rbi v\u0259 humanitar \u0259laq\u0259l\u0259rl\u0259 ba\u011fl\u0131 m\u00fcqavil\u0259l\u0259rin bir b\u0259yannam\u0259d\u0259 toplanaraq g\u0259l\u0259c\u0259k m\u00fcnasib\u0259tl\u0259rin yeni \u00e7\u0259r\u00e7iv\u0259sini m\u00fc\u0259yy\u0259n edirdi.<\/p>\n<p><strong>Rusiya v\u0259 Az\u0259rbaycan aras\u0131nda dostluq, \u0259m\u0259kda\u015fl\u0131q v\u0259 qar\u015f\u0131l\u0131ql\u0131 t\u0259hl\u00fck\u0259sizlik haqq\u0131nda 3 iyul 1997-ci il tarixli m\u00fcqavil\u0259d\u0259, Rusiya v\u0259 Az\u0259rbaycan aras\u0131nda dostluq v\u0259 strateji t\u0259r\u0259fda\u015fl\u0131q haqq\u0131nda 3 iyul 2008-ci il tarixli b\u0259yannam\u0259d\u0259, habel\u0259, Rusiya v\u0259 Az\u0259rbaycan prezidentl\u0259rinin 1 sentyabr 2018-ci il tarixli birg\u0259 b\u0259yanat\u0131nda \u00f6z \u0259ksini tapan m\u00fcdd\u0259alar yeni reall\u0131qlar \u0259lav\u0259 olunmaqla vahid s\u0259n\u0259d hal\u0131nda imzaland\u0131.<\/strong><\/p>\n<p>B\u0259yannam\u0259nin 43 b\u0259ndi var v\u0259 qar\u015f\u0131l\u0131ql\u0131 f\u0259aliyy\u0259tin \u0259n m\u00fch\u00fcm sah\u0259l\u0259rini \u0259hat\u0259 edirdi. B\u0259yannam\u0259 il\u0259 m\u00fc\u0259yy\u0259n olunmu\u015f \u0259m\u0259kda\u015fl\u0131\u011f\u0131n \u0259sas prinsipl\u0259ri v\u0259 strateji sah\u0259l\u0259ri a\u015fa\u011f\u0131dak\u0131lard\u0131r: qar\u015f\u0131l\u0131ql\u0131 h\u00f6rm\u0259t v\u0259 bir-birinin daxili i\u015fl\u0259rin\u0259 qar\u0131\u015fmamaq; g\u00fcc t\u0259tbiq etm\u0259m\u0259k v\u0259 ya g\u00fccl\u0259 h\u0259d\u0259l\u0259m\u0259m\u0259k prinsipl\u0259rin\u0259 sadiqlik; milli maraqlar\u0131n aliliyi; beyn\u0259lxalq m\u00fcnasib\u0259tl\u0259rin q\u0259bul olunmu\u015f norma v\u0259 qaydalar\u0131na riay\u0259t; qar\u015f\u0131l\u0131ql\u0131 f\u0259aliyy\u0259t; Qafqaz v\u0259 X\u0259z\u0259r regionlar\u0131nda sabitlik namin\u0259 \u0259m\u0259kda\u015fl\u0131q; t\u0259r\u0259fl\u0259rin t\u0259hl\u00fck\u0259sizlik maraqlar\u0131n\u0131n qorunmas\u0131; m\u0259sl\u0259h\u0259tl\u0259\u015fm\u0259l\u0259r mexanizminin yarad\u0131lmas\u0131; Az\u0259rbaycan Respublikas\u0131 il\u0259 Erm\u0259nistan Respublikas\u0131 aras\u0131nda m\u00fcnasib\u0259tl\u0259rin normalla\u015fd\u0131r\u0131lmas\u0131 v\u0259 Rusiya Federasiyas\u0131n\u0131n vasit\u0259\u00e7ilik rolu; uzunm\u00fcdd\u0259tli s\u00fclh namin\u0259 \u0259m\u0259kda\u015fl\u0131q; \u00f6lk\u0259l\u0259rin \u0259razi b\u00fct\u00f6vl\u00fcy\u00fcn\u0259 qar\u015f\u0131 y\u00f6n\u0259lmi\u015f f\u0259aliyy\u0259tin qar\u015f\u0131s\u0131n\u0131n al\u0131nmas\u0131; h\u0259rbi-texniki v\u0259 siyasi \u0259m\u0259kda\u015fl\u0131q; maliyy\u0259 institutlar\u0131n\u0131n \u0259m\u0259kda\u015fl\u0131\u011f\u0131; tranzit-n\u0259qliyyat f\u0259aliyy\u0259tinin potensial\u0131n\u0131n inki\u015faf\u0131; atom enerjisind\u0259n dinc m\u0259qs\u0259dl\u0259rl\u0259 istifad\u0259 sah\u0259sind\u0259 qar\u015f\u0131l\u0131ql\u0131 faydal\u0131 \u0259m\u0259kda\u015fl\u0131q; informasiya &#8211; kommunikasiya texnologiyalar\u0131 sah\u0259sind\u0259 birg\u0259 layih\u0259l\u0259rin inki\u015faf\u0131; aqrar-s\u0259naye kompleksi sah\u0259sind\u0259 \u0259m\u0259kda\u015fl\u0131q; s\u0259hiyy\u0259 sah\u0259sind\u0259 \u0259m\u0259kda\u015fl\u0131q; parlamentl\u0259raras\u0131 \u0259m\u0259kda\u015fl\u0131q; humanitar sah\u0259sind\u0259 \u0259m\u0259kda\u015fl\u0131q.<\/p>\n<p>Bu b\u0259yannam\u0259nin imzalanmas\u0131 Rusiya \u00fc\u00e7\u00fcn \u00e7ox m\u00fcr\u0259kk\u0259b v\u0259 h\u0259ssas d\u00f6vr\u0259 t\u0259sad\u00fcf edirdi. AB\u015e v\u0259 NATO il\u0259 olduqca g\u0259rgin m\u00fcnasib\u0259tl\u0259r yaranm\u0131\u015fd\u0131. Bel\u0259 bir h\u0259rbi-siyasi \u015f\u0259raitd\u0259 Az\u0259rbaycanla m\u00fctt\u0259fiqlik b\u0259yannam\u0259sinin imzalanmas\u0131 Rusiya \u00fc\u00e7\u00fcn siyasi-psixoloji bax\u0131mdan vacib idi. 25 dekabr 2024-c\u00fc ild\u0259 \u201cAz\u0259rbaycan Hava Yollar\u0131\u201d QSC-nin (AZAL) t\u0259yyar\u0259sinin Rusiya \u0259razisind\u0259 vurulmas\u0131 is\u0259 m\u00fctt\u0259fiqlik m\u00fcnasib\u0259tl\u0259rin\u0259 ciddi z\u0259rb\u0259 oldu. \u018fslind\u0259 m\u00fclki t\u0259yyar\u0259y\u0259 a\u00e7\u0131lan at\u0259\u015f h\u0259m d\u0259 Rusiya il\u0259 Az\u0259rbaycan aras\u0131ndak\u0131 m\u00fctt\u0259fiqlik m\u00fcnasib\u0259tl\u0259rin\u0259 a\u00e7\u0131lm\u0131\u015fd\u0131. O zaman bir \u00e7oxlar\u0131 bu hadis\u0259d\u0259n heyr\u0259tl\u0259n\u0259r\u0259k Rusiyan\u0131n m\u0259hz indiki vaxtda, Ukrayna il\u0259 m\u00fcharib\u0259 fonunda \u00fczl\u0259\u015fdiyi sanksiyalar\u0131n davam\u0131 hal\u0131nda, onsuz da m\u00fctt\u0259fiql\u0259rini s\u00fcr\u0259tl\u0259 itirdiyi zamanda Az\u0259rbaycanla k\u00f6rp\u00fcl\u0259ri yand\u0131rmas\u0131n\u0131 a\u011flas\u0131\u011fmaz hesab edirdil\u0259r. Normal halda Rusiya h\u0259tta Q\u0259rb d\u00f6vl\u0259tl\u0259rinin t\u0259zyiql\u0259rin\u0259 r\u0259\u011fm\u0259n, onunla normal qon\u015fuluq m\u00fcnasib\u0259tl\u0259rini saxlayan Az\u0259rbaycan\u0131n m\u00fclki t\u0259yyar\u0259sin\u0259 q\u0259sd ed\u0259nl\u0259ri son n\u0259f\u0259rin\u0259d\u0259k c\u0259zaland\u0131rmaqda maraql\u0131 olmal\u0131 idi.<\/p>\n<p><img src=\"https:\/\/newscenter.az\/uploads\/posts\/2024-12\/elsad-musayev-00000000.jpg\" alt=\"El\u015fad Musayev: &quot;Pa\u015finyan s\u00fclh m\u00fcqavil\u0259sini 2026-c\u0131 il\u0259 q\u0259d\u0259r uzadacaq&quot;\" \/><\/p>\n<p><strong>El\u015fad Musayev<\/strong><\/p>\n<p><strong>Deputat El\u015fad Musayevin \u201cYeni M\u00fcsavat\u201da bildirdiyin\u0259 g\u00f6r\u0259, Rusiya il\u0259 m\u00fcnasib\u0259tl\u0259rd\u0259 \u00fc\u00e7 il \u0259rzind\u0259 h\u0259r hans\u0131 g\u0259rginlik olmam\u0131\u015fd\u0131, amma o dem\u0259k say\u0131lmaz ki, Moskva \u00f6z siyas\u0259tind\u0259n geri \u00e7\u0259kilmi\u015fdi:<\/strong>\u00a0\u201c\u0130ndi Ukrayna c\u0259bh\u0259sind\u0259 m\u00f6vqel\u0259r ayd\u0131nla\u015f\u0131r v\u0259 Rusiya \u00f6z \u015f\u0259rtl\u0259rini ir\u0259li s\u00fcr\u00fcr. Y\u0259ni Rusiya hesab edir ki, ba\u015f\u0131 m\u00fcharib\u0259d\u0259n a\u00e7\u0131l\u0131r v\u0259 yenid\u0259n \u00f6z\u00fcn\u0259 g\u0259l\u0259c\u0259k. Ona g\u00f6r\u0259 d\u0259 bizim 2022-ci ild\u0259 imzalad\u0131\u011f\u0131m\u0131z bu m\u00fcqavil\u0259 daha \u00e7ox z\u0259rur\u0259td\u0259n do\u011fan ger\u00e7\u0259klik idi. M\u0259n bu m\u00fcqavil\u0259d\u0259n uza\u011fa ged\u0259n n\u0259 is\u0259 g\u00f6zl\u0259mir\u0259m\u201d. E. Musayev Rusiyan\u0131n vurulan t\u0259yyar\u0259mizl\u0259 ba\u011fl\u0131 t\u0259l\u0259bl\u0259ri h\u0259l\u0259 d\u0259 yerin\u0259 yetirm\u0259diyini, bunun da m\u00fctt\u0259fiqlik sazi\u015finin ruhuna zidd oldu\u011funu hesab edir: \u201cArt\u0131q hadis\u0259nin iki ay\u0131n\u0131n tamam\u0131na az qal\u0131r v\u0259 r\u0259smi Moskva \u00e7al\u0131\u015f\u0131r ki, bu cinay\u0259ti \u00f6rt-basd\u0131r etsin. Ona g\u00f6r\u0259 biz Rusiyan\u0131n add\u0131mlar\u0131nda daha \u00e7ox m\u0259s\u0259l\u0259ni unutdurmaq c\u0259hdl\u0259rini m\u00fc\u015fahid\u0259 edirik. Sonuncu d\u0259f\u0259 r\u0259smi Moskva ad\u0131ndan Zaxarova dan\u0131\u015f\u0131b v\u0259 deyib ki, Bak\u0131 il\u0259 m\u00fcnasib\u0259tl\u0259ri korlama\u011fa c\u0259hd g\u00f6st\u0259r\u0259nl\u0259r var. Lakin \u00fc\u00e7\u00fcnc\u00fc t\u0259r\u0259fi axtarmaqdansa, Az\u0259rbaycan Prezidentinin s\u0259sl\u0259ndirdiyi t\u0259l\u0259bl\u0259ri icra etm\u0259k laz\u0131md\u0131r. \u018fg\u0259r biz strateji m\u00fctt\u0259fiqlik deklorasiyas\u0131 imzalam\u0131\u015f\u0131qsa, dem\u0259li, oradak\u0131 b\u0259ndl\u0259r\u0259 sadiq qalmaq, \u00f6hd\u0259likl\u0259ri yerin\u0259 yetirm\u0259k laz\u0131md\u0131r\u201d.<\/p>\n<p><strong>Deputat\u0131n fikrinc\u0259, bel\u0259 m\u00fctt\u0259fiqlik olmur:<\/strong>\u00a0\u201cBu nec\u0259 m\u00fctt\u0259fiqlik sazi\u015fidir ki, bizim hava g\u0259mimizi vurursan, bir c\u00fcml\u0259lik \u00fczr ist\u0259yirs\u0259n, amma n\u0259 at\u0259\u015f a\u00e7anlar\u0131 tutursan, n\u0259 z\u0259r\u0259r \u00e7\u0259k\u0259nl\u0259r\u0259 t\u0259zminat \u00f6d\u0259yirs\u0259n. \u018fsl m\u00fctt\u0259fiq is\u0259 dost kimi davran\u0131r v\u0259 s\u0259hvini boynuna alaraq vurdu\u011fu ziyan\u0131 \u00f6d\u0259yir ki, m\u00fcnasib\u0259tl\u0259r pisl\u0259\u015fm\u0259sin. O s\u0259b\u0259bd\u0259n, imzalanan s\u0259n\u0259d h\u0259min d\u00f6vrd\u0259 qlobal prosesl\u0259rin inki\u015faf\u0131 c\u0259h\u0259td\u0259n h\u0259r n\u0259 q\u0259d\u0259r m\u00fch\u00fcm olsa da, bu g\u00fcn biz g\u00f6r\u00fcr\u00fck ki, Rusiyan\u0131n imperialist t\u0259f\u0259kk\u00fcr\u00fc, ambisiyalar\u0131 d\u0259yi\u015fm\u0259yib\u201d. Deputat Az\u0259rbaycan\u0131n \u015fimal qon\u015fusu il\u0259 m\u00fcnasib\u0259tl\u0259rd\u0259 h\u0259r zaman s\u0259mimi oldu\u011funu v\u0259 Bak\u0131n\u0131n da Kremld\u0259n adekvat m\u00f6vqe g\u00f6zl\u0259diyini d\u00fc\u015f\u00fcn\u00fcr.<\/p>\n<p><img loading=\"lazy\" src=\"https:\/\/yenigundem.az\/wp-content\/uploads\/2024\/02\/yenigundem_6f031ba9ff70f16d65d974915550b00d_gtr56uhxjnkoi2wpf8zc.jpg\" alt=\"Fuad \u018fliyev s\u0259s verdi | Yeni G\u00fcnd\u0259m\" width=\"797\" height=\"531\" \/><\/p>\n<p><strong>Fuad \u018fliyev<\/strong><\/p>\n<p><strong>Siyasi \u015f\u0259rh\u00e7i Fuad \u018fliyevin s\u00f6zl\u0259rin\u0259 g\u00f6r\u0259, 22 fevral sazi\u015fi son d\u0259r\u0259c\u0259 \u0259h\u0259miyy\u0259tlidir v\u0259 bu g\u00fcn ba\u015f ver\u0259nl\u0259r onu s\u00fcbut edir:<\/strong>\u00a0\u201cUkrayna m\u00fcharib\u0259sinin n\u0259tic\u0259l\u0259ri, Az\u0259rbaycan\u0131n h\u0259min d\u00f6vrd\u0259 tutdu\u011fu m\u00f6vqe v\u0259 sava\u015fdan iki g\u00fcn qabaq o b\u0259yannam\u0259ni imzalamas\u0131 g\u00f6st\u0259rdi ki, Az\u0259rbaycan Prezidenti uzaqg\u00f6r\u0259ndir v\u0259 siyasi t\u0259cr\u00fcb\u0259si \u00e7ox b\u00f6y\u00fckd\u00fcr. M\u0259n bu s\u0259n\u0259d\u0259 h\u0259m d\u0259 Az\u0259rbaycan\u0131n \u00f6z\u00fcn\u00fc probleml\u0259rd\u0259n k\u0259nar tutmaq z\u0259man\u0259ti kimi bax\u0131ram. Rusiyan\u0131n hegemon g\u00fcc oldu\u011funu q\u0259bul etm\u0259k laz\u0131md\u0131r\u201d. Ekspertin fikrinc\u0259, bu s\u0259n\u0259din b\u0259hr\u0259sini d\u0259 g\u00f6rm\u00fc\u015f\u00fck: \u201cLiderl\u0259r s\u0259viyy\u0259sind\u0259 olan etimad\u0131n n\u0259tic\u0259si idi ki, s\u00fclhm\u0259raml\u0131 kontingent regionu vaxt\u0131ndan tez t\u0259rk etdi. Bundan az \u0259vv\u0259l is\u0259 Az\u0259rbaycan antiterror \u0259m\u0259liyyat\u0131 ke\u00e7ir\u0259nd\u0259 Rusiya i\u015f\u0259 qar\u0131\u015fmad\u0131. Eyni zamanda \u015eimal-C\u0259nub d\u0259hlizi, ticar\u0259t d\u00f6vriyy\u0259si, Baykal-Amur x\u0259tti v\u0259 dig\u0259r m\u00fcst\u0259vil\u0259rd\u0259 m\u00fch\u00fcm \u0259m\u0259kda\u015fl\u0131qlar var. H\u0259m\u00e7inin \u00f6t\u0259n ilin avqustunda prezident Putin Az\u0259rbaycanda y\u00fcks\u0259k s\u0259viyy\u0259d\u0259 qar\u015f\u0131land\u0131. Bunlar m\u00fctl\u0259q qeyd olunmal\u0131d\u0131r\u201d. F.\u018fliyev\u0259 g\u00f6r\u0259, \u00fcmumiyy\u0259tl\u0259, h\u0259min s\u0259n\u0259din \u0259h\u0259miyy\u0259tini Rusiya daha \u00e7ox qiym\u0259tl\u0259ndirm\u0259lidir: &#8220;Moskva bilir ki, sanksiyalara qo\u015fulmam\u0131\u015f\u0131q, Q\u0259rb koalisiyas\u0131nda i\u015ftirak etmirik, b\u00f6lg\u0259d\u0259 onun maraqlar\u0131na k\u0259skin \u015f\u0259kild\u0259 m\u0259nfi t\u0259sir ed\u0259c\u0259k add\u0131mlar at\u0131lm\u0131r. Ona g\u00f6r\u0259 d\u0259 biz h\u0259l\u0259 d\u0259 \u00fcmidliyik ki, istintaq\u0131n yekununda Rusiya t\u0259yyar\u0259 hadis\u0259si il\u0259 ba\u011fl\u0131 m\u0259hz m\u00fctt\u0259fiqliy\u0259 yara\u015fan m\u00f6vqed\u0259n \u00e7\u0131x\u0131\u015f ed\u0259c\u0259k. \u018fg\u0259r bunu etm\u0259y\u0259c\u0259ks\u0259, o zaman 22 fevral s\u0259n\u0259di getdikc\u0259 \u00f6n\u0259mini itirm\u0259y\u0259, m\u00fcnasib\u0259tl\u0259r soyuq s\u0259viyy\u0259d\u0259 qalma\u011fa davam ed\u0259c\u0259k\u201d.<\/p>\n","protected":false},"excerpt":{"rendered":"<p>\u018fslind\u0259 m\u00fclki t\u0259yyar\u0259y\u0259 a\u00e7\u0131lan at\u0259\u015f h\u0259m d\u0259 22 fevral sazi\u015fin\u0259 a\u00e7\u0131lm\u0131\u015fd\u0131 &#8211; siyas\u0259t\u00e7il\u0259rin Moskva b\u0259yannam\u0259sind\u0259n iki f\u0259rqli g\u00f6zl\u0259ntisi var Sabah &#8211; fevral\u0131n 22-d\u0259 Az\u0259rbaycan Prezidenti \u0130lham \u018fliyevin 2022-ci ild\u0259 Moskvada Rusiya prezidenti Vladimir Putinl\u0259 m\u00fctt\u0259fiqlik sazi\u015fi imzalamas\u0131n\u0131n \u00fc\u00e7 ili tamam olur. 43 madd\u0259lik m\u00fctt\u0259fiqlik s\u0259n\u0259di indiy\u0259 kimi iki \u00f6lk\u0259 aras\u0131nda olan siyasi, iqtisadi, h\u00fcquqi, ticar\u0259t, h\u0259rbi v\u0259 humanitar \u0259laq\u0259l\u0259rl\u0259 ba\u011fl\u0131 m\u00fcqavil\u0259l\u0259rin bir b\u0259yannam\u0259d\u0259 toplanaraq g\u0259l\u0259c\u0259k m\u00fcnasib\u0259tl\u0259rin yeni \u00e7\u0259r\u00e7iv\u0259sini m\u00fc\u0259yy\u0259n edirdi. Rusiya v\u0259 Az\u0259rbaycan aras\u0131nda dostluq, \u0259m\u0259kda\u015fl\u0131q v\u0259 qar\u015f\u0131l\u0131ql\u0131 t\u0259hl\u00fck\u0259sizlik haqq\u0131nda 3 iyul 1997-ci il tarixli m\u00fcqavil\u0259d\u0259, Rusiya v\u0259 Az\u0259rbaycan aras\u0131nda&hellip;<\/p>\n","protected":false},"author":2,"featured_media":789087,"comment_status":"closed","ping_status":"closed","sticky":false,"template":"","format":"standard","meta":{"om_disable_all_campaigns":false,"_monsterinsights_skip_tracking":false,"_monsterinsights_sitenote_active":false,"_monsterinsights_sitenote_note":"","_monsterinsights_sitenote_category":0},"categories":[4],"tags":[],"aioseo_notices":[],"gutentor_comment":0,"rttpg_featured_image_url":{"full":["https:\/\/arantv.az\/wp-content\/uploads\/2025\/02\/2b1fa5e0a942570fccc2f1e3e36b8aa4.jpg",780,470,false],"landscape":["https:\/\/arantv.az\/wp-content\/uploads\/2025\/02\/2b1fa5e0a942570fccc2f1e3e36b8aa4.jpg",780,470,false],"portraits":["https:\/\/arantv.az\/wp-content\/uploads\/2025\/02\/2b1fa5e0a942570fccc2f1e3e36b8aa4.jpg",780,470,false],"thumbnail":["https:\/\/arantv.az\/wp-content\/uploads\/2025\/02\/2b1fa5e0a942570fccc2f1e3e36b8aa4-500x280.jpg",500,280,true],"medium":["https:\/\/arantv.az\/wp-content\/uploads\/2025\/02\/2b1fa5e0a942570fccc2f1e3e36b8aa4-606x365.jpg",606,365,true],"large":["https:\/\/arantv.az\/wp-content\/uploads\/2025\/02\/2b1fa5e0a942570fccc2f1e3e36b8aa4.jpg",640,386,false],"1536x1536":["https:\/\/arantv.az\/wp-content\/uploads\/2025\/02\/2b1fa5e0a942570fccc2f1e3e36b8aa4.jpg",780,470,false],"2048x2048":["https:\/\/arantv.az\/wp-content\/uploads\/2025\/02\/2b1fa5e0a942570fccc2f1e3e36b8aa4.jpg",780,470,false],"post-thumbnail":["https:\/\/arantv.az\/wp-content\/uploads\/2025\/02\/2b1fa5e0a942570fccc2f1e3e36b8aa4-240x172.jpg",240,172,true],"advps-thumb-one":["https:\/\/arantv.az\/wp-content\/uploads\/2025\/02\/2b1fa5e0a942570fccc2f1e3e36b8aa4.jpg",780,470,false]},"rttpg_author":{"display_name":"V\u00fcsal Rafiqo\u011flu","author_link":"https:\/\/arantv.az\/?author=2"},"rttpg_comment":0,"rttpg_category":"<a href=\"https:\/\/arantv.az\/?cat=4\" rel=\"category\">Siyas\u0259t<\/a>","rttpg_excerpt":"\u018fslind\u0259 m\u00fclki t\u0259yyar\u0259y\u0259 a\u00e7\u0131lan at\u0259\u015f h\u0259m d\u0259 22 fevral sazi\u015fin\u0259 a\u00e7\u0131lm\u0131\u015fd\u0131 &#8211; siyas\u0259t\u00e7il\u0259rin Moskva b\u0259yannam\u0259sind\u0259n iki f\u0259rqli g\u00f6zl\u0259ntisi var Sabah &#8211; fevral\u0131n 22-d\u0259 Az\u0259rbaycan Prezidenti \u0130lham \u018fliyevin 2022-ci ild\u0259 Moskvada Rusiya prezidenti Vladimir Putinl\u0259 m\u00fctt\u0259fiqlik sazi\u015fi imzalamas\u0131n\u0131n \u00fc\u00e7 ili tamam olur. 43 madd\u0259lik m\u00fctt\u0259fiqlik s\u0259n\u0259di indiy\u0259 kimi iki \u00f6lk\u0259 aras\u0131nda olan siyasi, iqtisadi, h\u00fcquqi, ticar\u0259t,&hellip;","_links":{"self":[{"href":"https:\/\/arantv.az\/index.php?rest_route=\/wp\/v2\/posts\/789086"}],"collection":[{"href":"https:\/\/arantv.az\/index.php?rest_route=\/wp\/v2\/posts"}],"about":[{"href":"https:\/\/arantv.az\/index.php?rest_route=\/wp\/v2\/types\/post"}],"author":[{"embeddable":true,"href":"https:\/\/arantv.az\/index.php?rest_route=\/wp\/v2\/users\/2"}],"replies":[{"embeddable":true,"href":"https:\/\/arantv.az\/index.php?rest_route=%2Fwp%2Fv2%2Fcomments&post=789086"}],"version-history":[{"count":1,"href":"https:\/\/arantv.az\/index.php?rest_route=\/wp\/v2\/posts\/789086\/revisions"}],"predecessor-version":[{"id":789088,"href":"https:\/\/arantv.az\/index.php?rest_route=\/wp\/v2\/posts\/789086\/revisions\/789088"}],"wp:featuredmedia":[{"embeddable":true,"href":"https:\/\/arantv.az\/index.php?rest_route=\/wp\/v2\/media\/789087"}],"wp:attachment":[{"href":"https:\/\/arantv.az\/index.php?rest_route=%2Fwp%2Fv2%2Fmedia&parent=789086"}],"wp:term":[{"taxonomy":"category","embeddable":true,"href":"https:\/\/arantv.az\/index.php?rest_route=%2Fwp%2Fv2%2Fcategories&post=789086"},{"taxonomy":"post_tag","embeddable":true,"href":"https:\/\/arantv.az\/index.php?rest_route=%2Fwp%2Fv2%2Ftags&post=789086"}],"curies":[{"name":"wp","href":"https:\/\/api.w.org\/{rel}","templated":true}]}}