{"id":789095,"date":"2025-02-21T09:24:09","date_gmt":"2025-02-21T05:24:09","guid":{"rendered":"https:\/\/arantv.az\/?p=789095"},"modified":"2025-02-21T09:24:09","modified_gmt":"2025-02-21T05:24:09","slug":"%c9%99bulf%c9%99s-qarayev%c9%99-yeni-ittiham-d%c9%99d%c9%99-qorqudun-1-milyonunu","status":"publish","type":"post","link":"https:\/\/arantv.az\/?p=789095","title":{"rendered":"\u018fb\u00fclf\u0259s Qarayev\u0259 yeni ittiham &#8211; \u201cD\u0259d\u0259 Qorqud\u201dun 1 milyonunu&#8230;"},"content":{"rendered":"<h3><strong>\u015eeyx \u018fbd\u00fcl: \u201cOnun d\u00f6vr\u00fcnd\u0259 kinostudiyan\u0131n h\u0259y\u0259ti d\u0259 sat\u0131ld\u0131&#8230;\u201d<\/strong><\/h3>\n<p><strong>\u201cD\u0259d\u0259 Qorqud\u201d dastanlar\u0131 \u0259sas\u0131nda \u00e7oxseriyal\u0131 b\u0259dii televiziya filminin \u00e7\u0259kilm\u0259si haqq\u0131nda s\u0259r\u0259ncam\u0131n verilm\u0259sind\u0259n 12 il ke\u00e7ib. S\u0259r\u0259ncamda \u0259d\u0259bi ssenarinin haz\u0131rlanmas\u0131 v\u0259 t\u0259\u015fkilati m\u0259s\u0259l\u0259l\u0259rin h\u0259yata ke\u00e7irilm\u0259si m\u0259qs\u0259dil\u0259 2013-c\u00fc il d\u00f6vl\u0259t b\u00fcdc\u0259sind\u0259 n\u0259z\u0259rd\u0259 tutulmu\u015f Az\u0259rbaycan Prezidentinin Ehtiyat Fondundan ilkin olaraq M\u0259d\u0259niyy\u0259t v\u0259 Turizm Nazirliyin\u0259 1 milyon manat da ayr\u0131l\u0131b.<\/strong><\/p>\n<p>S\u0259r\u0259ncamda serial\u0131n \u00e7\u0259kilm\u0259si \u00fc\u00e7\u00fcn pul ayr\u0131lan qurum olan M\u0259d\u0259niyy\u0259t v\u0259 Turizm Nazirliyi 20 aprel 2018-ci ild\u0259 l\u0259\u011fv edilib v\u0259 onun \u0259sas\u0131nda M\u0259d\u0259niyy\u0259t Nazirliyi v\u0259 D\u00f6vl\u0259t Turizm Agentliyi yarad\u0131l\u0131b. Bizim.media indiy\u0259d\u0259k serial\u0131n \u00e7\u0259kilm\u0259m\u0259si m\u0259s\u0259l\u0259sini g\u00fcnd\u0259m\u0259 g\u0259tir\u0259r\u0259k yaz\u0131 d\u0259rc edib.<\/p>\n<p><strong>\u201cD\u0259d\u0259-Qorqud\u201d serial\u0131n\u0131n \u0259rs\u0259y\u0259 g\u0259lm\u0259sin\u0259 n\u0259yin mane oldu\u011funu, Xalq yaz\u0131\u00e7\u0131s\u0131 Anar\u0131n t\u0259qdim etdiyi ssenariy\u0259 n\u0259 zaman serial\u0131n \u00e7\u0259kilm\u0259si il\u0259 ba\u011fl\u0131 M\u0259d\u0259niyy\u0259t Nazirliyin\u0259 sor\u011fu \u00fcnvanlan\u0131b. M\u0259d\u0259niyy\u0259t Nazirliyind\u0259n bildirilib ki, haz\u0131rda layih\u0259nin h\u0259yata ke\u00e7irilm\u0259si istiqam\u0259tind\u0259 m\u00fcvafiq i\u015fl\u0259r apar\u0131l\u0131r:<\/strong>\u00a0\u201cXalq yaz\u0131\u00e7\u0131s\u0131 Anar t\u0259r\u0259find\u0259n t\u0259qdim edilmi\u015f ssenarinin qiym\u0259tl\u0259ndirilm\u0259si v\u0259 maliyy\u0259 qaynaqlar\u0131n\u0131n tap\u0131lmas\u0131 m\u0259s\u0259l\u0259l\u0259rinin h\u0259lli m\u0259qs\u0259dil\u0259 m\u00fczakir\u0259l\u0259r gedir. Bu prosesl\u0259r tamamland\u0131qdan sonra serial\u0131n \u00e7\u0259kili\u015fi il\u0259 ba\u011fl\u0131 n\u00f6vb\u0259ti m\u0259rh\u0259l\u0259l\u0259r m\u00fc\u0259yy\u0259nl\u0259\u015fdiril\u0259c\u0259k v\u0259 yekun q\u0259rar ictimaiyy\u0259t\u0259 a\u00e7\u0131qlanacaq\u201d.<\/p>\n<p>Qeyd ed\u0259k ki, 2013-c\u00fc ild\u0259 m\u0259d\u0259niyy\u0259t v\u0259 turizm naziri \u018fb\u00fclf\u0259s Qarayev olub. O, 2006-2018-ci ill\u0259rd\u0259 nazirliy\u0259 r\u0259hb\u0259rlik edib. D\u00f6vl\u0259t T\u0259hl\u00fck\u0259sizlik Xidm\u0259tinin 2020-ci ilin may ay\u0131nda M\u0259d\u0259niyy\u0259t Nazirliyind\u0259 ke\u00e7irdiyi \u0259m\u0259liyyatla nazirin m\u00fcavini v\u0259 xidm\u0259t r\u0259isi h\u0259bs edilmi\u015fdi. DTX-n\u0131n \u0259m\u0259liyyat\u0131ndan bir ne\u00e7\u0259 g\u00fcn sonra \u018fb\u00fclf\u0259s Qarayev Prezidentin s\u0259r\u0259ncam\u0131 il\u0259 v\u0259zif\u0259sind\u0259n azad olundu. H\u0259min zaman iki y\u00fcks\u0259k v\u0259zif\u0259li \u015f\u0259xsi r\u00fc\u015fv\u0259t v\u0259 m\u0259nims\u0259m\u0259y\u0259 g\u00f6r\u0259 h\u0259bs edil\u0259n sabiq nazirin d\u0259 istintaqa c\u0259lb edildiyi, h\u0259tta h\u0259bs edil\u0259 bil\u0259c\u0259yi haqda m\u0259lumatlar yay\u0131mlan\u0131rd\u0131. Lakin \u018f.Qarayev n\u0259 cinay\u0259t m\u0259suliyy\u0259tin\u0259 c\u0259lb edildi, n\u0259 m\u0259hk\u0259m\u0259d\u0259 ifad\u0259 verdi.<\/p>\n<p><img src=\"https:\/\/olay.az\/uploads\/posts\/2022-08\/1659550377_efvvrgrgr.jpg\" alt=\"\u015eeyx \u018fbd\u00fcl koronaya yoluxdu\" \/><\/p>\n<p><strong>\u015eeyx \u018fbd\u00fcl Mahmudov\u00a0<\/strong><\/p>\n<p><strong>M\u0259s\u0259l\u0259 il\u0259 ba\u011fl\u0131 \u201cYeni M\u00fcsavat\u201d olaraq sabiq nazir \u018fb\u00fclf\u0259z Qarayevin m\u00f6vqeyini \u00f6yr\u0259nm\u0259k ist\u0259s\u0259k d\u0259, z\u0259ngl\u0259rimiz cavabs\u0131z qald\u0131.<\/strong><\/p>\n<p>Xalq artisti, kinorejissor v\u0259 aktyor \u015eeyx \u018fbd\u00fcl Mahmudov \u201cYeni M\u00fcsavat\u201da a\u00e7\u0131qlamas\u0131nda bunlar\u0131 deyib: &#8220;&#8221;D\u0259d\u0259 Qorqud&#8221; serial\u0131 \u00fc\u00e7\u00fcn bu q\u0259d\u0259r pul ayr\u0131l\u0131b, amma ortada n\u0259 film var, n\u0259 d\u0259 v\u0259sait. Bu, d\u0259h\u015f\u0259tdir! Nec\u0259 ola bil\u0259r ki, d\u00f6vl\u0259t m\u00fc\u0259yy\u0259n q\u0259d\u0259r v\u0259sait ay\u0131r\u0131r, amma n\u0259tic\u0259 yoxdur? G\u00f6r\u00fcn kinoya m\u00fcnasib\u0259t nec\u0259dir! Kino m\u0259b\u0259di olan bir sah\u0259y\u0259 bel\u0259 yana\u015f\u0131blar. Ona g\u00f6r\u0259 d\u0259 bu g\u00fcn kinomuz bu v\u0259ziyy\u0259td\u0259dir.<\/p>\n<p>\u00dcmumiyy\u0259tl\u0259, d\u00f6vl\u0259t kinoya kifay\u0259t q\u0259d\u0259r maliyy\u0259 ay\u0131r\u0131r, amma bu v\u0259saitl\u0259r kino adamlar\u0131na \u00e7atm\u0131r. \u00c7\u00fcnki bu sah\u0259y\u0259 n\u0259zar\u0259t ed\u0259nl\u0259rin kinodan anlay\u0131\u015f\u0131 yoxdur. G\u0259r\u0259k kinoya kinodan anlay\u0131\u015f\u0131 olan insanlar r\u0259hb\u0259rlik etsin. Yoxsa ki, t\u0259sad\u00fcfi adamlar &#8211; k\u00fc\u00e7\u0259d\u0259n g\u0259l\u0259nl\u0259r, yaxud k\u0259nd t\u0259s\u0259rr\u00fcfat\u0131 \u00fczr\u0259 t\u0259hsil alanlar kino s\u0259nayesind\u0259 r\u0259hb\u0259r v\u0259zif\u0259l\u0259rd\u0259 oturur. Bu da kino\u00e7ular\u0131n inki\u015faf\u0131na deyil, \u0259ksin\u0259, \u00e7\u00f6k\u00fc\u015f\u00fcn\u0259 s\u0259b\u0259b olur&#8221;.<\/p>\n<p><strong>\u015eeyx \u018fbd\u00fcl Mahmudov vur\u011fulay\u0131b ki, kinoya ayr\u0131lan v\u0259saitl\u0259rin hara x\u0259rcl\u0259ndiyi il\u0259 ba\u011fl\u0131 ciddi suallar var:<\/strong>\u00a0\u201cBu, ilk d\u0259f\u0259 deyil. H\u0259mi\u015f\u0259 kinonun ad\u0131na pullar yaz\u0131l\u0131r, amma o pullar\u0131n kiml\u0259r\u0259 v\u0259 hara getdiyi bilinmir. Sonra da deyirl\u0259r ki, kinostudiya niy\u0259 bu g\u00fcnd\u0259dir? Bir sual da var: b\u0259s niy\u0259 indi bu m\u0259s\u0259l\u0259 g\u00fcnd\u0259m\u0259 g\u0259tirilir? 12 il ke\u00e7\u0259nd\u0259n sonra niy\u0259 ara\u015fd\u0131rma apar\u0131rlar? El\u0259 m\u0259nim &#8220;\u015eah \u0130smay\u0131l X\u0259tai&#8221; filmimin d\u0259 aqib\u0259ti bel\u0259 oldu. Heyd\u0259r \u018fliyevin t\u0259\u015f\u0259bb\u00fcs\u00fc il\u0259 \u00e7\u0259kili\u015fl\u0259r ba\u015flad\u0131, m\u00fc\u0259yy\u0259n v\u0259sait ayr\u0131ld\u0131, amma film dayand\u0131r\u0131ld\u0131, maliyy\u0259 verilm\u0259di. Ne\u00e7\u0259 ill\u0259rdir bu m\u0259s\u0259l\u0259ni qald\u0131r\u0131ram, amma cavab yoxdur. Anar K\u0259rimov bir d\u0259f\u0259 m\u0259n\u0259 dedi ki, h\u0259r il c\u0259nab prezidentin tap\u015f\u0131r\u0131\u011f\u0131 il\u0259 milli kinonun b\u0259rpas\u0131 \u00fc\u00e7\u00fcn 5 milyon manat ayr\u0131l\u0131r. Sa\u011f olsunlar ki, pul ay\u0131r\u0131rlar, amma bu v\u0259saitl\u0259r\u0259 n\u0259zar\u0259t edilmir. Pul var, amma n\u0259tic\u0259 yoxdur. Dem\u0259k ki, v\u0259sait d\u00fczg\u00fcn x\u0259rcl\u0259nmir v\u0259 ya kino sah\u0259sind\u0259n k\u0259nar \u015f\u0259xsl\u0259rin cibin\u0259 gedir.\u00a0 \u201cD\u0259d\u0259 Qorqud\u201d serial\u0131na ayr\u0131lan 1 milyon manat\u0131n yoxa \u00e7\u0131xmas\u0131 il\u0259 ba\u011fl\u0131 kino adamlar\u0131ndan soru\u015furam, deyirl\u0259r ki, bu serial haqq\u0131nda \u00fcmumiyy\u0259tl\u0259 he\u00e7 n\u0259 e\u015fitm\u0259yibl\u0259r. Kinoya ayr\u0131lan pullar kinostudiyaya getm\u0259lidir. Amma hara, kim\u0259 x\u0259rcl\u0259nir &#8211; bilinmir. Prezidentin s\u0259r\u0259ncam\u0131 il\u0259 ayr\u0131lan pullar kinostudiyaya \u00e7atm\u0131r. Biz kino\u00e7ular bu i\u015fl\u0259rd\u0259n x\u0259b\u0259rsiz qal\u0131r\u0131q. Bel\u0259 bir film \u00e7\u0259kilm\u0259yibs\u0259, b\u0259s ayr\u0131lan pullar hara gedib?&#8221;<\/p>\n<p><strong>\u015eeyx \u018fbd\u00fcl Mahmudov ke\u00e7mi\u015f m\u0259d\u0259niyy\u0259t naziri \u018fb\u00fclf\u0259z Qarayevin d\u00f6vr\u00fcnd\u0259 kinostudiyan\u0131n h\u0259y\u0259tinin sat\u0131ld\u0131\u011f\u0131n\u0131 da deyib:<\/strong>\u00a0\u201cKinostudiyan\u0131n h\u0259y\u0259ti sat\u0131ld\u0131, yerind\u0259 evl\u0259r tikilib sat\u0131\u015fa \u00e7\u0131xar\u0131ld\u0131. O vaxt kinostudiyada \u00e7\u0259kili\u015fl\u0259r art\u0131q yox idi. C\u0259mi 3-5 m\u0259sul \u015f\u0259xs qalm\u0131\u015fd\u0131, onlar\u0131n da orada n\u0259 i\u015f g\u00f6rd\u00fcy\u00fcn\u00fc he\u00e7 kim bilmirdi. \u00c7\u0259kili\u015f meydan\u00e7alar\u0131 yoxa \u00e7\u0131xd\u0131, kinoya olan son \u00fcmidl\u0259r d\u0259 t\u00fck\u0259ndi\u201d.<\/p>\n","protected":false},"excerpt":{"rendered":"<p>\u015eeyx \u018fbd\u00fcl: \u201cOnun d\u00f6vr\u00fcnd\u0259 kinostudiyan\u0131n h\u0259y\u0259ti d\u0259 sat\u0131ld\u0131&#8230;\u201d \u201cD\u0259d\u0259 Qorqud\u201d dastanlar\u0131 \u0259sas\u0131nda \u00e7oxseriyal\u0131 b\u0259dii televiziya filminin \u00e7\u0259kilm\u0259si haqq\u0131nda s\u0259r\u0259ncam\u0131n verilm\u0259sind\u0259n 12 il ke\u00e7ib. S\u0259r\u0259ncamda \u0259d\u0259bi ssenarinin haz\u0131rlanmas\u0131 v\u0259 t\u0259\u015fkilati m\u0259s\u0259l\u0259l\u0259rin h\u0259yata ke\u00e7irilm\u0259si m\u0259qs\u0259dil\u0259 2013-c\u00fc il d\u00f6vl\u0259t b\u00fcdc\u0259sind\u0259 n\u0259z\u0259rd\u0259 tutulmu\u015f Az\u0259rbaycan Prezidentinin Ehtiyat Fondundan ilkin olaraq M\u0259d\u0259niyy\u0259t v\u0259 Turizm Nazirliyin\u0259 1 milyon manat da ayr\u0131l\u0131b. S\u0259r\u0259ncamda serial\u0131n \u00e7\u0259kilm\u0259si \u00fc\u00e7\u00fcn pul ayr\u0131lan qurum olan M\u0259d\u0259niyy\u0259t v\u0259 Turizm Nazirliyi 20 aprel 2018-ci ild\u0259 l\u0259\u011fv edilib v\u0259 onun \u0259sas\u0131nda M\u0259d\u0259niyy\u0259t Nazirliyi v\u0259 D\u00f6vl\u0259t Turizm Agentliyi yarad\u0131l\u0131b. Bizim.media indiy\u0259d\u0259k serial\u0131n \u00e7\u0259kilm\u0259m\u0259si m\u0259s\u0259l\u0259sini g\u00fcnd\u0259m\u0259 g\u0259tir\u0259r\u0259k yaz\u0131&hellip;<\/p>\n","protected":false},"author":2,"featured_media":789096,"comment_status":"closed","ping_status":"closed","sticky":false,"template":"","format":"standard","meta":{"om_disable_all_campaigns":false,"_monsterinsights_skip_tracking":false,"_monsterinsights_sitenote_active":false,"_monsterinsights_sitenote_note":"","_monsterinsights_sitenote_category":0},"categories":[1],"tags":[],"aioseo_notices":[],"gutentor_comment":0,"rttpg_featured_image_url":{"full":["https:\/\/arantv.az\/wp-content\/uploads\/2025\/02\/66029e9787587fc97d8c9f48c5b5bb81.jpg",700,460,false],"landscape":["https:\/\/arantv.az\/wp-content\/uploads\/2025\/02\/66029e9787587fc97d8c9f48c5b5bb81.jpg",700,460,false],"portraits":["https:\/\/arantv.az\/wp-content\/uploads\/2025\/02\/66029e9787587fc97d8c9f48c5b5bb81.jpg",700,460,false],"thumbnail":["https:\/\/arantv.az\/wp-content\/uploads\/2025\/02\/66029e9787587fc97d8c9f48c5b5bb81-500x280.jpg",500,280,true],"medium":["https:\/\/arantv.az\/wp-content\/uploads\/2025\/02\/66029e9787587fc97d8c9f48c5b5bb81-555x365.jpg",555,365,true],"large":["https:\/\/arantv.az\/wp-content\/uploads\/2025\/02\/66029e9787587fc97d8c9f48c5b5bb81.jpg",640,421,false],"1536x1536":["https:\/\/arantv.az\/wp-content\/uploads\/2025\/02\/66029e9787587fc97d8c9f48c5b5bb81.jpg",700,460,false],"2048x2048":["https:\/\/arantv.az\/wp-content\/uploads\/2025\/02\/66029e9787587fc97d8c9f48c5b5bb81.jpg",700,460,false],"post-thumbnail":["https:\/\/arantv.az\/wp-content\/uploads\/2025\/02\/66029e9787587fc97d8c9f48c5b5bb81-240x172.jpg",240,172,true],"advps-thumb-one":["https:\/\/arantv.az\/wp-content\/uploads\/2025\/02\/66029e9787587fc97d8c9f48c5b5bb81.jpg",700,460,false]},"rttpg_author":{"display_name":"V\u00fcsal Rafiqo\u011flu","author_link":"https:\/\/arantv.az\/?author=2"},"rttpg_comment":0,"rttpg_category":"<a href=\"https:\/\/arantv.az\/?cat=1\" rel=\"category\">C\u0259miyy\u0259t<\/a>","rttpg_excerpt":"\u015eeyx \u018fbd\u00fcl: \u201cOnun d\u00f6vr\u00fcnd\u0259 kinostudiyan\u0131n h\u0259y\u0259ti d\u0259 sat\u0131ld\u0131&#8230;\u201d \u201cD\u0259d\u0259 Qorqud\u201d dastanlar\u0131 \u0259sas\u0131nda \u00e7oxseriyal\u0131 b\u0259dii televiziya filminin \u00e7\u0259kilm\u0259si haqq\u0131nda s\u0259r\u0259ncam\u0131n verilm\u0259sind\u0259n 12 il ke\u00e7ib. S\u0259r\u0259ncamda \u0259d\u0259bi ssenarinin haz\u0131rlanmas\u0131 v\u0259 t\u0259\u015fkilati m\u0259s\u0259l\u0259l\u0259rin h\u0259yata ke\u00e7irilm\u0259si m\u0259qs\u0259dil\u0259 2013-c\u00fc il d\u00f6vl\u0259t b\u00fcdc\u0259sind\u0259 n\u0259z\u0259rd\u0259 tutulmu\u015f Az\u0259rbaycan Prezidentinin Ehtiyat Fondundan ilkin olaraq M\u0259d\u0259niyy\u0259t v\u0259 Turizm Nazirliyin\u0259 1 milyon manat da ayr\u0131l\u0131b. S\u0259r\u0259ncamda&hellip;","_links":{"self":[{"href":"https:\/\/arantv.az\/index.php?rest_route=\/wp\/v2\/posts\/789095"}],"collection":[{"href":"https:\/\/arantv.az\/index.php?rest_route=\/wp\/v2\/posts"}],"about":[{"href":"https:\/\/arantv.az\/index.php?rest_route=\/wp\/v2\/types\/post"}],"author":[{"embeddable":true,"href":"https:\/\/arantv.az\/index.php?rest_route=\/wp\/v2\/users\/2"}],"replies":[{"embeddable":true,"href":"https:\/\/arantv.az\/index.php?rest_route=%2Fwp%2Fv2%2Fcomments&post=789095"}],"version-history":[{"count":1,"href":"https:\/\/arantv.az\/index.php?rest_route=\/wp\/v2\/posts\/789095\/revisions"}],"predecessor-version":[{"id":789097,"href":"https:\/\/arantv.az\/index.php?rest_route=\/wp\/v2\/posts\/789095\/revisions\/789097"}],"wp:featuredmedia":[{"embeddable":true,"href":"https:\/\/arantv.az\/index.php?rest_route=\/wp\/v2\/media\/789096"}],"wp:attachment":[{"href":"https:\/\/arantv.az\/index.php?rest_route=%2Fwp%2Fv2%2Fmedia&parent=789095"}],"wp:term":[{"taxonomy":"category","embeddable":true,"href":"https:\/\/arantv.az\/index.php?rest_route=%2Fwp%2Fv2%2Fcategories&post=789095"},{"taxonomy":"post_tag","embeddable":true,"href":"https:\/\/arantv.az\/index.php?rest_route=%2Fwp%2Fv2%2Ftags&post=789095"}],"curies":[{"name":"wp","href":"https:\/\/api.w.org\/{rel}","templated":true}]}}