{"id":789117,"date":"2025-02-21T10:38:55","date_gmt":"2025-02-21T06:38:55","guid":{"rendered":"https:\/\/arantv.az\/?p=789117"},"modified":"2025-02-21T10:38:55","modified_gmt":"2025-02-21T06:38:55","slug":"az%c9%99rbaycan-prezidenti-hulusi-akari-q%c9%99bul-edib","status":"publish","type":"post","link":"https:\/\/arantv.az\/?p=789117","title":{"rendered":"Az\u0259rbaycan Prezidenti Hulusi Akar\u0131 q\u0259bul edib"},"content":{"rendered":"<p><strong>Az\u0259rbaycan Respublikas\u0131n\u0131n Prezidenti \u0130lham \u018fliyev fevral\u0131n 21-d\u0259 T\u00fcrkiy\u0259 B\u00f6y\u00fck Mill\u0259t M\u0259clisinin deputat\u0131, parlamentin Milli m\u00fcdafi\u0259 komissiyas\u0131n\u0131n s\u0259dri, T\u00fcrkiy\u0259 Respublikas\u0131n\u0131n sabiq milli m\u00fcdafi\u0259 naziri Hulusi Akar\u0131 q\u0259bul edib.<\/strong><\/p>\n<p><strong>ARANTV.AZ <\/strong>\u00a0x\u0259b\u0259r verir ki, s\u00f6hb\u0259t zaman\u0131 iki \u00f6lk\u0259 aras\u0131nda qarda\u015fl\u0131q, dostluq v\u0259 strateji m\u00fctt\u0259fiqlik m\u00fcnasib\u0259tl\u0259rinin b\u00fct\u00fcn sah\u0259l\u0259rd\u0259 u\u011furla inki\u015faf etdiyi vur\u011fulan\u0131b, parlamentl\u0259raras\u0131 \u0259m\u0259kda\u015fl\u0131\u011f\u0131n daha da geni\u015fl\u0259ndirilm\u0259si m\u0259mnunluqla qeyd olunub.<\/p>\n<p>Hulusi Akar d\u00f6vl\u0259t ba\u015f\u00e7\u0131s\u0131na xatir\u0259 h\u0259diyy\u0259si t\u0259qdim edib.<\/p>\n","protected":false},"excerpt":{"rendered":"<p>Az\u0259rbaycan Respublikas\u0131n\u0131n Prezidenti \u0130lham \u018fliyev fevral\u0131n 21-d\u0259 T\u00fcrkiy\u0259 B\u00f6y\u00fck Mill\u0259t M\u0259clisinin deputat\u0131, parlamentin Milli m\u00fcdafi\u0259 komissiyas\u0131n\u0131n s\u0259dri, T\u00fcrkiy\u0259 Respublikas\u0131n\u0131n sabiq milli m\u00fcdafi\u0259 naziri Hulusi Akar\u0131 q\u0259bul edib. ARANTV.AZ \u00a0x\u0259b\u0259r verir ki, s\u00f6hb\u0259t zaman\u0131 iki \u00f6lk\u0259 aras\u0131nda qarda\u015fl\u0131q, dostluq v\u0259 strateji m\u00fctt\u0259fiqlik m\u00fcnasib\u0259tl\u0259rinin b\u00fct\u00fcn sah\u0259l\u0259rd\u0259 u\u011furla inki\u015faf etdiyi vur\u011fulan\u0131b, parlamentl\u0259raras\u0131 \u0259m\u0259kda\u015fl\u0131\u011f\u0131n daha da geni\u015fl\u0259ndirilm\u0259si m\u0259mnunluqla qeyd olunub. Hulusi Akar d\u00f6vl\u0259t ba\u015f\u00e7\u0131s\u0131na xatir\u0259 h\u0259diyy\u0259si t\u0259qdim edib.<\/p>\n","protected":false},"author":2,"featured_media":789118,"comment_status":"closed","ping_status":"closed","sticky":false,"template":"","format":"standard","meta":{"om_disable_all_campaigns":false,"_monsterinsights_skip_tracking":false,"_monsterinsights_sitenote_active":false,"_monsterinsights_sitenote_note":"","_monsterinsights_sitenote_category":0},"categories":[4],"tags":[],"aioseo_notices":[],"gutentor_comment":0,"rttpg_featured_image_url":{"full":["https:\/\/arantv.az\/wp-content\/uploads\/2025\/02\/d7bd52f32037be9de33d9da6f2623939.jpg",850,498,false],"landscape":["https:\/\/arantv.az\/wp-content\/uploads\/2025\/02\/d7bd52f32037be9de33d9da6f2623939.jpg",850,498,false],"portraits":["https:\/\/arantv.az\/wp-content\/uploads\/2025\/02\/d7bd52f32037be9de33d9da6f2623939.jpg",850,498,false],"thumbnail":["https:\/\/arantv.az\/wp-content\/uploads\/2025\/02\/d7bd52f32037be9de33d9da6f2623939-500x280.jpg",500,280,true],"medium":["https:\/\/arantv.az\/wp-content\/uploads\/2025\/02\/d7bd52f32037be9de33d9da6f2623939-623x365.jpg",623,365,true],"large":["https:\/\/arantv.az\/wp-content\/uploads\/2025\/02\/d7bd52f32037be9de33d9da6f2623939-840x492.jpg",640,375,true],"1536x1536":["https:\/\/arantv.az\/wp-content\/uploads\/2025\/02\/d7bd52f32037be9de33d9da6f2623939.jpg",850,498,false],"2048x2048":["https:\/\/arantv.az\/wp-content\/uploads\/2025\/02\/d7bd52f32037be9de33d9da6f2623939.jpg",850,498,false],"post-thumbnail":["https:\/\/arantv.az\/wp-content\/uploads\/2025\/02\/d7bd52f32037be9de33d9da6f2623939-240x172.jpg",240,172,true],"advps-thumb-one":["https:\/\/arantv.az\/wp-content\/uploads\/2025\/02\/d7bd52f32037be9de33d9da6f2623939.jpg",850,498,false]},"rttpg_author":{"display_name":"V\u00fcsal Rafiqo\u011flu","author_link":"https:\/\/arantv.az\/?author=2"},"rttpg_comment":0,"rttpg_category":"<a href=\"https:\/\/arantv.az\/?cat=4\" rel=\"category\">Siyas\u0259t<\/a>","rttpg_excerpt":"Az\u0259rbaycan Respublikas\u0131n\u0131n Prezidenti \u0130lham \u018fliyev fevral\u0131n 21-d\u0259 T\u00fcrkiy\u0259 B\u00f6y\u00fck Mill\u0259t M\u0259clisinin deputat\u0131, parlamentin Milli m\u00fcdafi\u0259 komissiyas\u0131n\u0131n s\u0259dri, T\u00fcrkiy\u0259 Respublikas\u0131n\u0131n sabiq milli m\u00fcdafi\u0259 naziri Hulusi Akar\u0131 q\u0259bul edib. ARANTV.AZ \u00a0x\u0259b\u0259r verir ki, s\u00f6hb\u0259t zaman\u0131 iki \u00f6lk\u0259 aras\u0131nda qarda\u015fl\u0131q, dostluq v\u0259 strateji m\u00fctt\u0259fiqlik m\u00fcnasib\u0259tl\u0259rinin b\u00fct\u00fcn sah\u0259l\u0259rd\u0259 u\u011furla inki\u015faf etdiyi vur\u011fulan\u0131b, parlamentl\u0259raras\u0131 \u0259m\u0259kda\u015fl\u0131\u011f\u0131n daha da geni\u015fl\u0259ndirilm\u0259si m\u0259mnunluqla qeyd&hellip;","_links":{"self":[{"href":"https:\/\/arantv.az\/index.php?rest_route=\/wp\/v2\/posts\/789117"}],"collection":[{"href":"https:\/\/arantv.az\/index.php?rest_route=\/wp\/v2\/posts"}],"about":[{"href":"https:\/\/arantv.az\/index.php?rest_route=\/wp\/v2\/types\/post"}],"author":[{"embeddable":true,"href":"https:\/\/arantv.az\/index.php?rest_route=\/wp\/v2\/users\/2"}],"replies":[{"embeddable":true,"href":"https:\/\/arantv.az\/index.php?rest_route=%2Fwp%2Fv2%2Fcomments&post=789117"}],"version-history":[{"count":2,"href":"https:\/\/arantv.az\/index.php?rest_route=\/wp\/v2\/posts\/789117\/revisions"}],"predecessor-version":[{"id":789120,"href":"https:\/\/arantv.az\/index.php?rest_route=\/wp\/v2\/posts\/789117\/revisions\/789120"}],"wp:featuredmedia":[{"embeddable":true,"href":"https:\/\/arantv.az\/index.php?rest_route=\/wp\/v2\/media\/789118"}],"wp:attachment":[{"href":"https:\/\/arantv.az\/index.php?rest_route=%2Fwp%2Fv2%2Fmedia&parent=789117"}],"wp:term":[{"taxonomy":"category","embeddable":true,"href":"https:\/\/arantv.az\/index.php?rest_route=%2Fwp%2Fv2%2Fcategories&post=789117"},{"taxonomy":"post_tag","embeddable":true,"href":"https:\/\/arantv.az\/index.php?rest_route=%2Fwp%2Fv2%2Ftags&post=789117"}],"curies":[{"name":"wp","href":"https:\/\/api.w.org\/{rel}","templated":true}]}}