{"id":789355,"date":"2025-02-22T11:55:58","date_gmt":"2025-02-22T07:55:58","guid":{"rendered":"https:\/\/arantv.az\/?p=789355"},"modified":"2025-02-22T11:55:58","modified_gmt":"2025-02-22T07:55:58","slug":"ilk-s%c9%99f%c9%99rim-az%c9%99rbaycana-olacaq","status":"publish","type":"post","link":"https:\/\/arantv.az\/?p=789355","title":{"rendered":"&#8220;\u0130lk s\u0259f\u0259rim Az\u0259rbaycana olacaq&#8221;"},"content":{"rendered":"<p>&#8220;M\u0259n n\u00fcmun\u0259vi lider olan \u0130lham \u018fliyev haqq\u0131nda dan\u0131\u015fa bil\u0259r\u0259m. Az\u0259rbaycana v\u0259 \u0130lham \u018fliyev\u0259 u\u011furlar arzu edir\u0259m. Hesab edir\u0259m ki, ilk s\u0259f\u0259rim Az\u0259rbaycana ola bil\u0259r. Az\u0259rbaycanla dostluqdan b\u0259hs etdik. Ona g\u00f6r\u0259 d\u0259 ilk s\u0259f\u0259rim Az\u0259rbaycana olmal\u0131d\u0131r. Bu s\u0259f\u0259ri s\u0259birsizlikl\u0259 g\u00f6zl\u0259yir\u0259m&#8221;.<\/p>\n<p><strong>ARANTV.AZ <\/strong>\u00a0bildirir ki,\u00a0bunu G\u00fcrc\u00fcstan Prezidenti Mixail Kavela\u015fvili Real TV-y\u0259 m\u00fcsahib\u0259sind\u0259 deyib.<\/p>\n","protected":false},"excerpt":{"rendered":"<p>&#8220;M\u0259n n\u00fcmun\u0259vi lider olan \u0130lham \u018fliyev haqq\u0131nda dan\u0131\u015fa bil\u0259r\u0259m. Az\u0259rbaycana v\u0259 \u0130lham \u018fliyev\u0259 u\u011furlar arzu edir\u0259m. Hesab edir\u0259m ki, ilk s\u0259f\u0259rim Az\u0259rbaycana ola bil\u0259r. Az\u0259rbaycanla dostluqdan b\u0259hs etdik. Ona g\u00f6r\u0259 d\u0259 ilk s\u0259f\u0259rim Az\u0259rbaycana olmal\u0131d\u0131r. Bu s\u0259f\u0259ri s\u0259birsizlikl\u0259 g\u00f6zl\u0259yir\u0259m&#8221;. ARANTV.AZ \u00a0bildirir ki,\u00a0bunu G\u00fcrc\u00fcstan Prezidenti Mixail Kavela\u015fvili Real TV-y\u0259 m\u00fcsahib\u0259sind\u0259 deyib.<\/p>\n","protected":false},"author":2,"featured_media":789356,"comment_status":"closed","ping_status":"closed","sticky":false,"template":"","format":"standard","meta":{"om_disable_all_campaigns":false,"_monsterinsights_skip_tracking":false,"_monsterinsights_sitenote_active":false,"_monsterinsights_sitenote_note":"","_monsterinsights_sitenote_category":0},"categories":[4],"tags":[],"aioseo_notices":[],"gutentor_comment":0,"rttpg_featured_image_url":{"full":["https:\/\/arantv.az\/wp-content\/uploads\/2025\/02\/f406177d63551e9ea2bcb838fec1c426.jpg",870,500,false],"landscape":["https:\/\/arantv.az\/wp-content\/uploads\/2025\/02\/f406177d63551e9ea2bcb838fec1c426.jpg",870,500,false],"portraits":["https:\/\/arantv.az\/wp-content\/uploads\/2025\/02\/f406177d63551e9ea2bcb838fec1c426.jpg",870,500,false],"thumbnail":["https:\/\/arantv.az\/wp-content\/uploads\/2025\/02\/f406177d63551e9ea2bcb838fec1c426-500x280.jpg",500,280,true],"medium":["https:\/\/arantv.az\/wp-content\/uploads\/2025\/02\/f406177d63551e9ea2bcb838fec1c426-635x365.jpg",635,365,true],"large":["https:\/\/arantv.az\/wp-content\/uploads\/2025\/02\/f406177d63551e9ea2bcb838fec1c426-840x483.jpg",640,368,true],"1536x1536":["https:\/\/arantv.az\/wp-content\/uploads\/2025\/02\/f406177d63551e9ea2bcb838fec1c426.jpg",870,500,false],"2048x2048":["https:\/\/arantv.az\/wp-content\/uploads\/2025\/02\/f406177d63551e9ea2bcb838fec1c426.jpg",870,500,false],"post-thumbnail":["https:\/\/arantv.az\/wp-content\/uploads\/2025\/02\/f406177d63551e9ea2bcb838fec1c426-240x172.jpg",240,172,true],"advps-thumb-one":["https:\/\/arantv.az\/wp-content\/uploads\/2025\/02\/f406177d63551e9ea2bcb838fec1c426.jpg",870,500,false]},"rttpg_author":{"display_name":"V\u00fcsal Rafiqo\u011flu","author_link":"https:\/\/arantv.az\/?author=2"},"rttpg_comment":0,"rttpg_category":"<a href=\"https:\/\/arantv.az\/?cat=4\" rel=\"category\">Siyas\u0259t<\/a>","rttpg_excerpt":"&#8220;M\u0259n n\u00fcmun\u0259vi lider olan \u0130lham \u018fliyev haqq\u0131nda dan\u0131\u015fa bil\u0259r\u0259m. Az\u0259rbaycana v\u0259 \u0130lham \u018fliyev\u0259 u\u011furlar arzu edir\u0259m. Hesab edir\u0259m ki, ilk s\u0259f\u0259rim Az\u0259rbaycana ola bil\u0259r. Az\u0259rbaycanla dostluqdan b\u0259hs etdik. Ona g\u00f6r\u0259 d\u0259 ilk s\u0259f\u0259rim Az\u0259rbaycana olmal\u0131d\u0131r. Bu s\u0259f\u0259ri s\u0259birsizlikl\u0259 g\u00f6zl\u0259yir\u0259m&#8221;. ARANTV.AZ \u00a0bildirir ki,\u00a0bunu G\u00fcrc\u00fcstan Prezidenti Mixail Kavela\u015fvili Real TV-y\u0259 m\u00fcsahib\u0259sind\u0259 deyib.","_links":{"self":[{"href":"https:\/\/arantv.az\/index.php?rest_route=\/wp\/v2\/posts\/789355"}],"collection":[{"href":"https:\/\/arantv.az\/index.php?rest_route=\/wp\/v2\/posts"}],"about":[{"href":"https:\/\/arantv.az\/index.php?rest_route=\/wp\/v2\/types\/post"}],"author":[{"embeddable":true,"href":"https:\/\/arantv.az\/index.php?rest_route=\/wp\/v2\/users\/2"}],"replies":[{"embeddable":true,"href":"https:\/\/arantv.az\/index.php?rest_route=%2Fwp%2Fv2%2Fcomments&post=789355"}],"version-history":[{"count":1,"href":"https:\/\/arantv.az\/index.php?rest_route=\/wp\/v2\/posts\/789355\/revisions"}],"predecessor-version":[{"id":789357,"href":"https:\/\/arantv.az\/index.php?rest_route=\/wp\/v2\/posts\/789355\/revisions\/789357"}],"wp:featuredmedia":[{"embeddable":true,"href":"https:\/\/arantv.az\/index.php?rest_route=\/wp\/v2\/media\/789356"}],"wp:attachment":[{"href":"https:\/\/arantv.az\/index.php?rest_route=%2Fwp%2Fv2%2Fmedia&parent=789355"}],"wp:term":[{"taxonomy":"category","embeddable":true,"href":"https:\/\/arantv.az\/index.php?rest_route=%2Fwp%2Fv2%2Fcategories&post=789355"},{"taxonomy":"post_tag","embeddable":true,"href":"https:\/\/arantv.az\/index.php?rest_route=%2Fwp%2Fv2%2Ftags&post=789355"}],"curies":[{"name":"wp","href":"https:\/\/api.w.org\/{rel}","templated":true}]}}