{"id":789364,"date":"2025-02-22T11:59:32","date_gmt":"2025-02-22T07:59:32","guid":{"rendered":"https:\/\/arantv.az\/?p=789364"},"modified":"2025-02-22T11:59:32","modified_gmt":"2025-02-22T07:59:32","slug":"ir%c9%99vanin-z%c9%99ng%c9%99zur-d%c9%99hlizi-il%c9%99-bagli-q%c9%99rar-verm%c9%99-zamani","status":"publish","type":"post","link":"https:\/\/arantv.az\/?p=789364","title":{"rendered":"\u0130r\u0259van\u0131n Z\u0259ng\u0259zur d\u0259hlizi il\u0259 ba\u011fl\u0131 q\u0259rar verm\u0259 zaman\u0131&#8230;"},"content":{"rendered":"<p><strong>Erm\u0259nistan 10 noyabr s\u0259n\u0259dind\u0259n imtina edir; analitik: \u201cBu o anlama g\u0259lmir ki&#8230;\u201d<\/strong><\/p>\n<p><em>\u201cErm\u0259nistan h\u00f6kum\u0259ti 10 noyabr 2020-ci il \u00fc\u00e7t\u0259r\u0259fli b\u0259yanat\u0131na qay\u0131tmaq m\u0259s\u0259l\u0259sini n\u0259z\u0259rd\u0259n ke\u00e7irmir\u201d. Bunu Erm\u0259nistan\u0131n T\u0259hl\u00fck\u0259sizlik \u015euras\u0131n\u0131n katibi Armen Qriqoryan deyib. O bildirib ki, s\u0259n\u0259din 8 b\u0259ndi icra edilm\u0259diyi \u00fc\u00e7\u00fcn 9-cu b\u0259nd s\u0259b\u0259bind\u0259n h\u0259min s\u0259n\u0259d\u0259 qay\u0131tmaq t\u0259\u0259cc\u00fcb do\u011furur.<\/em><\/p>\n<p>Qeyd ed\u0259k ki, 9-cu b\u0259nd Z\u0259ng\u0259zur d\u0259hlizi haqdad\u0131r.\u00a0 \u018flb\u0259tt\u0259 ki, Az\u0259rbaycan \u00fc\u00e7\u00fcn daha vacib v\u0259 \u0259sas olan Nax\u00e7\u0131vanla \u0259laq\u0259nin mane\u0259siz v\u0259 t\u0259hl\u00fck\u0259siz rejimd\u0259 t\u0259min edilm\u0259si, insanlar\u0131n v\u0259 y\u00fckl\u0259rin yolda he\u00e7 bir yoxlamaya m\u0259ruz qoyulmamas\u0131d\u0131r. Yerd\u0259 qalanlar is\u0259 detallard\u0131r. Bu yerd\u0259 xat\u0131rladaq ki, Prezident \u0130lham \u018fliyev \u201cZ\u0259ng\u0259zur d\u0259hlizi\u201d a\u00e7\u0131lmal\u0131d\u0131r v\u0259 a\u00e7\u0131lacaq&#8221; deyib. D\u00f6vl\u0259t ba\u015f\u00e7\u0131s\u0131 h\u0259m\u00e7inin d\u0259hlizin Erm\u0259nistan\u0131n \u0259razi b\u00fct\u00f6vl\u00fcy\u00fcn\u0259 zidd olmad\u0131\u011f\u0131n\u0131 bildirib.<\/p>\n<p>O ki qald\u0131 10 noyabr s\u0259n\u0259dinin 9-cu b\u0259ndin\u0259, harda ki d\u0259hliz\u0259 n\u0259zar\u0259t Rusiyaya h\u0259val\u0259 edilir, bu x\u00fcsusda \u0130r\u0259van q\u0259rar verm\u0259lidir. H\u0259r halda 10 noyabr s\u0259n\u0259dind\u0259n \u0259n b\u0259rk yap\u0131\u015fan Moskvad\u0131r &#8211; t\u0259bii ki, \u00f6z maraqlar\u0131 namin\u0259. \u0130r\u0259van\u0131n Z\u0259ng\u0259zur q\u0259rar\u0131 n\u0259 olacaq?<\/p>\n<p><img src=\"https:\/\/cebheinfo.az\/uploads\/images\/2024\/08\/720x400\/172449428372361786566c9b1cb5eb1f.jpeg\" alt=\"Elxan \u015eahino\u011flu: \u201cRusiya \u0259n a\u011f\u0131r d\u00f6vr\u00fcn\u00fc ya\u015fay\u0131r\u201d\" \/><\/p>\n<p><strong>Elxan \u015eahino\u011flu<\/strong><\/p>\n<p><strong>M\u00f6vzu il\u0259 ba\u011fl\u0131 politoloq Elxan \u015eahino\u011flu \u201cYeni M\u00fcsavat\u201da verdiyi a\u00e7\u0131qlamada Erm\u0259nistan\u0131n r\u0259smi m\u00f6vqeyinin d\u0259yi\u015fdiyini qeyd edib:<\/strong>\u00a0\u201cErm\u0259nistan h\u00f6kum\u0259ti art\u0131q Rusiyan\u0131n vasit\u0259\u00e7iliyini q\u0259bul etmir v\u0259 10 noyabr \u00fc\u00e7t\u0259r\u0259fli b\u0259yanat\u0131n\u0131n h\u00fcquqi q\u00fcvv\u0259sinin itirildiyini hesab edir. Bunun s\u0259b\u0259bi is\u0259 erm\u0259nil\u0259rin yanl\u0131\u015f d\u00fc\u015f\u00fcnc\u0259sidir ki, guya Rusiya Qaraba\u011fda erm\u0259ni \u0259halisini qorumal\u0131 v\u0259 separat\u00e7\u0131 q\u00fcvv\u0259l\u0259ri m\u00fcdafi\u0259 etm\u0259li idi. Lakin Az\u0259rbaycan \u00f6z \u0259razi b\u00fct\u00f6vl\u00fcy\u00fcn\u00fc tam \u015f\u0259kild\u0259 t\u0259min etdi. Bu, Az\u0259rbaycan\u0131n daxili m\u0259s\u0259l\u0259sidir v\u0259 Erm\u0259nistan\u0131n 9 noyabr b\u0259yanat\u0131ndan imtina etm\u0259si onun \u00f6z q\u0259rar\u0131d\u0131r. Amma Z\u0259ng\u0259zur d\u0259hlizi tamam f\u0259rqli bir m\u00f6vzudur\u201d.<\/p>\n<p><strong>Ekspert vur\u011fulay\u0131b ki, Erm\u0259nistan 9 noyabr s\u0259n\u0259dind\u0259n imtina ets\u0259 bel\u0259, bu, Z\u0259ng\u0259zur d\u0259hlizinin tamamil\u0259 arxa plana ke\u00e7m\u0259si anlam\u0131na g\u0259lmir, Az\u0259rbaycan \u00fc\u00e7\u00fcn bu m\u0259s\u0259l\u0259d\u0259 daima g\u00fcnd\u0259md\u0259 qalacaq:<\/strong>\u00a0\u201cOla bilsin ki, 9 noyabr b\u0259yanat\u0131nda Z\u0259ng\u0259zur d\u0259hlizi n\u0259z\u0259rd\u0259 tutulurdu, amma Erm\u0259nistan bu s\u0259n\u0259dd\u0259n imtina edirs\u0259, dem\u0259li, h\u0259min b\u0259ndi d\u0259 icra etm\u0259y\u0259c\u0259yini b\u0259yan edir. Lakin bu o dem\u0259k deyil ki, Z\u0259ng\u0259zur m\u0259s\u0259l\u0259si unudulacaq. Az\u0259rbaycan h\u0259r zaman bu m\u00f6vzunu diqq\u0259td\u0259 saxlay\u0131r. Erm\u0259nistan\u0131n ba\u015f naziri Nikol Pa\u015finyan da zaman-zaman bu bar\u0259d\u0259 a\u00e7\u0131qlamalar verir. H\u0259tta Erm\u0259nistanda bel\u0259 bir m\u00fczakir\u0259 gedir ki, h\u00f6kum\u0259t bu d\u0259hlizin mane\u0259siz istifad\u0259si il\u0259 ba\u011fl\u0131 Az\u0259rbaycanla raz\u0131l\u0131\u011fa g\u0259l\u0259 bil\u0259r.\u201d<\/p>\n<p><strong>E.\u015eahino\u011flu h\u0259m\u00e7inin Erm\u0259nistan\u0131n yax\u0131n g\u0259l\u0259c\u0259kd\u0259 Konstitusiyas\u0131nda d\u0259yi\u015fiklikl\u0259r ed\u0259c\u0259yini elan etm\u0259sini vacib m\u0259qam kimi qeyd edib:<\/strong>\u00a0\u201c\u0130ki g\u00fcn \u0259vv\u0259l Pa\u015finyan Erm\u0259nistan Konstitusiyas\u0131n\u0131n d\u0259yi\u015fdiril\u0259c\u0259yini a\u00e7\u0131qlad\u0131. Bu, o dem\u0259kdir ki, Erm\u0259nistan Konstitusiyas\u0131ndan Az\u0259rbaycan v\u0259 T\u00fcrkiy\u0259y\u0259 qar\u015f\u0131 \u0259razi iddialar\u0131n\u0131 \u0259ks etdir\u0259n b\u0259ndl\u0259r \u00e7\u0131xar\u0131la bil\u0259r. \u018fg\u0259r bu ba\u015f ver\u0259rs\u0259, o zaman Az\u0259rbaycanla s\u00fclh sazi\u015finin imzalanmas\u0131 da s\u00fcr\u0259tl\u0259n\u0259 bil\u0259r. Z\u0259ng\u0259zur d\u0259hlizi is\u0259 iki \u00f6lk\u0259 aras\u0131nda s\u00fclh\u00fcn formala\u015fmas\u0131nda m\u00fch\u00fcm rol oynaya bil\u0259r.\u201d<\/p>\n<p><strong>Rusiyan\u0131n Z\u0259ng\u0259zur d\u0259hlizin\u0259 n\u0259zar\u0259ti m\u0259s\u0259l\u0259si v\u0259 Az\u0259rbaycan\u0131n m\u00f6vqeyin\u0259 g\u0259ldikd\u0259, ekspertin fikrinc\u0259, Z\u0259ng\u0259zur d\u0259hlizi m\u0259s\u0259l\u0259sind\u0259 \u0259n m\u00fch\u00fcm m\u0259qam Rusiyan\u0131n rolu v\u0259 g\u0259l\u0259c\u0259kd\u0259 d\u0259hliz\u0259 n\u0259zar\u0259t mexanizminin nec\u0259 qurulaca\u011f\u0131d\u0131r:<\/strong>\u00a0\u201cErm\u0259nistan 9 noyabr b\u0259yanat\u0131n\u0131n q\u00fcvv\u0259sini tan\u0131masa da, bu, Z\u0259ng\u0259zur d\u0259hlizinin a\u00e7\u0131lmas\u0131na ciddi mane\u0259 olmayacaq. Rusiya ilk ba\u015fdan bu d\u0259hliz\u0259 n\u0259zar\u0259t etm\u0259k niyy\u0259tind\u0259 olub. Ancaq indi n\u0259 Erm\u0259nistan, n\u0259 d\u0259 Az\u0259rbaycan bu ssenarini q\u0259bul etmir. Az\u0259rbaycan \u00fc\u00e7\u00fcn \u0259n vacib m\u0259s\u0259l\u0259 Nax\u00e7\u0131vanla birba\u015fa, mane\u0259siz v\u0259 t\u0259hl\u00fck\u0259siz \u0259laq\u0259nin t\u0259min olunmas\u0131d\u0131r. Erm\u0259nistan is\u0259 h\u0259l\u0259 d\u0259 t\u0259r\u0259dd\u00fcd edir, lakin daxili v\u0259 xarici t\u0259zyiql\u0259r fonunda bu m\u00f6vzu g\u00fcnd\u0259md\u0259n d\u00fc\u015fm\u0259y\u0259c\u0259k. Bel\u0259likl\u0259, Z\u0259ng\u0259zur d\u0259hlizi m\u0259s\u0259l\u0259si regionda uzunm\u00fcdd\u0259tli strateji \u00f6n\u0259m k\u0259sb edir. Erm\u0259nistan\u0131n 9 noyabr b\u0259yanat\u0131ndan imtina etm\u0259si yeni h\u00fcquqi v\u0259 siyasi \u00e7\u0259tinlikl\u0259r yaratsa da, Az\u0259rbaycan\u0131n bu d\u0259hlizin a\u00e7\u0131lmas\u0131 istiqam\u0259tind\u0259 s\u0259yl\u0259ri davam ed\u0259c\u0259k. \u018fg\u0259r Erm\u0259nistan Konstitusiyas\u0131nda d\u0259yi\u015fiklik ed\u0259r v\u0259 \u0259razi iddialar\u0131ndan imtina ed\u0259rs\u0259, bu, t\u0259kc\u0259 Z\u0259ng\u0259zur d\u0259hlizi \u00fc\u00e7\u00fcn deyil, \u00fcmumiyy\u0259tl\u0259 Az\u0259rbaycan-Erm\u0259nistan m\u00fcnasib\u0259tl\u0259rind\u0259 d\u00f6n\u00fc\u015f n\u00f6qt\u0259si ola bil\u0259r\u201d.<\/p>\n","protected":false},"excerpt":{"rendered":"<p>Erm\u0259nistan 10 noyabr s\u0259n\u0259dind\u0259n imtina edir; analitik: \u201cBu o anlama g\u0259lmir ki&#8230;\u201d \u201cErm\u0259nistan h\u00f6kum\u0259ti 10 noyabr 2020-ci il \u00fc\u00e7t\u0259r\u0259fli b\u0259yanat\u0131na qay\u0131tmaq m\u0259s\u0259l\u0259sini n\u0259z\u0259rd\u0259n ke\u00e7irmir\u201d. Bunu Erm\u0259nistan\u0131n T\u0259hl\u00fck\u0259sizlik \u015euras\u0131n\u0131n katibi Armen Qriqoryan deyib. O bildirib ki, s\u0259n\u0259din 8 b\u0259ndi icra edilm\u0259diyi \u00fc\u00e7\u00fcn 9-cu b\u0259nd s\u0259b\u0259bind\u0259n h\u0259min s\u0259n\u0259d\u0259 qay\u0131tmaq t\u0259\u0259cc\u00fcb do\u011furur. Qeyd ed\u0259k ki, 9-cu b\u0259nd Z\u0259ng\u0259zur d\u0259hlizi haqdad\u0131r.\u00a0 \u018flb\u0259tt\u0259 ki, Az\u0259rbaycan \u00fc\u00e7\u00fcn daha vacib v\u0259 \u0259sas olan Nax\u00e7\u0131vanla \u0259laq\u0259nin mane\u0259siz v\u0259 t\u0259hl\u00fck\u0259siz rejimd\u0259 t\u0259min edilm\u0259si, insanlar\u0131n v\u0259 y\u00fckl\u0259rin yolda he\u00e7 bir yoxlamaya m\u0259ruz qoyulmamas\u0131d\u0131r. Yerd\u0259 qalanlar is\u0259 detallard\u0131r. Bu yerd\u0259 xat\u0131rladaq&hellip;<\/p>\n","protected":false},"author":2,"featured_media":789365,"comment_status":"closed","ping_status":"closed","sticky":false,"template":"","format":"standard","meta":{"om_disable_all_campaigns":false,"_monsterinsights_skip_tracking":false,"_monsterinsights_sitenote_active":false,"_monsterinsights_sitenote_note":"","_monsterinsights_sitenote_category":0},"categories":[4],"tags":[],"aioseo_notices":[],"gutentor_comment":0,"rttpg_featured_image_url":{"full":["https:\/\/arantv.az\/wp-content\/uploads\/2025\/02\/872124f7a7d3c4d172f5a9e98e3f9010.jpg",768,403,false],"landscape":["https:\/\/arantv.az\/wp-content\/uploads\/2025\/02\/872124f7a7d3c4d172f5a9e98e3f9010.jpg",768,403,false],"portraits":["https:\/\/arantv.az\/wp-content\/uploads\/2025\/02\/872124f7a7d3c4d172f5a9e98e3f9010.jpg",768,403,false],"thumbnail":["https:\/\/arantv.az\/wp-content\/uploads\/2025\/02\/872124f7a7d3c4d172f5a9e98e3f9010-500x280.jpg",500,280,true],"medium":["https:\/\/arantv.az\/wp-content\/uploads\/2025\/02\/872124f7a7d3c4d172f5a9e98e3f9010-660x346.jpg",660,346,true],"large":["https:\/\/arantv.az\/wp-content\/uploads\/2025\/02\/872124f7a7d3c4d172f5a9e98e3f9010.jpg",640,336,false],"1536x1536":["https:\/\/arantv.az\/wp-content\/uploads\/2025\/02\/872124f7a7d3c4d172f5a9e98e3f9010.jpg",768,403,false],"2048x2048":["https:\/\/arantv.az\/wp-content\/uploads\/2025\/02\/872124f7a7d3c4d172f5a9e98e3f9010.jpg",768,403,false],"post-thumbnail":["https:\/\/arantv.az\/wp-content\/uploads\/2025\/02\/872124f7a7d3c4d172f5a9e98e3f9010-240x172.jpg",240,172,true],"advps-thumb-one":["https:\/\/arantv.az\/wp-content\/uploads\/2025\/02\/872124f7a7d3c4d172f5a9e98e3f9010.jpg",768,403,false]},"rttpg_author":{"display_name":"V\u00fcsal Rafiqo\u011flu","author_link":"https:\/\/arantv.az\/?author=2"},"rttpg_comment":0,"rttpg_category":"<a href=\"https:\/\/arantv.az\/?cat=4\" rel=\"category\">Siyas\u0259t<\/a>","rttpg_excerpt":"Erm\u0259nistan 10 noyabr s\u0259n\u0259dind\u0259n imtina edir; analitik: \u201cBu o anlama g\u0259lmir ki&#8230;\u201d \u201cErm\u0259nistan h\u00f6kum\u0259ti 10 noyabr 2020-ci il \u00fc\u00e7t\u0259r\u0259fli b\u0259yanat\u0131na qay\u0131tmaq m\u0259s\u0259l\u0259sini n\u0259z\u0259rd\u0259n ke\u00e7irmir\u201d. Bunu Erm\u0259nistan\u0131n T\u0259hl\u00fck\u0259sizlik \u015euras\u0131n\u0131n katibi Armen Qriqoryan deyib. O bildirib ki, s\u0259n\u0259din 8 b\u0259ndi icra edilm\u0259diyi \u00fc\u00e7\u00fcn 9-cu b\u0259nd s\u0259b\u0259bind\u0259n h\u0259min s\u0259n\u0259d\u0259 qay\u0131tmaq t\u0259\u0259cc\u00fcb do\u011furur. Qeyd ed\u0259k ki, 9-cu b\u0259nd Z\u0259ng\u0259zur&hellip;","_links":{"self":[{"href":"https:\/\/arantv.az\/index.php?rest_route=\/wp\/v2\/posts\/789364"}],"collection":[{"href":"https:\/\/arantv.az\/index.php?rest_route=\/wp\/v2\/posts"}],"about":[{"href":"https:\/\/arantv.az\/index.php?rest_route=\/wp\/v2\/types\/post"}],"author":[{"embeddable":true,"href":"https:\/\/arantv.az\/index.php?rest_route=\/wp\/v2\/users\/2"}],"replies":[{"embeddable":true,"href":"https:\/\/arantv.az\/index.php?rest_route=%2Fwp%2Fv2%2Fcomments&post=789364"}],"version-history":[{"count":1,"href":"https:\/\/arantv.az\/index.php?rest_route=\/wp\/v2\/posts\/789364\/revisions"}],"predecessor-version":[{"id":789366,"href":"https:\/\/arantv.az\/index.php?rest_route=\/wp\/v2\/posts\/789364\/revisions\/789366"}],"wp:featuredmedia":[{"embeddable":true,"href":"https:\/\/arantv.az\/index.php?rest_route=\/wp\/v2\/media\/789365"}],"wp:attachment":[{"href":"https:\/\/arantv.az\/index.php?rest_route=%2Fwp%2Fv2%2Fmedia&parent=789364"}],"wp:term":[{"taxonomy":"category","embeddable":true,"href":"https:\/\/arantv.az\/index.php?rest_route=%2Fwp%2Fv2%2Fcategories&post=789364"},{"taxonomy":"post_tag","embeddable":true,"href":"https:\/\/arantv.az\/index.php?rest_route=%2Fwp%2Fv2%2Ftags&post=789364"}],"curies":[{"name":"wp","href":"https:\/\/api.w.org\/{rel}","templated":true}]}}