{"id":789377,"date":"2025-02-22T15:04:55","date_gmt":"2025-02-22T11:04:55","guid":{"rendered":"https:\/\/arantv.az\/?p=789377"},"modified":"2025-02-22T15:04:55","modified_gmt":"2025-02-22T11:04:55","slug":"buzlu-yolda-q%c9%99zaya-gor%c9%99-z%c9%99r%c9%99ri-kim-qarsilayir-video","status":"publish","type":"post","link":"https:\/\/arantv.az\/?p=789377","title":{"rendered":"Buzlu yolda q\u0259zaya g\u00f6r\u0259 z\u0259r\u0259ri kim qar\u015f\u0131lay\u0131r? &#8211; V\u0130DEO"},"content":{"rendered":"<div class=\"text-content\" data-id=\"\" data-url=\"\">\n<p>Qarl\u0131, buzlu yolda ba\u015f ver\u0259n q\u0259za zaman\u0131 avtomobilin\u0259 ziyan d\u0259y\u0259n \u015f\u0259xsl\u0259ri narahat ed\u0259n m\u0259s\u0259l\u0259l\u0259rd\u0259n biri d\u0259 alacaqlar\u0131 s\u0131\u011forta \u00f6d\u0259ni\u015fidir.<\/p>\n<p>S\u00fcr\u00fcc\u00fcl\u0259r aras\u0131nda bel\u0259 bir fikir var ki, meteoroloji \u015f\u0259rait\u0259 g\u00f6r\u0259, q\u0259za ba\u015f verdikd\u0259 h\u0259r\u0259 \u00f6z avtomobilini t\u0259mir etdirm\u0259lidir.<\/p>\n<p>S\u0131\u011forta\u00e7\u0131lar Assosiasiyas\u0131n\u0131n ekspert qrupunun \u00fczv\u00fc Emil A\u011faba\u011f\u0131rov bildirib ki, bu, k\u00f6k\u00fcnd\u0259n yaln\u0131\u015f bir fikirdir v\u0259 bel\u0259 yana\u015fma d\u00fczg\u00fcn deyil.<\/p>\n<p>Ekspert deyir ki, q\u0259zaya s\u0259b\u0259b olan s\u00fcr\u00fcc\u00fc bu i\u015f\u0259 g\u00f6r\u0259 m\u00fclki m\u0259suliyy\u0259t da\u015f\u0131y\u0131r. B\u0259z\u0259n s\u00fcr\u00fcc\u00fcl\u0259r bel\u0259 havada q\u0259za zaman\u0131 s\u0131\u011forta \u015firk\u0259tini \u00e7a\u011f\u0131rm\u0131rlar ki, s\u0131\u011forta tarix\u00e7\u0259si korlanmas\u0131n.<\/p>\n<p>B\u0259s qarl\u0131-\u015faxtal\u0131 havada bir ne\u00e7\u0259 avtomobilin i\u015fturak\u0131 il\u0259 z\u0259ncirvari q\u0259za ba\u015f verdikd\u0259 s\u0131\u011forta \u00f6d\u0259ni\u015fi nec\u0259 t\u0259nziml\u0259nir?<\/p>\n<p>Daha \u0259trafl\u0131 &#8220;X\u0259z\u0259rx\u0259b\u0259r&#8221;in s\u00fcjetind\u0259:<\/p>\n<p><iframe loading=\"lazy\" src=\"https:\/\/newstube.az\/embed\/178684\" width=\"670\" height=\"400\" frameborder=\"0\" allowfullscreen=\"allowfullscreen\" data-mce-fragment=\"1\"><\/iframe><\/p>\n<\/div>\n<div><\/div>\n<div><\/div>\n<div class=\"inner-social-box\">\n<div class=\"subs-in-social subs-whatsapp\"><\/div>\n<\/div>\n","protected":false},"excerpt":{"rendered":"<p>Qarl\u0131, buzlu yolda ba\u015f ver\u0259n q\u0259za zaman\u0131 avtomobilin\u0259 ziyan d\u0259y\u0259n \u015f\u0259xsl\u0259ri narahat ed\u0259n m\u0259s\u0259l\u0259l\u0259rd\u0259n biri d\u0259 alacaqlar\u0131 s\u0131\u011forta \u00f6d\u0259ni\u015fidir. S\u00fcr\u00fcc\u00fcl\u0259r aras\u0131nda bel\u0259 bir fikir var ki, meteoroloji \u015f\u0259rait\u0259 g\u00f6r\u0259, q\u0259za ba\u015f verdikd\u0259 h\u0259r\u0259 \u00f6z avtomobilini t\u0259mir etdirm\u0259lidir. S\u0131\u011forta\u00e7\u0131lar Assosiasiyas\u0131n\u0131n ekspert qrupunun \u00fczv\u00fc Emil A\u011faba\u011f\u0131rov bildirib ki, bu, k\u00f6k\u00fcnd\u0259n yaln\u0131\u015f bir fikirdir v\u0259 bel\u0259 yana\u015fma d\u00fczg\u00fcn deyil. Ekspert deyir ki, q\u0259zaya s\u0259b\u0259b olan s\u00fcr\u00fcc\u00fc bu i\u015f\u0259 g\u00f6r\u0259 m\u00fclki m\u0259suliyy\u0259t da\u015f\u0131y\u0131r. B\u0259z\u0259n s\u00fcr\u00fcc\u00fcl\u0259r bel\u0259 havada q\u0259za zaman\u0131 s\u0131\u011forta \u015firk\u0259tini \u00e7a\u011f\u0131rm\u0131rlar ki, s\u0131\u011forta tarix\u00e7\u0259si korlanmas\u0131n. B\u0259s qarl\u0131-\u015faxtal\u0131 havada bir ne\u00e7\u0259 avtomobilin i\u015fturak\u0131 il\u0259&hellip;<\/p>\n","protected":false},"author":2,"featured_media":789378,"comment_status":"closed","ping_status":"closed","sticky":false,"template":"","format":"standard","meta":{"om_disable_all_campaigns":false,"_monsterinsights_skip_tracking":false,"_monsterinsights_sitenote_active":false,"_monsterinsights_sitenote_note":"","_monsterinsights_sitenote_category":0},"categories":[1],"tags":[],"aioseo_notices":[],"gutentor_comment":0,"rttpg_featured_image_url":{"full":["https:\/\/arantv.az\/wp-content\/uploads\/2025\/02\/afef72f7d20041aad1f48d1fd7a86fbb.jpg",800,500,false],"landscape":["https:\/\/arantv.az\/wp-content\/uploads\/2025\/02\/afef72f7d20041aad1f48d1fd7a86fbb.jpg",800,500,false],"portraits":["https:\/\/arantv.az\/wp-content\/uploads\/2025\/02\/afef72f7d20041aad1f48d1fd7a86fbb.jpg",800,500,false],"thumbnail":["https:\/\/arantv.az\/wp-content\/uploads\/2025\/02\/afef72f7d20041aad1f48d1fd7a86fbb-500x280.jpg",500,280,true],"medium":["https:\/\/arantv.az\/wp-content\/uploads\/2025\/02\/afef72f7d20041aad1f48d1fd7a86fbb-584x365.jpg",584,365,true],"large":["https:\/\/arantv.az\/wp-content\/uploads\/2025\/02\/afef72f7d20041aad1f48d1fd7a86fbb.jpg",640,400,false],"1536x1536":["https:\/\/arantv.az\/wp-content\/uploads\/2025\/02\/afef72f7d20041aad1f48d1fd7a86fbb.jpg",800,500,false],"2048x2048":["https:\/\/arantv.az\/wp-content\/uploads\/2025\/02\/afef72f7d20041aad1f48d1fd7a86fbb.jpg",800,500,false],"post-thumbnail":["https:\/\/arantv.az\/wp-content\/uploads\/2025\/02\/afef72f7d20041aad1f48d1fd7a86fbb-240x172.jpg",240,172,true],"advps-thumb-one":["https:\/\/arantv.az\/wp-content\/uploads\/2025\/02\/afef72f7d20041aad1f48d1fd7a86fbb.jpg",800,500,false]},"rttpg_author":{"display_name":"V\u00fcsal Rafiqo\u011flu","author_link":"https:\/\/arantv.az\/?author=2"},"rttpg_comment":0,"rttpg_category":"<a href=\"https:\/\/arantv.az\/?cat=1\" rel=\"category\">C\u0259miyy\u0259t<\/a>","rttpg_excerpt":"Qarl\u0131, buzlu yolda ba\u015f ver\u0259n q\u0259za zaman\u0131 avtomobilin\u0259 ziyan d\u0259y\u0259n \u015f\u0259xsl\u0259ri narahat ed\u0259n m\u0259s\u0259l\u0259l\u0259rd\u0259n biri d\u0259 alacaqlar\u0131 s\u0131\u011forta \u00f6d\u0259ni\u015fidir. S\u00fcr\u00fcc\u00fcl\u0259r aras\u0131nda bel\u0259 bir fikir var ki, meteoroloji \u015f\u0259rait\u0259 g\u00f6r\u0259, q\u0259za ba\u015f verdikd\u0259 h\u0259r\u0259 \u00f6z avtomobilini t\u0259mir etdirm\u0259lidir. S\u0131\u011forta\u00e7\u0131lar Assosiasiyas\u0131n\u0131n ekspert qrupunun \u00fczv\u00fc Emil A\u011faba\u011f\u0131rov bildirib ki, bu, k\u00f6k\u00fcnd\u0259n yaln\u0131\u015f bir fikirdir v\u0259 bel\u0259 yana\u015fma d\u00fczg\u00fcn&hellip;","_links":{"self":[{"href":"https:\/\/arantv.az\/index.php?rest_route=\/wp\/v2\/posts\/789377"}],"collection":[{"href":"https:\/\/arantv.az\/index.php?rest_route=\/wp\/v2\/posts"}],"about":[{"href":"https:\/\/arantv.az\/index.php?rest_route=\/wp\/v2\/types\/post"}],"author":[{"embeddable":true,"href":"https:\/\/arantv.az\/index.php?rest_route=\/wp\/v2\/users\/2"}],"replies":[{"embeddable":true,"href":"https:\/\/arantv.az\/index.php?rest_route=%2Fwp%2Fv2%2Fcomments&post=789377"}],"version-history":[{"count":1,"href":"https:\/\/arantv.az\/index.php?rest_route=\/wp\/v2\/posts\/789377\/revisions"}],"predecessor-version":[{"id":789379,"href":"https:\/\/arantv.az\/index.php?rest_route=\/wp\/v2\/posts\/789377\/revisions\/789379"}],"wp:featuredmedia":[{"embeddable":true,"href":"https:\/\/arantv.az\/index.php?rest_route=\/wp\/v2\/media\/789378"}],"wp:attachment":[{"href":"https:\/\/arantv.az\/index.php?rest_route=%2Fwp%2Fv2%2Fmedia&parent=789377"}],"wp:term":[{"taxonomy":"category","embeddable":true,"href":"https:\/\/arantv.az\/index.php?rest_route=%2Fwp%2Fv2%2Fcategories&post=789377"},{"taxonomy":"post_tag","embeddable":true,"href":"https:\/\/arantv.az\/index.php?rest_route=%2Fwp%2Fv2%2Ftags&post=789377"}],"curies":[{"name":"wp","href":"https:\/\/api.w.org\/{rel}","templated":true}]}}