{"id":789390,"date":"2025-02-22T15:43:29","date_gmt":"2025-02-22T11:43:29","guid":{"rendered":"https:\/\/arantv.az\/?p=789390"},"modified":"2025-02-22T15:43:29","modified_gmt":"2025-02-22T11:43:29","slug":"olmayan-trilyonlar-abs-ukraynadan-bunlari-t%c9%99l%c9%99b-edir","status":"publish","type":"post","link":"https:\/\/arantv.az\/?p=789390","title":{"rendered":"Olmayan trilyonlar: AB\u015e Ukraynadan bunlar\u0131 t\u0259l\u0259b edir"},"content":{"rendered":"<p>Mineral ehtiyatlar \u00fczr\u0259 sazi\u015f layih\u0259sind\u0259 AB\u015e Ukraynadan m\u00fch\u00fcm infrastrukturu onlara t\u0259hvil verm\u0259yi t\u0259l\u0259b edib.<\/p>\n<p>Bunu Ukrayna Ali Radas\u0131n\u0131n deputat\u0131 Oleksey Qon\u00e7arenko \u00f6z\u00fcn\u00fcn &#8220;Telegram&#8221; kanal\u0131nda deyib.<\/p>\n<p>&#8220;Amma m\u0259lum olanda ki, nadir torpaq metallar\u0131 v\u0259 faydal\u0131 qaz\u0131nt\u0131lar\u0131m\u0131z b\u00f6y\u00fck miqdarda yoxdur, onlar bizd\u0259n faktiki olan\u0131 t\u0259l\u0259b etdil\u0259r&#8221;, &#8211; dey\u0259 deputat yaz\u0131b.<\/p>\n<p>O \u0259lav\u0259 edib ki, s\u00f6hb\u0259t qaz n\u0259qli sistemind\u0259n v\u0259 atom elektrik stansiyalar\u0131ndan gedir.<\/p>\n<p>Deputat\u0131n s\u00f6zl\u0259rin\u0259 g\u00f6r\u0259, bundan sonra Vladimir Zelenski \u015f\u0259rtl\u0259r qoyma\u011fa ba\u015flay\u0131b ki, bu da Kiyev v\u0259 Va\u015finqton aras\u0131nda m\u00fcnasib\u0259tl\u0259rin k\u0259skin \u015f\u0259kild\u0259 pisl\u0259\u015fm\u0259sin\u0259 v\u0259 ictimaiyy\u0259tin qar\u015f\u0131l\u0131ql\u0131 q\u0131naqlar\u0131na s\u0259b\u0259b olub.<\/p>\n<p>Qon\u00e7arenko vur\u011fulay\u0131b ki, Zelenski \u00f6z\u00fc bu ideyan\u0131 Trampa &#8220;satmaq&#8221; q\u0259rar\u0131na g\u0259l\u0259n\u0259 q\u0259d\u0259r AB\u015e-da nadir torpaq metallar\u0131 haqq\u0131nda \u00fcmumiyy\u0259tl\u0259 he\u00e7 bir s\u00f6hb\u0259t olmay\u0131b.<\/p>\n<p>&#8220;Bizd\u0259 olmayan trilyonlardan dan\u0131\u015fma\u011fa ehtiyac yox idi. Bu, yaland\u0131r&#8221;, &#8211; ukraynal\u0131 deputat deyib.<\/p>\n<p>O \u0259lav\u0259 edib ki, indi t\u0259kc\u0259 Ukrayna xalq\u0131n\u0131n deyil, h\u0259m d\u0259 milyonlarla insan\u0131n h\u0259yat\u0131 t\u0259hl\u00fck\u0259 alt\u0131ndad\u0131r.<\/p>\n<p>&#8220;Bu, v\u0259h\u015filikdir&#8221;, &#8211; dey\u0259 Qon\u00e7arenko fikrini yekunla\u015fd\u0131r\u0131b. \/Publika.az<\/p>\n","protected":false},"excerpt":{"rendered":"<p>Mineral ehtiyatlar \u00fczr\u0259 sazi\u015f layih\u0259sind\u0259 AB\u015e Ukraynadan m\u00fch\u00fcm infrastrukturu onlara t\u0259hvil verm\u0259yi t\u0259l\u0259b edib. Bunu Ukrayna Ali Radas\u0131n\u0131n deputat\u0131 Oleksey Qon\u00e7arenko \u00f6z\u00fcn\u00fcn &#8220;Telegram&#8221; kanal\u0131nda deyib. &#8220;Amma m\u0259lum olanda ki, nadir torpaq metallar\u0131 v\u0259 faydal\u0131 qaz\u0131nt\u0131lar\u0131m\u0131z b\u00f6y\u00fck miqdarda yoxdur, onlar bizd\u0259n faktiki olan\u0131 t\u0259l\u0259b etdil\u0259r&#8221;, &#8211; dey\u0259 deputat yaz\u0131b. O \u0259lav\u0259 edib ki, s\u00f6hb\u0259t qaz n\u0259qli sistemind\u0259n v\u0259 atom elektrik stansiyalar\u0131ndan gedir. Deputat\u0131n s\u00f6zl\u0259rin\u0259 g\u00f6r\u0259, bundan sonra Vladimir Zelenski \u015f\u0259rtl\u0259r qoyma\u011fa ba\u015flay\u0131b ki, bu da Kiyev v\u0259 Va\u015finqton aras\u0131nda m\u00fcnasib\u0259tl\u0259rin k\u0259skin \u015f\u0259kild\u0259 pisl\u0259\u015fm\u0259sin\u0259 v\u0259 ictimaiyy\u0259tin qar\u015f\u0131l\u0131ql\u0131 q\u0131naqlar\u0131na s\u0259b\u0259b olub. Qon\u00e7arenko vur\u011fulay\u0131b&hellip;<\/p>\n","protected":false},"author":2,"featured_media":789391,"comment_status":"closed","ping_status":"closed","sticky":false,"template":"","format":"standard","meta":{"om_disable_all_campaigns":false,"_monsterinsights_skip_tracking":false,"_monsterinsights_sitenote_active":false,"_monsterinsights_sitenote_note":"","_monsterinsights_sitenote_category":0},"categories":[7],"tags":[],"aioseo_notices":[],"gutentor_comment":0,"rttpg_featured_image_url":{"full":["https:\/\/arantv.az\/wp-content\/uploads\/2025\/02\/5341927b462f3e60156f5cb5c949f7d7.jpg",870,500,false],"landscape":["https:\/\/arantv.az\/wp-content\/uploads\/2025\/02\/5341927b462f3e60156f5cb5c949f7d7.jpg",870,500,false],"portraits":["https:\/\/arantv.az\/wp-content\/uploads\/2025\/02\/5341927b462f3e60156f5cb5c949f7d7.jpg",870,500,false],"thumbnail":["https:\/\/arantv.az\/wp-content\/uploads\/2025\/02\/5341927b462f3e60156f5cb5c949f7d7-500x280.jpg",500,280,true],"medium":["https:\/\/arantv.az\/wp-content\/uploads\/2025\/02\/5341927b462f3e60156f5cb5c949f7d7-635x365.jpg",635,365,true],"large":["https:\/\/arantv.az\/wp-content\/uploads\/2025\/02\/5341927b462f3e60156f5cb5c949f7d7-840x483.jpg",640,368,true],"1536x1536":["https:\/\/arantv.az\/wp-content\/uploads\/2025\/02\/5341927b462f3e60156f5cb5c949f7d7.jpg",870,500,false],"2048x2048":["https:\/\/arantv.az\/wp-content\/uploads\/2025\/02\/5341927b462f3e60156f5cb5c949f7d7.jpg",870,500,false],"post-thumbnail":["https:\/\/arantv.az\/wp-content\/uploads\/2025\/02\/5341927b462f3e60156f5cb5c949f7d7-240x172.jpg",240,172,true],"advps-thumb-one":["https:\/\/arantv.az\/wp-content\/uploads\/2025\/02\/5341927b462f3e60156f5cb5c949f7d7.jpg",870,500,false]},"rttpg_author":{"display_name":"V\u00fcsal Rafiqo\u011flu","author_link":"https:\/\/arantv.az\/?author=2"},"rttpg_comment":0,"rttpg_category":"<a href=\"https:\/\/arantv.az\/?cat=7\" rel=\"category\">D\u00fcnya<\/a>","rttpg_excerpt":"Mineral ehtiyatlar \u00fczr\u0259 sazi\u015f layih\u0259sind\u0259 AB\u015e Ukraynadan m\u00fch\u00fcm infrastrukturu onlara t\u0259hvil verm\u0259yi t\u0259l\u0259b edib. Bunu Ukrayna Ali Radas\u0131n\u0131n deputat\u0131 Oleksey Qon\u00e7arenko \u00f6z\u00fcn\u00fcn &#8220;Telegram&#8221; kanal\u0131nda deyib. &#8220;Amma m\u0259lum olanda ki, nadir torpaq metallar\u0131 v\u0259 faydal\u0131 qaz\u0131nt\u0131lar\u0131m\u0131z b\u00f6y\u00fck miqdarda yoxdur, onlar bizd\u0259n faktiki olan\u0131 t\u0259l\u0259b etdil\u0259r&#8221;, &#8211; dey\u0259 deputat yaz\u0131b. O \u0259lav\u0259 edib ki, s\u00f6hb\u0259t qaz n\u0259qli&hellip;","_links":{"self":[{"href":"https:\/\/arantv.az\/index.php?rest_route=\/wp\/v2\/posts\/789390"}],"collection":[{"href":"https:\/\/arantv.az\/index.php?rest_route=\/wp\/v2\/posts"}],"about":[{"href":"https:\/\/arantv.az\/index.php?rest_route=\/wp\/v2\/types\/post"}],"author":[{"embeddable":true,"href":"https:\/\/arantv.az\/index.php?rest_route=\/wp\/v2\/users\/2"}],"replies":[{"embeddable":true,"href":"https:\/\/arantv.az\/index.php?rest_route=%2Fwp%2Fv2%2Fcomments&post=789390"}],"version-history":[{"count":1,"href":"https:\/\/arantv.az\/index.php?rest_route=\/wp\/v2\/posts\/789390\/revisions"}],"predecessor-version":[{"id":789392,"href":"https:\/\/arantv.az\/index.php?rest_route=\/wp\/v2\/posts\/789390\/revisions\/789392"}],"wp:featuredmedia":[{"embeddable":true,"href":"https:\/\/arantv.az\/index.php?rest_route=\/wp\/v2\/media\/789391"}],"wp:attachment":[{"href":"https:\/\/arantv.az\/index.php?rest_route=%2Fwp%2Fv2%2Fmedia&parent=789390"}],"wp:term":[{"taxonomy":"category","embeddable":true,"href":"https:\/\/arantv.az\/index.php?rest_route=%2Fwp%2Fv2%2Fcategories&post=789390"},{"taxonomy":"post_tag","embeddable":true,"href":"https:\/\/arantv.az\/index.php?rest_route=%2Fwp%2Fv2%2Ftags&post=789390"}],"curies":[{"name":"wp","href":"https:\/\/api.w.org\/{rel}","templated":true}]}}