{"id":789429,"date":"2025-02-22T20:23:45","date_gmt":"2025-02-22T16:23:45","guid":{"rendered":"https:\/\/arantv.az\/?p=789429"},"modified":"2025-02-22T20:23:45","modified_gmt":"2025-02-22T16:23:45","slug":"qisa-fasil%c9%99d%c9%99n-sonra-yenid%c9%99n-qar-yagir-faktiki-hava","status":"publish","type":"post","link":"https:\/\/arantv.az\/?p=789429","title":{"rendered":"Q\u0131sa fasil\u0259d\u0259n sonra yenid\u0259n qar ya\u011f\u0131r &#8211; FAKT\u0130K\u0130 HAVA"},"content":{"rendered":"<p><strong>Bu g\u00fcn Az\u0259rbaycanda saat 19:00-a olan faktiki hava a\u00e7\u0131qlan\u0131b.<\/strong><\/p>\n<p><strong>Bak\u0131 v\u0259 Ab\u015feron yar\u0131madas\u0131n\u0131n hava durumu<\/strong><\/p>\n<p>Milli Hidrometeorologiya Xidm\u0259tind\u0259n<strong>\u00a0Musavat.com<\/strong>-a veril\u0259n m\u0259lumata g\u00f6r\u0259, fevral\u0131n 22-si saat 19:00-a olan m\u0259lumat\u0131na \u0259sas\u0259n \u00f6lk\u0259 \u0259razisinin b\u0259zi yerl\u0259rind\u0259 g\u00fcnd\u00fcz saatlar\u0131nda ya\u011f\u0131nt\u0131da yaranan q\u0131sa fasil\u0259d\u0259n sonra yenid\u0259n Ab\u015feron yar\u0131madas\u0131n\u0131n b\u0259zi yerl\u0259rind\u0259 z\u0259if qar ya\u011f\u0131r.<\/p>\n<p><strong>Rayonlarda hava nec\u0259dir?<\/strong><\/p>\n<p>Eyni zamanda K\u0259lb\u0259c\u0259r, La\u00e7\u0131n, Qubadl\u0131, Nax\u00e7\u0131van, \u015eahbuz, Da\u015fk\u0259s\u0259n, G\u0259d\u0259b\u0259y, G\u00f6yg\u00f6l, G\u0259nc\u0259, Ceyran\u00e7\u00f6l, Balak\u0259n, \u015e\u0259ki, \u015eamax\u0131, \u0130smay\u0131ll\u0131, Sar\u0131ba\u015f (Qax), Qobustan, Alt\u0131a\u011fac, Xaltan, Ming\u0259\u00e7evir, Yevlax, Goy\u00e7ay, Z\u0259rdab, Beyl\u0259qan, Quba, Qusar, \u0130mi\u015fli, K\u00fcrd\u0259mir, Sabirabad, C\u0259f\u0259rxan, Bil\u0259suvar, Yard\u0131ml\u0131, Lerik, L\u0259nk\u0259ran v\u0259 Astarada da qar ya\u011f\u0131r.<\/p>\n","protected":false},"excerpt":{"rendered":"<p>Bu g\u00fcn Az\u0259rbaycanda saat 19:00-a olan faktiki hava a\u00e7\u0131qlan\u0131b. Bak\u0131 v\u0259 Ab\u015feron yar\u0131madas\u0131n\u0131n hava durumu Milli Hidrometeorologiya Xidm\u0259tind\u0259n\u00a0Musavat.com-a veril\u0259n m\u0259lumata g\u00f6r\u0259, fevral\u0131n 22-si saat 19:00-a olan m\u0259lumat\u0131na \u0259sas\u0259n \u00f6lk\u0259 \u0259razisinin b\u0259zi yerl\u0259rind\u0259 g\u00fcnd\u00fcz saatlar\u0131nda ya\u011f\u0131nt\u0131da yaranan q\u0131sa fasil\u0259d\u0259n sonra yenid\u0259n Ab\u015feron yar\u0131madas\u0131n\u0131n b\u0259zi yerl\u0259rind\u0259 z\u0259if qar ya\u011f\u0131r. Rayonlarda hava nec\u0259dir? Eyni zamanda K\u0259lb\u0259c\u0259r, La\u00e7\u0131n, Qubadl\u0131, Nax\u00e7\u0131van, \u015eahbuz, Da\u015fk\u0259s\u0259n, G\u0259d\u0259b\u0259y, G\u00f6yg\u00f6l, G\u0259nc\u0259, Ceyran\u00e7\u00f6l, Balak\u0259n, \u015e\u0259ki, \u015eamax\u0131, \u0130smay\u0131ll\u0131, Sar\u0131ba\u015f (Qax), Qobustan, Alt\u0131a\u011fac, Xaltan, Ming\u0259\u00e7evir, Yevlax, Goy\u00e7ay, Z\u0259rdab, Beyl\u0259qan, Quba, Qusar, \u0130mi\u015fli, K\u00fcrd\u0259mir, Sabirabad, C\u0259f\u0259rxan, Bil\u0259suvar, Yard\u0131ml\u0131, Lerik, L\u0259nk\u0259ran v\u0259 Astarada da qar&hellip;<\/p>\n","protected":false},"author":2,"featured_media":789430,"comment_status":"closed","ping_status":"closed","sticky":false,"template":"","format":"standard","meta":{"om_disable_all_campaigns":false,"_monsterinsights_skip_tracking":false,"_monsterinsights_sitenote_active":false,"_monsterinsights_sitenote_note":"","_monsterinsights_sitenote_category":0},"categories":[22],"tags":[],"aioseo_notices":[],"gutentor_comment":0,"rttpg_featured_image_url":{"full":["https:\/\/arantv.az\/wp-content\/uploads\/2025\/02\/e8357f1d906b8e3612eb3476e7e7a74e.jpg",637,400,false],"landscape":["https:\/\/arantv.az\/wp-content\/uploads\/2025\/02\/e8357f1d906b8e3612eb3476e7e7a74e.jpg",637,400,false],"portraits":["https:\/\/arantv.az\/wp-content\/uploads\/2025\/02\/e8357f1d906b8e3612eb3476e7e7a74e.jpg",637,400,false],"thumbnail":["https:\/\/arantv.az\/wp-content\/uploads\/2025\/02\/e8357f1d906b8e3612eb3476e7e7a74e-500x280.jpg",500,280,true],"medium":["https:\/\/arantv.az\/wp-content\/uploads\/2025\/02\/e8357f1d906b8e3612eb3476e7e7a74e-581x365.jpg",581,365,true],"large":["https:\/\/arantv.az\/wp-content\/uploads\/2025\/02\/e8357f1d906b8e3612eb3476e7e7a74e.jpg",637,400,false],"1536x1536":["https:\/\/arantv.az\/wp-content\/uploads\/2025\/02\/e8357f1d906b8e3612eb3476e7e7a74e.jpg",637,400,false],"2048x2048":["https:\/\/arantv.az\/wp-content\/uploads\/2025\/02\/e8357f1d906b8e3612eb3476e7e7a74e.jpg",637,400,false],"post-thumbnail":["https:\/\/arantv.az\/wp-content\/uploads\/2025\/02\/e8357f1d906b8e3612eb3476e7e7a74e-240x172.jpg",240,172,true],"advps-thumb-one":["https:\/\/arantv.az\/wp-content\/uploads\/2025\/02\/e8357f1d906b8e3612eb3476e7e7a74e.jpg",637,400,false]},"rttpg_author":{"display_name":"V\u00fcsal Rafiqo\u011flu","author_link":"https:\/\/arantv.az\/?author=2"},"rttpg_comment":0,"rttpg_category":"<a href=\"https:\/\/arantv.az\/?cat=22\" rel=\"category\">Hava<\/a>","rttpg_excerpt":"Bu g\u00fcn Az\u0259rbaycanda saat 19:00-a olan faktiki hava a\u00e7\u0131qlan\u0131b. Bak\u0131 v\u0259 Ab\u015feron yar\u0131madas\u0131n\u0131n hava durumu Milli Hidrometeorologiya Xidm\u0259tind\u0259n\u00a0Musavat.com-a veril\u0259n m\u0259lumata g\u00f6r\u0259, fevral\u0131n 22-si saat 19:00-a olan m\u0259lumat\u0131na \u0259sas\u0259n \u00f6lk\u0259 \u0259razisinin b\u0259zi yerl\u0259rind\u0259 g\u00fcnd\u00fcz saatlar\u0131nda ya\u011f\u0131nt\u0131da yaranan q\u0131sa fasil\u0259d\u0259n sonra yenid\u0259n Ab\u015feron yar\u0131madas\u0131n\u0131n b\u0259zi yerl\u0259rind\u0259 z\u0259if qar ya\u011f\u0131r. Rayonlarda hava nec\u0259dir? Eyni zamanda K\u0259lb\u0259c\u0259r, La\u00e7\u0131n, Qubadl\u0131,&hellip;","_links":{"self":[{"href":"https:\/\/arantv.az\/index.php?rest_route=\/wp\/v2\/posts\/789429"}],"collection":[{"href":"https:\/\/arantv.az\/index.php?rest_route=\/wp\/v2\/posts"}],"about":[{"href":"https:\/\/arantv.az\/index.php?rest_route=\/wp\/v2\/types\/post"}],"author":[{"embeddable":true,"href":"https:\/\/arantv.az\/index.php?rest_route=\/wp\/v2\/users\/2"}],"replies":[{"embeddable":true,"href":"https:\/\/arantv.az\/index.php?rest_route=%2Fwp%2Fv2%2Fcomments&post=789429"}],"version-history":[{"count":1,"href":"https:\/\/arantv.az\/index.php?rest_route=\/wp\/v2\/posts\/789429\/revisions"}],"predecessor-version":[{"id":789431,"href":"https:\/\/arantv.az\/index.php?rest_route=\/wp\/v2\/posts\/789429\/revisions\/789431"}],"wp:featuredmedia":[{"embeddable":true,"href":"https:\/\/arantv.az\/index.php?rest_route=\/wp\/v2\/media\/789430"}],"wp:attachment":[{"href":"https:\/\/arantv.az\/index.php?rest_route=%2Fwp%2Fv2%2Fmedia&parent=789429"}],"wp:term":[{"taxonomy":"category","embeddable":true,"href":"https:\/\/arantv.az\/index.php?rest_route=%2Fwp%2Fv2%2Fcategories&post=789429"},{"taxonomy":"post_tag","embeddable":true,"href":"https:\/\/arantv.az\/index.php?rest_route=%2Fwp%2Fv2%2Ftags&post=789429"}],"curies":[{"name":"wp","href":"https:\/\/api.w.org\/{rel}","templated":true}]}}