{"id":789432,"date":"2025-02-22T21:45:28","date_gmt":"2025-02-22T17:45:28","guid":{"rendered":"https:\/\/arantv.az\/?p=789432"},"modified":"2025-02-22T21:45:28","modified_gmt":"2025-02-22T17:45:28","slug":"paytaxt-qisa-t%c9%99slim-oldu-bakini-buz-kimi-gunl%c9%99r-gozl%c9%99yir","status":"publish","type":"post","link":"https:\/\/arantv.az\/?p=789432","title":{"rendered":"Paytaxt q\u0131\u015fa t\u0259slim oldu &#8211; Bak\u0131n\u0131 buz kimi g\u00fcnl\u0259r g\u00f6zl\u0259yir?"},"content":{"rendered":"<p><strong>Q\u0131\u015f\u0131n son ay\u0131nda olma\u011f\u0131m\u0131za baxmayaraq, n\u0259hay\u0259t ki, paytaxt Bak\u0131ya da qar ya\u011fd\u0131. \u015e\u0259h\u0259rd\u0259 olduqca soyuq hava m\u00fc\u015fahid\u0259 olunur. Son ill\u0259rd\u0259 iqlim d\u0259yi\u015fikliyinin t\u0259siri Bak\u0131n\u0131n q\u0131\u015f m\u00f6vs\u00fcm\u00fcnd\u0259 d\u0259 \u00f6z\u00fcn\u00fc g\u00f6st\u0259rir.<\/strong><\/p>\n<p>B\u0259s soyuq v\u0259 qarl\u0131 hava n\u0259 vaxtad\u0259k t\u0259sirli olacaq?<\/p>\n<p><em><strong>Meteoroloq Cavid H\u00fcseynov bu bar\u0259d\u0259 Yenisabah.az-a b\u0259zi vacib n\u00fcanslar\u0131 a\u00e7\u0131qlay\u0131b:<\/strong><\/em><\/p>\n<p>\u201cBak\u0131da v\u0259 Ab\u015feron yar\u0131madas\u0131nda q\u0131\u015f\u0131 m\u00fclayim, yay\u0131 quraq v\u0259 isti ke\u00e7\u0259n yar\u0131ms\u0259hra v\u0259 quru \u00e7\u00f6l iqlim tipi hakimdir. Bak\u0131 \u015f\u0259h\u0259rinin X\u0259z\u0259r d\u0259nizi sahilind\u0259 yerl\u0259\u015fm\u0259si v\u0259 d\u0259niz\u0259 yax\u0131nl\u0131\u011f\u0131n\u0131n iqlimin\u0259 \u0259h\u0259miyy\u0259tli t\u0259sir g\u00f6st\u0259rm\u0259si q\u0131\u015f f\u0259slinin m\u00fclayim ke\u00e7m\u0259sin\u0259 s\u0259b\u0259b olur. Ab\u015feron yar\u0131madas\u0131 v\u0259 ona yax\u0131n olan yerl\u0259rd\u0259, orta \u00e7oxillik d\u00f6vrd\u0259 qarl\u0131 g\u00fcnl\u0259rin say\u0131 il \u0259rzind\u0259 2\u20134 g\u00fcn, qar \u00f6rt\u00fcy\u00fcn\u00fcn \u0259n b\u00f6y\u00fck ong\u00fcnl\u00fck qal\u0131nl\u0131qlar\u0131n\u0131n orta k\u0259miyy\u0259ti 3-5 sm t\u0259\u015fkil edir\u201d.<\/p>\n<p><em><strong>Ekspert son ill\u0259rd\u0259 paytaxtda m\u00fc\u015fahid\u0259 olunan iqlim d\u0259yi\u015fiklikl\u0259rind\u0259n d\u0259 s\u00f6z a\u00e7\u0131b:<\/strong><\/em><\/p>\n<p>\u201cSon onillikl\u0259rd\u0259 G\u00fcn\u0259\u015f aktivliyi il\u0259 \u0259laq\u0259dar radiasiya ax\u0131n\u0131n\u0131n d\u0259yi\u015fm\u0259si il\u0259 yana\u015f\u0131, s\u0259nayenin inki\u015faf\u0131 il\u0259 ba\u011fl\u0131 antropogen amill\u0259rin (\u00fczvi yanaca\u011f\u0131n yanmas\u0131 n\u0259tic\u0259sind\u0259 atmosferin qaz t\u0259rkibinin d\u0259yi\u015fm\u0259si, atmosferin aerozol t\u0259rkibind\u0259 d\u0259yi\u015fiklikl\u0259r, \u0259traf m\u00fchit\u0259 istilik emissiyalar\u0131n\u0131n at\u0131lmas\u0131, s\u0259thin strukturunda d\u0259yi\u015fiklikl\u0259r v\u0259 s.) d\u0259 regional iqlim\u0259 t\u0259siri n\u0259tic\u0259sind\u0259 Bak\u0131da v\u0259 Ab\u015feron yar\u0131madas\u0131nda orta illik temperaturun v\u0259 isti g\u00fcnl\u0259rin say\u0131n\u0131n artmas\u0131, h\u0259m\u00e7inin ya\u011f\u0131nt\u0131lar\u0131n azalmas\u0131 tendensiyas\u0131 m\u00fc\u015fahid\u0259 olunur\u201d.<\/p>\n<p><em><strong>C.H\u00fcseynov bildirib ki, bu d\u0259yi\u015fiklikl\u0259rin \u015f\u0259h\u0259r m\u00fchitin\u0259 \u0259h\u0259miyy\u0259tli t\u0259sir g\u00f6st\u0259rm\u0259si \u015f\u0259h\u0259r infrastrukturunun y\u011funla\u015fd\u0131r\u0131lmas\u0131n\u0131 v\u0259 iqlim d\u0259yi\u015fikliyin\u0259 davaml\u0131l\u0131\u011f\u0131n art\u0131r\u0131lmas\u0131 \u00fc\u00e7\u00fcn t\u0259dbirl\u0259rin h\u0259yata ke\u00e7irilm\u0259sini t\u0259l\u0259b edir:<\/strong><\/em><\/p>\n<p>\u201cQ\u0131\u015f f\u0259slinin iqlim x\u00fcsusiyy\u0259tl\u0259rin\u0259 g\u00f6r\u0259, \u00f6lk\u0259miz, ad\u0259t\u0259n yanvar v\u0259 fevral aylar\u0131nda tez-tez Arktik hava k\u00fctl\u0259l\u0259rinin t\u0259sirin\u0259 m\u0259ruz qal\u0131r. Bel\u0259 ki, fevral\u0131n son ong\u00fcnl\u00fcy\u00fcnd\u0259 v\u0259 mart ay\u0131n\u0131n birinci yar\u0131s\u0131nda temperaturun b\u0259zi g\u00fcnl\u0259rd\u0259 q\u0131sa m\u00fcdd\u0259t\u0259 normadan a\u015fa\u011f\u0131 d\u00fc\u015f\u0259c\u0259yi ehtimal olunur\u201d.<\/p>\n","protected":false},"excerpt":{"rendered":"<p>Q\u0131\u015f\u0131n son ay\u0131nda olma\u011f\u0131m\u0131za baxmayaraq, n\u0259hay\u0259t ki, paytaxt Bak\u0131ya da qar ya\u011fd\u0131. \u015e\u0259h\u0259rd\u0259 olduqca soyuq hava m\u00fc\u015fahid\u0259 olunur. Son ill\u0259rd\u0259 iqlim d\u0259yi\u015fikliyinin t\u0259siri Bak\u0131n\u0131n q\u0131\u015f m\u00f6vs\u00fcm\u00fcnd\u0259 d\u0259 \u00f6z\u00fcn\u00fc g\u00f6st\u0259rir. B\u0259s soyuq v\u0259 qarl\u0131 hava n\u0259 vaxtad\u0259k t\u0259sirli olacaq? Meteoroloq Cavid H\u00fcseynov bu bar\u0259d\u0259 Yenisabah.az-a b\u0259zi vacib n\u00fcanslar\u0131 a\u00e7\u0131qlay\u0131b: \u201cBak\u0131da v\u0259 Ab\u015feron yar\u0131madas\u0131nda q\u0131\u015f\u0131 m\u00fclayim, yay\u0131 quraq v\u0259 isti ke\u00e7\u0259n yar\u0131ms\u0259hra v\u0259 quru \u00e7\u00f6l iqlim tipi hakimdir. Bak\u0131 \u015f\u0259h\u0259rinin X\u0259z\u0259r d\u0259nizi sahilind\u0259 yerl\u0259\u015fm\u0259si v\u0259 d\u0259niz\u0259 yax\u0131nl\u0131\u011f\u0131n\u0131n iqlimin\u0259 \u0259h\u0259miyy\u0259tli t\u0259sir g\u00f6st\u0259rm\u0259si q\u0131\u015f f\u0259slinin m\u00fclayim ke\u00e7m\u0259sin\u0259 s\u0259b\u0259b olur. Ab\u015feron yar\u0131madas\u0131 v\u0259 ona yax\u0131n&hellip;<\/p>\n","protected":false},"author":2,"featured_media":789433,"comment_status":"closed","ping_status":"closed","sticky":false,"template":"","format":"standard","meta":{"om_disable_all_campaigns":false,"_monsterinsights_skip_tracking":false,"_monsterinsights_sitenote_active":false,"_monsterinsights_sitenote_note":"","_monsterinsights_sitenote_category":0},"categories":[1],"tags":[],"aioseo_notices":[],"gutentor_comment":0,"rttpg_featured_image_url":{"full":["https:\/\/arantv.az\/wp-content\/uploads\/2025\/02\/21d30e12c2b8ffed00cbd79ae5c8784e.jpg",750,422,false],"landscape":["https:\/\/arantv.az\/wp-content\/uploads\/2025\/02\/21d30e12c2b8ffed00cbd79ae5c8784e.jpg",750,422,false],"portraits":["https:\/\/arantv.az\/wp-content\/uploads\/2025\/02\/21d30e12c2b8ffed00cbd79ae5c8784e.jpg",750,422,false],"thumbnail":["https:\/\/arantv.az\/wp-content\/uploads\/2025\/02\/21d30e12c2b8ffed00cbd79ae5c8784e-500x280.jpg",500,280,true],"medium":["https:\/\/arantv.az\/wp-content\/uploads\/2025\/02\/21d30e12c2b8ffed00cbd79ae5c8784e-649x365.jpg",649,365,true],"large":["https:\/\/arantv.az\/wp-content\/uploads\/2025\/02\/21d30e12c2b8ffed00cbd79ae5c8784e.jpg",640,360,false],"1536x1536":["https:\/\/arantv.az\/wp-content\/uploads\/2025\/02\/21d30e12c2b8ffed00cbd79ae5c8784e.jpg",750,422,false],"2048x2048":["https:\/\/arantv.az\/wp-content\/uploads\/2025\/02\/21d30e12c2b8ffed00cbd79ae5c8784e.jpg",750,422,false],"post-thumbnail":["https:\/\/arantv.az\/wp-content\/uploads\/2025\/02\/21d30e12c2b8ffed00cbd79ae5c8784e-240x172.jpg",240,172,true],"advps-thumb-one":["https:\/\/arantv.az\/wp-content\/uploads\/2025\/02\/21d30e12c2b8ffed00cbd79ae5c8784e.jpg",750,422,false]},"rttpg_author":{"display_name":"V\u00fcsal Rafiqo\u011flu","author_link":"https:\/\/arantv.az\/?author=2"},"rttpg_comment":0,"rttpg_category":"<a href=\"https:\/\/arantv.az\/?cat=1\" rel=\"category\">C\u0259miyy\u0259t<\/a>","rttpg_excerpt":"Q\u0131\u015f\u0131n son ay\u0131nda olma\u011f\u0131m\u0131za baxmayaraq, n\u0259hay\u0259t ki, paytaxt Bak\u0131ya da qar ya\u011fd\u0131. \u015e\u0259h\u0259rd\u0259 olduqca soyuq hava m\u00fc\u015fahid\u0259 olunur. Son ill\u0259rd\u0259 iqlim d\u0259yi\u015fikliyinin t\u0259siri Bak\u0131n\u0131n q\u0131\u015f m\u00f6vs\u00fcm\u00fcnd\u0259 d\u0259 \u00f6z\u00fcn\u00fc g\u00f6st\u0259rir. B\u0259s soyuq v\u0259 qarl\u0131 hava n\u0259 vaxtad\u0259k t\u0259sirli olacaq? Meteoroloq Cavid H\u00fcseynov bu bar\u0259d\u0259 Yenisabah.az-a b\u0259zi vacib n\u00fcanslar\u0131 a\u00e7\u0131qlay\u0131b: \u201cBak\u0131da v\u0259 Ab\u015feron yar\u0131madas\u0131nda q\u0131\u015f\u0131 m\u00fclayim, yay\u0131&hellip;","_links":{"self":[{"href":"https:\/\/arantv.az\/index.php?rest_route=\/wp\/v2\/posts\/789432"}],"collection":[{"href":"https:\/\/arantv.az\/index.php?rest_route=\/wp\/v2\/posts"}],"about":[{"href":"https:\/\/arantv.az\/index.php?rest_route=\/wp\/v2\/types\/post"}],"author":[{"embeddable":true,"href":"https:\/\/arantv.az\/index.php?rest_route=\/wp\/v2\/users\/2"}],"replies":[{"embeddable":true,"href":"https:\/\/arantv.az\/index.php?rest_route=%2Fwp%2Fv2%2Fcomments&post=789432"}],"version-history":[{"count":1,"href":"https:\/\/arantv.az\/index.php?rest_route=\/wp\/v2\/posts\/789432\/revisions"}],"predecessor-version":[{"id":789434,"href":"https:\/\/arantv.az\/index.php?rest_route=\/wp\/v2\/posts\/789432\/revisions\/789434"}],"wp:featuredmedia":[{"embeddable":true,"href":"https:\/\/arantv.az\/index.php?rest_route=\/wp\/v2\/media\/789433"}],"wp:attachment":[{"href":"https:\/\/arantv.az\/index.php?rest_route=%2Fwp%2Fv2%2Fmedia&parent=789432"}],"wp:term":[{"taxonomy":"category","embeddable":true,"href":"https:\/\/arantv.az\/index.php?rest_route=%2Fwp%2Fv2%2Fcategories&post=789432"},{"taxonomy":"post_tag","embeddable":true,"href":"https:\/\/arantv.az\/index.php?rest_route=%2Fwp%2Fv2%2Ftags&post=789432"}],"curies":[{"name":"wp","href":"https:\/\/api.w.org\/{rel}","templated":true}]}}