{"id":789733,"date":"2025-02-24T22:15:57","date_gmt":"2025-02-24T18:15:57","guid":{"rendered":"https:\/\/arantv.az\/?p=789733"},"modified":"2025-02-24T22:15:57","modified_gmt":"2025-02-24T18:15:57","slug":"az%c9%99rbaycan-prezidenti-v%c9%99-pakistanin-bas-naziri-m%c9%99tbuata-b%c9%99yanatlarla-cixis-edibl%c9%99r","status":"publish","type":"post","link":"https:\/\/arantv.az\/?p=789733","title":{"rendered":"Az\u0259rbaycan Prezidenti v\u0259 Pakistan\u0131n Ba\u015f naziri m\u0259tbuata b\u0259yanatlarla \u00e7\u0131x\u0131\u015f edibl\u0259r"},"content":{"rendered":"<p><strong>Az\u0259rbaycan Respublikas\u0131n\u0131n Prezidenti \u0130lham \u018fliyev v\u0259 Pakistan \u0130slam Respublikas\u0131n\u0131n Ba\u015f naziri M\u0259h\u0259mm\u0259d \u015eahbaz \u015e\u0259rif m\u0259tbuata b\u0259yanatlarla \u00e7\u0131x\u0131\u015f edibl\u0259r.<\/strong><\/p>\n<p><strong>ARANTV.AZ <\/strong>\u00a0x\u0259b\u0259r verir ki, \u0259vv\u0259lc\u0259 Az\u0259rbaycan Prezidenti m\u0259tbuata b\u0259yanatla \u00e7\u0131x\u0131\u015f etdi.<\/p>\n<p>Prezident \u0130lham \u018fliyev deyib:<\/p>\n<p>H\u00f6rm\u0259tli c\u0259nab Ba\u015f nazir, \u0259ziz qarda\u015f\u0131m.<\/p>\n<p>H\u00f6rm\u0259tli qonaqlar, xan\u0131mlar v\u0259 c\u0259nablar.<\/p>\n<p>\u018fziz qarda\u015f\u0131m, Az\u0259rbaycana bir daha xo\u015f g\u0259lmisiniz. Sizi g\u00f6rm\u0259k v\u0259 s\u00f6hb\u0259t etm\u0259k imkan\u0131 b\u00f6y\u00fck \u015f\u0259r\u0259f v\u0259 iftixar hissi oyad\u0131r. \u00c7ox \u015fadam ki, d\u00f6vri t\u0259maslar\u0131m\u0131z iki qarda\u015f \u00f6lk\u0259 aras\u0131nda daha s\u0131x t\u0259r\u0259fda\u015fl\u0131q m\u00fcnasib\u0259tl\u0259rin\u0259 z\u0259min yaratd\u0131.<\/p>\n<p>C\u0259nab Ba\u015f nazir \u00f6t\u0259n il v\u0259 2023-c\u00fc ild\u0259 \u00f6lk\u0259miz\u0259 s\u0259f\u0259r edib. M\u0259n is\u0259 \u00f6t\u0259n il Pakistanda d\u00f6vl\u0259t s\u0259f\u0259rind\u0259 olmu\u015fam. Bu g\u00fcn \u0259ziz qarda\u015f\u0131m Az\u0259rbaycana d\u00f6vl\u0259t s\u0259f\u0259rin\u0259 g\u0259lib.<\/p>\n<p>B\u00fct\u00f6vl\u00fckd\u0259 bu dinamika, \u0259slind\u0259, \u00f6lk\u0259l\u0259rimiz aras\u0131nda s\u0131x m\u00fcnasib\u0259tl\u0259ri \u0259ks etdirir. Bu g\u00fcn biz ikit\u0259r\u0259fli g\u00fcnd\u0259liy\u0259 aid \u00e7ox m\u00fch\u00fcm m\u0259s\u0259l\u0259l\u0259ri m\u00fczakir\u0259 etdik v\u0259 \u00f6lk\u0259l\u0259rimiz aras\u0131nda s\u0131x t\u0259r\u0259fda\u015fl\u0131\u011f\u0131n vacibliyini bir daha qeyd etdik, \u00f6lk\u0259l\u0259rimiz, xalqlar\u0131m\u0131z v\u0259 t\u0259msil etdiyimiz regionlar \u00fc\u00e7\u00fcn \u0259m\u0259kda\u015fl\u0131\u011f\u0131m\u0131z\u0131n strateji \u0259h\u0259miyy\u0259tini bir daha vur\u011fulad\u0131q.<\/p>\n<p>\u0130ki qarda\u015f \u00f6lk\u0259 olaraq biz beyn\u0259lxalq m\u00fcnasib\u0259tl\u0259rin b\u00fct\u00fcn m\u0259s\u0259l\u0259l\u0259rind\u0259 bir-birimiz\u0259 d\u0259st\u0259yi davam etdir\u0259c\u0259yik. Biz \u00f6lk\u0259l\u0259rimizin suverenliyi v\u0259 \u0259razi b\u00fct\u00f6vl\u00fcy\u00fc m\u0259s\u0259l\u0259sind\u0259 bir-birimiz\u0259 qar\u015f\u0131l\u0131ql\u0131 sur\u0259td\u0259 d\u0259st\u0259k veririk, beyn\u0259lxalq t\u0259sisatlarda f\u0259al \u0259m\u0259kda\u015fl\u0131q edirik v\u0259 i\u015ftirak etdiyimiz b\u00fct\u00fcn beyn\u0259lxalq t\u0259\u015fkilatlarda daim bir-birimizi d\u0259st\u0259kl\u0259yirik.<\/p>\n<p>H\u0259m\u00e7inin bu g\u00fcn \u0259ziz qarda\u015f\u0131mla z\u0259man\u0259mizin beyn\u0259lxalq g\u00fcnd\u0259liyind\u0259 duran \u00e7oxsayl\u0131 m\u0259s\u0259l\u0259l\u0259ri m\u00fczakir\u0259 etdik. Beyn\u0259lxalq m\u00fcnasib\u0259tl\u0259rin cari gedi\u015fat\u0131 il\u0259 ba\u011fl\u0131 m\u00f6vqeyimiz v\u0259 bax\u0131\u015flar\u0131m\u0131z tam \u00fcst-\u00fcst\u0259 d\u00fc\u015f\u00fcr. M\u00fczakir\u0259l\u0259rimizin n\u0259z\u0259r\u0259\u00e7arpan hiss\u0259sini ticari v\u0259 iqtisadi sektorlara h\u0259sr etdik v\u0259 birlikd\u0259 m\u0259yuslu\u011fumuzu ifad\u0259 etdik ki, ticar\u0259t d\u00f6vriyy\u0259miz c\u0259mi bir ne\u00e7\u0259 on milyonla \u00f6l\u00e7\u00fcl\u00fcr. Bir s\u00f6zl\u0259, biz ticar\u0259t d\u00f6vriyy\u0259mizi art\u0131rmal\u0131y\u0131q v\u0259 d\u00fc\u015f\u00fcn\u00fcr\u0259m ki, bunu nec\u0259 etm\u0259yi bilirik. X\u00fcsus\u0259n d\u0259 n\u0259z\u0259r\u0259 alaq ki, \u00f6t\u0259n yay Pakistana d\u00f6vl\u0259t s\u0259f\u0259rim zaman\u0131 b\u0259yan etdiyim kimi, Az\u0259rbaycan\u0131n Pakistan iqtisadiyyat\u0131na iki milyard AB\u015e dollar\u0131 s\u0259rmay\u0259 yat\u0131rmaq planlar\u0131 var. Biz bir ne\u00e7\u0259 ay \u0259vv\u0259l Pakistan t\u0259r\u0259find\u0259n konkret layih\u0259l\u0259ri ald\u0131q v\u0259 Az\u0259rbaycan n\u00fcmay\u0259nd\u0259l\u0259ri onlar\u0131 haz\u0131rda qiym\u0259tl\u0259ndirir.<\/p>\n<p>Bir s\u00f6zl\u0259, bu g\u00fcn d\u00fc\u015f\u00fcn\u00fcr\u0259m ki, qarda\u015f\u0131mla birg\u0259 \u00e7ox m\u00fch\u00fcm, eyni zamanda, \u00e7ox realist h\u0259d\u0259fl\u0259ri m\u00fc\u0259yy\u0259n etdik: bir ay \u0259rzind\u0259 b\u00fct\u00fcn m\u00fczakir\u0259l\u0259r yekunla\u015fs\u0131n v\u0259 aprelin \u0259vv\u0259lind\u0259 s\u0259n\u0259dl\u0259r imza \u00fc\u00e7\u00fcn haz\u0131rlans\u0131n. H\u0259min layih\u0259l\u0259r h\u0259m infrastrukturun inki\u015faf sah\u0259l\u0259rini, h\u0259m energetika, m\u0259d\u0259n i\u015fi v\u0259 ola bilsin, dig\u0259r sah\u0259l\u0259ri \u0259hat\u0259 edir.<\/p>\n<p>Bu g\u00fcn imzalanm\u0131\u015f raz\u0131la\u015fmalar yaln\u0131z indic\u0259 g\u00f6rd\u00fcy\u00fcm\u00fcz m\u0259rasiml\u0259 m\u0259hdudla\u015fm\u0131r. Bir \u00e7ox sazi\u015fl\u0259r dig\u0259r auditoriyalarda art\u0131q imzalanm\u0131\u015fd\u0131r. Bel\u0259likl\u0259, c\u0259nab Ba\u015f nazirin s\u0259f\u0259ri zaman\u0131 imzalanm\u0131\u015f sazi\u015fl\u0259rin \u00fcmumi say\u0131 10-dan art\u0131qd\u0131r. Bir s\u00f6zl\u0259, onlar g\u0259l\u0259c\u0259k \u0259m\u0259kda\u015fl\u0131q \u00fc\u00e7\u00fcn yax\u015f\u0131 b\u00fcn\u00f6vr\u0259 yaradacaq. S\u0259rmay\u0259 planlar\u0131m\u0131z \u0259sas\u0131nda, \u0259min\u0259m ki, biz ticari d\u00f6vriyy\u0259mizin art\u0131m\u0131n\u0131 da g\u00f6r\u0259c\u0259yik.<\/p>\n<p>Bu g\u00fcn m\u00fczakir\u0259 etdiyimiz m\u0259s\u0259l\u0259l\u0259r aras\u0131nda \u0259sas hiss\u0259 m\u00fcdafi\u0259, el\u0259c\u0259 d\u0259 m\u00fcdafi\u0259 s\u0259nayesi sah\u0259l\u0259rind\u0259 \u0259m\u0259kda\u015fl\u0131\u011fa h\u0259sr olunmu\u015fdur. Az\u0259rbaycan Pakistandan m\u00fcdafi\u0259 s\u0259nayesinin istehsal etdiyi avadanl\u0131\u011f\u0131 art\u0131q al\u0131b v\u0259 biz onun keyfiyy\u0259tind\u0259n \u00e7ox raz\u0131y\u0131q v\u0259 birm\u0259nal\u0131 olaraq, bu i\u015fi davam etdir\u0259c\u0259yik. Eyni zamanda, biz m\u00fcdafi\u0259 s\u0259nayesi m\u0259hsullar\u0131n\u0131n birg\u0259 istehsal\u0131 imkanlar\u0131n\u0131 m\u00fczakir\u0259 etdik v\u0259 bu, \u0259m\u0259kda\u015fl\u0131\u011f\u0131m\u0131z\u0131n dig\u0259r m\u00fch\u00fcm sektoru olacaq. Bilirik ki, Pakistan\u0131n \u00e7ox inki\u015faf etmi\u015f m\u00fcdafi\u0259 s\u0259nayesi var. Az\u0259rbaycan da \u00f6z potensial\u0131n\u0131 inki\u015faf etdirir. Biz m\u00fcdafi\u0259 s\u0259nayesinin m\u0259hsullar\u0131n\u0131 art\u0131q 30-dan \u00e7ox \u00f6lk\u0259y\u0259 ixrac edirik. D\u00fc\u015f\u00fcn\u00fcr\u0259m ki, birg\u0259 istehsal il\u0259 t\u0259chizat\u0131m\u0131z \u2013 ixracy\u00f6n\u00fcml\u00fc t\u0259chizat\u0131m\u0131z daha da artacaq.<\/p>\n<p>M\u00fczakir\u0259 etdiyimiz dig\u0259r m\u00fch\u00fcm sah\u0259 ba\u011flant\u0131 v\u0259 da\u015f\u0131malard\u0131r. Beyn\u0259lxalq da\u015f\u0131malar d\u0259hlizl\u0259rinin ayr\u0131lmaz hiss\u0259si olan Az\u0259rbaycan\u0131n da\u015f\u0131malar infrastrukturunun imkanlar\u0131n\u0131n art\u0131r\u0131lmas\u0131 m\u0259qs\u0259dil\u0259 m\u0259n c\u0259nab Ba\u015f nazir\u0259 planlar\u0131m\u0131z, m\u00fcqavil\u0259l\u0259r v\u0259 imzalad\u0131\u011f\u0131m\u0131z raz\u0131la\u015fmalar bar\u0259d\u0259 m\u0259lumat verdim &#8211; ist\u0259r \u015eimal-C\u0259nub v\u0259 ya \u015e\u0259rq-Q\u0259rb. Az\u0259rbaycan h\u0259r ikisind\u0259 i\u015ftirak edir. \u018flb\u0259tt\u0259 ki, bu, ba\u011flant\u0131 v\u0259 da\u015f\u0131malar\u0131n, iqtisadi inki\u015faf\u0131n, o c\u00fcml\u0259d\u0259n siyasi sabitliyin m\u00fch\u00fcm elementidir. Bir-birin\u0259 yax\u0131n yerl\u0259\u015f\u0259n \u00f6lk\u0259l\u0259r bu c\u00fcr \u00e7oxt\u0259r\u0259fli \u0259m\u0259kda\u015fl\u0131q format\u0131nda i\u015ftirak etdiyi zaman v\u0259ziyy\u0259t bizim regionlarda daha proqnozla\u015fd\u0131r\u0131lan olur. Bu, h\u0259m\u00e7inin regional sabitliyin m\u00fch\u00fcm meyar\u0131d\u0131r.<\/p>\n<p>Bel\u0259likl\u0259, bu g\u00fcn biz g\u00fccl\u00fc qarda\u015fl\u0131q \u0259laq\u0259l\u0259rini bir daha vur\u011fulad\u0131q. Pakistan bizim \u00fc\u00e7\u00fcn \u0259n yax\u0131n dost v\u0259 qarda\u015flardan biridir. Xalqlar aras\u0131nda \u0259laq\u0259l\u0259r d\u0259 u\u011furla inki\u015faf edir. H\u0259r iki t\u0259r\u0259fd\u0259n qonaqlar\u0131n artan say\u0131 haqq\u0131nda biz\u0259 m\u0259lumat verildi. D\u00f6vri \u0259saslarla u\u00e7u\u015flara g\u0259ldikd\u0259, \u0259min\u0259m ki, onlar\u0131n say\u0131 artacaq. C\u0259miyy\u0259tl\u0259rimizin n\u00fcmay\u0259nd\u0259l\u0259ri aras\u0131nda daha \u00e7ox qar\u015f\u0131l\u0131ql\u0131 \u0259laq\u0259nin \u015fahidi olaca\u011f\u0131q.<\/p>\n<p>\u018fziz qarda\u015f\u0131m, d\u0259v\u0259timi q\u0259bul etdiyiniz\u0259 v\u0259 Az\u0259rbaycana d\u00f6vl\u0259t s\u0259f\u0259rin\u0259 g\u0259ldiyiniz\u0259 g\u00f6r\u0259 Siz\u0259 bir daha minn\u0259tdaram. M\u0259n \u00f6lk\u0259 lideri kimi f\u0259aliyy\u0259tinizd\u0259 davaml\u0131 u\u011furlar arzu edir\u0259m. Sizin bax\u0131\u015f\u0131n\u0131z v\u0259 h\u0259yata ke\u00e7irdiyiniz islahatlar h\u0259qiq\u0259t\u0259n n\u0259inki irad\u0259nizi g\u00f6st\u0259rir, o c\u00fcml\u0259d\u0259n iqtisadi sah\u0259d\u0259, siyasi sabitlik sah\u0259sind\u0259 v\u0259 Pakistan\u0131n beyn\u0259lxalq arenada qlobal i\u015ftirak\u00e7\u0131 kimi potensial\u0131nda m\u00fch\u00fcm n\u0259tic\u0259l\u0259r verir. B\u00fct\u00fcn bunlar g\u0259rgin \u0259m\u0259yiniz v\u0259 hey\u0259tinizin i\u015fi say\u0259sind\u0259 m\u00fcmk\u00fcn olmu\u015fdur. Bir s\u00f6zl\u0259, qarda\u015f v\u0259 dostlar\u0131n\u0131z kimi, biz Ba\u015f nazir \u015e\u0259rifin m\u00fcdrik r\u0259hb\u0259rliyi il\u0259 Pakistan\u0131n nailiyy\u0259tl\u0259rin\u0259 \u00e7ox sevinirik v\u0259 f\u0259r\u0259hl\u0259nirik. Biz qarda\u015flar kimi b\u00fct\u00fcn g\u0259l\u0259c\u0259k planlar\u0131m\u0131z v\u0259 i\u015fl\u0259rimizd\u0259 Sizinl\u0259 olaca\u011f\u0131q. Bir daha xo\u015f g\u0259lmisiniz.<\/p>\n<p>Sonra Pakistan \u0130slam Respublikas\u0131n\u0131n Ba\u015f naziri m\u0259tbuata b\u0259yanatla \u00e7\u0131x\u0131\u015f etdi.<\/p>\n<p>Ba\u015f nazir M\u0259h\u0259mm\u0259d \u015eahbaz \u015e\u0259rif deyib:<\/p>\n<p>-\u00c7ox sa\u011f olun, \u0259ziz qarda\u015f\u0131m Prezident \u0130lham \u018fliyev.<\/p>\n<p>Az\u0259rbaycan v\u0259 Pakistan n\u00fcmay\u0259nd\u0259 hey\u0259tl\u0259rinin h\u00f6rm\u0259tli \u00fczvl\u0259ri, xan\u0131mlar v\u0259 c\u0259nablar.<\/p>\n<p>\u018fssalamu \u0259leykum, h\u0259r vaxt\u0131n\u0131z xeyir.<\/p>\n<p>\u018fziz qarda\u015f\u0131m Prezident, m\u00f6ht\u0259\u015f\u0259m v\u0259 qarda\u015f \u00f6lk\u0259miz olan Az\u0259rbaycana bizi d\u0259v\u0259t etdiyiniz \u00fc\u00e7\u00fcn \u00e7ox sa\u011f olun. \u00d6t\u0259n gec\u0259 Bak\u0131ya eni\u015f etdikd\u0259n b\u0259ri burada ke\u00e7irdiyimiz h\u0259r andan z\u00f6vq alm\u0131\u015f\u0131q. S\u0259f\u0259r\u0259miz n\u0259inki \u00e7ox rahat, eyni zamanda, \u00e7ox m\u0259hsuldar v\u0259 faydal\u0131d\u0131r. G\u00f6z\u0259l Bak\u0131 \u015f\u0259h\u0259rini yay m\u00f6vs\u00fcm\u00fcnd\u0259 seyr etm\u0259k z\u00f6vq ox\u015fay\u0131r, onun land\u015faft\u0131n\u0131, ya\u015f\u0131ll\u0131\u011f\u0131n\u0131 n\u0259z\u0259rd\u0259 tuturam. N\u00fcmay\u0259nd\u0259 hey\u0259tinizi \u0130slamabada g\u00f6nd\u0259rdiyiniz \u00fc\u00e7\u00fcn \u00e7ox sa\u011f olun. Onlar indi g\u00f6z\u0259l \u0130slamabad\u0131 daha da abadla\u015fd\u0131r\u0131rlar. \u0130slamabad\u0131n \u00f6z\u00fcn\u0259m\u0259xsus t\u0259bii g\u00f6z\u0259lliyi var. O, da\u011f\u0131n \u0259t\u0259yind\u0259 yerl\u0259\u015fir, komandan\u0131z \u00e7ox g\u00f6z\u0259l \u015f\u0259h\u0259ri daha da g\u00f6z\u0259ll\u0259\u015fdir\u0259r\u0259k abadla\u015fd\u0131r\u0131r. \u00c7ox sa\u011f olun. Burada Bak\u0131 a\u011f qar \u00f6rt\u00fcy\u00fcn\u0259 b\u00fcr\u00fcn\u00fcb v\u0259 bu da \u00f6zl\u00fcy\u00fcnd\u0259 biz\u0259 \u0259lav\u0259 rahatl\u0131q verir.<\/p>\n<p>Zati-alil\u0259ri, bug\u00fcnk\u00fc m\u00fczakir\u0259l\u0259rimiz \u00e7ox m\u0259hsuldar v\u0259 faydal\u0131 olub, qarda\u015fl\u0131\u011f\u0131m\u0131z\u0131n v\u0259 qarda\u015f m\u00fcnasib\u0259tl\u0259rimizin ruhunu d\u0259rind\u0259n \u0259ks etdirir. Siz Pakistan\u0131 d\u0259st\u0259kl\u0259misiniz, Siz Pakistan xalq\u0131n\u0131 sevirsiniz, Siz bu m\u00f6ht\u0259\u015f\u0259m \u00f6lk\u0259y\u0259 r\u0259hb\u0259rlik etm\u0259y\u0259 ba\u015flayandan b\u0259ri s\u00f6zl\u0259rinizi \u0259m\u0259ll\u0259rinizl\u0259 s\u00fcbuta yetirmisiniz. Eynil\u0259, Zati-alil\u0259ri, Siz\u0259 dey\u0259 bil\u0259r\u0259m, \u015f\u00fcbh\u0259siz ki, Pakistanda b\u00fct\u00fcn siyasi partiyalar bir ne\u00e7\u0259 m\u0259s\u0259l\u0259d\u0259 yekdildirl\u0259r. Bu m\u0259s\u0259l\u0259l\u0259rd\u0259n biri d\u0259 Pakistan v\u0259 Az\u0259rbaycan aras\u0131ndak\u0131 dostluqdur. Bu, Pakistandak\u0131 b\u00fct\u00fcn t\u0259b\u0259q\u0259l\u0259r t\u0259r\u0259find\u0259n d\u0259st\u0259kl\u0259nir v\u0259 bu da biz\u0259 b\u00f6y\u00fck m\u0259mnunluq hissi verir.<\/p>\n<p>Zati-alil\u0259ri, \u00f6t\u0259n d\u0259f\u0259 Pakistana s\u0259f\u0259riniz qarda\u015fl\u0131q m\u00fcnasib\u0259tl\u0259rimizi yeni s\u0259viyy\u0259 qald\u0131rd\u0131 v\u0259 bu, s\u0259mimi \u0259laq\u0259l\u0259ri g\u00fccl\u0259ndirdi. Az\u0259rbaycan\u0131n Pakistan\u0131n birg\u0259 m\u00fc\u0259ssis\u0259l\u0259rin\u0259 2 milyard dollar s\u0259rmay\u0259 yat\u0131raca\u011f\u0131n\u0131 n\u0259z\u0259rd\u0259 tutdu\u011funuzu b\u0259yan ed\u0259nd\u0259 m\u0259n Siz\u0259 h\u0259dsiz d\u0259r\u0259c\u0259d\u0259 minn\u0259tdar oldum. Bunlar qar\u015f\u0131l\u0131ql\u0131 faydal\u0131 investisiyalard\u0131r v\u0259 h\u0259r iki \u00f6lk\u0259y\u0259 dividentl\u0259r g\u0259tirir. M\u0259n b\u00f6y\u00fck sevinc hissi il\u0259 qeyd edir\u0259m ki, h\u0259r iki hey\u0259t bu m\u0259s\u0259l\u0259 \u00fcz\u0259rind\u0259 n\u0259tic\u0259l\u0259r \u0259ld\u0259 etm\u0259k \u00fc\u00e7\u00fcn \u00e7ox ciddi i\u015fl\u0259yib v\u0259 bu g\u00fcn s\u0259h\u0259r h\u0259r iki t\u0259r\u0259fin \u00e7oxlu i\u015f g\u00f6rd\u00fcy\u00fcn\u00fc v\u0259 h\u0259r iki t\u0259r\u0259f\u0259 b\u00fct\u00fcn haz\u0131rl\u0131qlar\u0131 yekunla\u015fd\u0131rmaq \u00fc\u00e7\u00fcn 1 ay vaxt verildiyini Sizd\u0259n e\u015fitm\u0259kd\u0259n \u00e7ox \u015fad oldum. \u0130n\u015fallah, aprel ay\u0131nda, h\u0259r \u015fey m\u00fczakir\u0259 edildikd\u0259n v\u0259 q\u0259rar q\u0259bul olunduqdan sonra m\u0259n bu 2 milyard dollar d\u0259y\u0259rind\u0259 raz\u0131l\u0131qlar\u0131 tamamlamaq \u00fc\u00e7\u00fcn yen\u0259 d\u0259 Sizi \u0130slamabadda q\u0259bul etm\u0259kd\u0259n b\u00f6y\u00fck \u015f\u0259r\u0259f v\u0259 sevinc hissi ke\u00e7ir\u0259c\u0259y\u0259m.<\/p>\n<p>Zati-alil\u0259ri, bu, bizim ticar\u0259t v\u0259 investisiya m\u00fcnasib\u0259tl\u0259rimizd\u0259 ilk keyfiyy\u0259tli s\u0131\u00e7ray\u0131\u015f olacaq v\u0259 qarda\u015fl\u0131q \u0259laq\u0259l\u0259rimizi \u0259h\u0259miyy\u0259tli d\u0259r\u0259c\u0259d\u0259 \u0259ks etdir\u0259c\u0259kdir. \u00c7\u00fcnki bizim dotlu\u011fumuz, siyasi anla\u015fmam\u0131z, beyn\u0259lxalq s\u0259viyy\u0259d\u0259, beyn\u0259lxalq forumlarda d\u00fc\u015f\u00fcnc\u0259 v\u0259 h\u0259r\u0259k\u0259t v\u0259hd\u0259timiz \u0259fsan\u0259vi olmu\u015fdur. Lakin hesab edir\u0259m ki, i\u015f birliymiz, ticar\u0259timiz, investisiya m\u00fcnasib\u0259tl\u0259rimiz bizim \u0259laq\u0259l\u0259rin h\u0259qiqi g\u00fcc\u00fcn\u00fc \u0259ks etdirmirdi. Hesab edir\u0259m ki, bu g\u00fcn biz bu h\u0259d\u0259f\u0259 \u00e7atd\u0131q v\u0259 in\u015fallah, bir aydan sonra biz h\u0259min b\u00f6y\u00fck q\u0259rar\u0131n h\u0259yata ke\u00e7irilm\u0259sini qeyd ed\u0259c\u0259yik. M\u0259n Sizin s\u0259mimiyy\u0259tiniz\u0259, liderliyiniz\u0259, m\u00fcdrikliyiniz\u0259 v\u0259 bax\u0131\u015f\u0131n\u0131za g\u00f6r\u0259 h\u0259ddind\u0259n art\u0131q minn\u0259tdaram. \u018fziz qarda\u015f\u0131m Prezident \u0130lham \u018fliyev, Sizi \u0259min etm\u0259k ist\u0259yir\u0259m ki, m\u0259n etimad\u0131n\u0131z\u0131 do\u011fruldaca\u011fam, sizin s\u00fcr\u0259tinizi v\u0259 \u00fcz\u0259riniz\u0259 g\u00f6t\u00fcrd\u00fcy\u00fcn\u00fcz \u00f6hd\u0259likl\u0259rinizi qar\u015f\u0131lama\u011fa v\u0259 h\u0259tta ondan da art\u0131\u011f\u0131n\u0131 etm\u0259y\u0259 \u00e7al\u0131\u015faca\u011fam.<\/p>\n<p>Zati-alil\u0259ri, Pakistan h\u0259mi\u015f\u0259 Az\u0259rbaycan\u0131 Qaraba\u011f m\u0259s\u0259l\u0259sind\u0259 d\u0259st\u0259kl\u0259mi\u015fdir v\u0259 \u0259lh\u0259md\u00fclillah, Sizin bax\u0131\u015f\u0131n\u0131z, c\u0259sar\u0259tiniz v\u0259 q\u0259tiyy\u0259tli q\u0259rarlar\u0131n\u0131z bu b\u00f6lg\u0259d\u0259 s\u00fclh\u0259 g\u0259tirib \u00e7\u0131xard\u0131. Sabah m\u0259n F\u00fczuliy\u0259, ondan sonra is\u0259 da\u011flara, \u015eu\u015faya getm\u0259li idim. Lakin d\u00fc\u015f\u00fcn\u00fcr\u0259m ki, m\u0259n qar\u0131n ya\u011fmas\u0131 il\u0259 bir n\u00f6v soyuq havan\u0131 d\u00fcn\u0259n ax\u015fam hiss etdim. Biz bel\u0259 q\u0259rara g\u0259ldik ki, yayda sizin g\u00f6z\u0259l \u00f6lk\u0259niz\u0259 konfransda i\u015ftirak etm\u0259k \u00fc\u00e7\u00fcn g\u0259l\u0259c\u0259yik, ikinci evimiz\u0259 yenid\u0259n s\u0259f\u0259r ed\u0259nd\u0259 biz birlikd\u0259 oran\u0131 ziyar\u0259t ed\u0259c\u0259yik v\u0259 Sizin m\u00f6ht\u0259\u015f\u0259m nailiyy\u0259tinizi y\u00fcks\u0259k d\u0259y\u0259rl\u0259ndir\u0259c\u0259yik.<\/p>\n<p>Zati-alil\u0259ri, K\u0259\u015fmir \u0259halisin\u0259 d\u0259st\u0259yiniz\u0259 g\u00f6r\u0259 Siz\u0259 t\u0259\u015f\u0259kk\u00fcr edir\u0259m. Siz h\u0259r zaman he\u00e7 bir siyasi \u015f\u0259rt v\u0259 ya t\u0259r\u0259dd\u00fcd olmadan K\u0259\u015fmir m\u0259s\u0259l\u0259sind\u0259 bizim haqq i\u015fimizi d\u0259st\u0259kl\u0259misiniz v\u0259 bu, Sizi f\u0259rql\u0259ndir\u0259n x\u00fcsusiyy\u0259tinizdir, sars\u0131lmaz m\u00f6vqeyinizdir. Biz Pakistan xalq\u0131 bunu y\u00fcks\u0259k qiym\u0259tl\u0259ndiririk. \u00dcmidvaram ki, Ba\u015f Assambelya v\u0259 T\u0259hl\u00fck\u0259sizlik \u015euras\u0131n\u0131n q\u0259bul etdiyi q\u0259tnam\u0259l\u0259r bizim kollektiv s\u0259yl\u0259rimiz say\u0259sind\u0259 bir g\u00fcn tezlikl\u0259 h\u0259yata ke\u00e7\u0259c\u0259k. \u00c7\u00fcnki onlar da insand\u0131r v\u0259 70 il \u0259rzind\u0259 \u00f6z azadl\u0131qlar\u0131, \u00f6z m\u00fcq\u0259dd\u0259rat\u0131n\u0131 t\u0259yinetm\u0259 h\u00fcquqlar\u0131 u\u011frunda m\u00fcbariz\u0259 aparmaq \u00fc\u00e7\u00fcn \u00f6zl\u0259rini qurban veribl\u0259r. D\u00fc\u015f\u00fcn\u00fcr\u0259m ki, d\u00fcnya onlar\u0131n haqq i\u015fini v\u0259 s\u0259yl\u0259rini d\u0259st\u0259kl\u0259m\u0259li, buna qar\u015f\u0131 \u00e7\u0131xmamal\u0131d\u0131r.<\/p>\n<p>Eyni zamanda, Zati-alil\u0259ri, indi Q\u0259zza \u0259halisinin daimi at\u0259\u015fk\u0259s\u0259 ehtiyac\u0131 var v\u0259 d\u00fcnya q\u0259zzal\u0131lar\u0131n v\u0259 f\u0259l\u0259stinlil\u0259rin haqq i\u015fini q\u0259bul edib, ikid\u00f6vl\u0259tli h\u0259ll prinsipi \u0259sas\u0131nda F\u0259l\u0259stin d\u00f6vl\u0259tinin yarad\u0131lmas\u0131 m\u0259s\u0259l\u0259sind\u0259 tam yekdillik var. D\u00fc\u015f\u00fcn\u00fcr\u0259m ki, bu vaxt, y\u0259ni, fasil\u0259 zaman\u0131, Q\u0259zzada daimi at\u0259\u015fk\u0259s\u0259 sadiqlik olacaq v\u0259 z\u0259nnimc\u0259, bu \u0259razid\u0259 iki d\u00f6vl\u0259tin m\u00f6vcudlu\u011fu &#8211; F\u0259l\u0259stin d\u00f6vl\u0259tinin yarad\u0131lmas\u0131 arzusu yax\u0131n g\u0259l\u0259c\u0259kd\u0259 realla\u015facaq.<\/p>\n<p>Zati-alil\u0259ri, bu g\u00fcn burada imzalanm\u0131\u015f anla\u015fma memorandumlar\u0131 v\u0259 sazi\u015fl\u0259r g\u0259l\u0259c\u0259kd\u0259 \u00e7ox yax\u015f\u0131 dividendl\u0259r g\u0259tirm\u0259si \u00fc\u00e7\u00fcn bizim s\u0259mimi s\u0259yl\u0259rimizi t\u0259\u015fviq ed\u0259c\u0259k. SOCAR v\u0259 pakistanl\u0131 h\u0259mkarlar\u0131 s\u0131x\u0131lm\u0131\u015f maye qaz raz\u0131la\u015fmas\u0131n\u0131 \u0259lav\u0259 2 il m\u00fcdd\u0259tin\u0259 uzatd\u0131lar. Ticar\u0259t \u015firk\u0259ti yarad\u0131l\u0131b v\u0259 \u0259lb\u0259tt\u0259 ki, bu g\u00fcn bir \u00e7ox ba\u015fqa \u0259lam\u0259tdar anla\u015fma memorandumlar\u0131 v\u0259 sazi\u015fl\u0259r imzaland\u0131. M\u0259n Sizin m\u00fcst\u0259sna d\u0259st\u0259yiniz\u0259 g\u00f6r\u0259 minn\u0259tdaram. Sizinl\u0259 tamamil\u0259 raz\u0131yam ki, Pakistan il\u0259 Az\u0259rbaycan aras\u0131nda strateji m\u00fcdafi\u0259 sah\u0259sind\u0259 g\u00f6z\u0259l \u0259laq\u0259l\u0259rimizin daha y\u00fcks\u0259k s\u0259viyy\u0259y\u0259 qald\u0131r\u0131lmas\u0131n\u0131n vaxt\u0131 \u00e7at\u0131b. Bizim m\u00fcdafi\u0259 sah\u0259sind\u0259 birg\u0259 istehsal potensial\u0131m\u0131z olmal\u0131d\u0131r. Bu, h\u0259r iki t\u0259r\u0259fin \u00f6hd\u0259liyin\u0259 d\u00fc\u015f\u00fcr v\u0259 aprel ay\u0131nda Az\u0259rbaycan n\u00fcmay\u0259nd\u0259 hey\u0259ti Pakistana s\u0259f\u0259r ed\u0259nd\u0259 bu m\u0259s\u0259l\u0259 n\u00fcmay\u0259nd\u0259 hey\u0259tinin g\u00fcnd\u0259liyind\u0259 ba\u015fl\u0131ca prioritet t\u0259\u015fkil ed\u0259c\u0259k. Biz bununla \u0259laq\u0259dar ciddi v\u0259 s\u0259mimi m\u00fczakir\u0259l\u0259r v\u0259 dan\u0131\u015f\u0131qlar aparma\u011fa haz\u0131r olaca\u011f\u0131q.<\/p>\n<p>Zati-alil\u0259ri, bizim beyn\u0259lxalq infrastruktur d\u0259hlizi layih\u0259miz zaman\u0131n t\u0259l\u0259bidir v\u0259 Qvadar liman\u0131 idxal-ixrac \u00fc\u00e7\u00fcn t\u0259yinat m\u0259nt\u0259q\u0259sidir. D\u00fc\u015f\u00fcn\u00fcr\u0259m ki, bu, b\u00fct\u00fcn regiona transformativ v\u0259 \u00e7ox m\u00fcsb\u0259t t\u0259sir g\u00f6st\u0259r\u0259c\u0259k. Biz Sizin bax\u0131\u015f\u0131n\u0131z\u0131 tam d\u0259st\u0259kl\u0259yirik v\u0259 n\u00fcmay\u0259nd\u0259 hey\u0259tl\u0259ri Sizin plan\u0131n\u0131z\u0131n h\u0259yata ke\u00e7irilm\u0259si \u00fc\u00e7\u00fcn yollar v\u0259 imkanlar tapmaq m\u0259qs\u0259dil\u0259 g\u00f6r\u00fc\u015f\u0259n zaman bu, bir daha g\u00fcnd\u0259likd\u0259 duran m\u0259s\u0259l\u0259l\u0259rd\u0259n biri olacaq. \u00c7\u00fcnki bu, h\u0259r k\u0259s \u00fc\u00e7\u00fcn udu\u015flu v\u0259ziyy\u0259t olacaq.<\/p>\n<p>Zati-alil\u0259ri, m\u0259n \u00e7ox s\u0259mimi qonaqp\u0259rv\u0259rliyiniz\u0259 g\u00f6r\u0259 Siz\u0259 bir daha minn\u0259tdarl\u0131\u011f\u0131m\u0131 bildirm\u0259k ist\u0259rdim. Siz qarda\u015fs\u0131n\u0131z, biz bir ail\u0259 kimiyik. M\u0259n apreld\u0259 t\u0259kc\u0259 Pakistan xalq\u0131n\u0131n deyil, qarda\u015f \u00f6lk\u0259 Az\u0259rbaycan\u0131n b\u00fct\u00fcn gu\u015f\u0259l\u0259rind\u0259 deyil, b\u00fct\u00fcn d\u00fcnyan\u0131n izl\u0259y\u0259c\u0259yi bu m\u00f6ht\u0259\u015f\u0259m t\u0259dbir v\u0259 m\u00f6ht\u0259\u015f\u0259m imzalama m\u0259rasimi il\u0259 ba\u011fl\u0131 Sizin Pakistana s\u0259f\u0259rinizi s\u0259birsizlikl\u0259 g\u00f6zl\u0259yir\u0259m. Bu, bizim nail olmal\u0131 v\u0259 d\u0259rind\u0259n d\u00fc\u015f\u00fcnm\u0259li oldu\u011fumuz m\u0259s\u0259l\u0259dir. T\u0259kc\u0259 bu regionda deyil, b\u00fct\u00fcn d\u00fcnyada s\u00fclh, t\u0259r\u0259qqi v\u0259 \u00e7i\u00e7\u0259kl\u0259nm\u0259 olmal\u0131d\u0131r. Bizim dostlu\u011fumuz, qarda\u015fl\u0131\u011f\u0131m\u0131z \u018fr\u0259b d\u0259nizin isti sular\u0131ndan X\u0259z\u0259r d\u0259nizin\u0259 kimi uzan\u0131r. Biz birg\u0259 s\u0259yl\u0259rimizl\u0259 bunu m\u00f6hk\u0259ml\u0259ndir\u0259c\u0259yik, g\u00fccl\u0259ndir\u0259c\u0259yik v\u0259 in\u015fallah, bu qarda\u015fl\u0131q d\u00fcnya var olduqca ya\u015fayacaq. T\u0259\u015f\u0259kk\u00fcr edir\u0259m, Allah Sizi qorusun!<\/p>\n","protected":false},"excerpt":{"rendered":"<p>Az\u0259rbaycan Respublikas\u0131n\u0131n Prezidenti \u0130lham \u018fliyev v\u0259 Pakistan \u0130slam Respublikas\u0131n\u0131n Ba\u015f naziri M\u0259h\u0259mm\u0259d \u015eahbaz \u015e\u0259rif m\u0259tbuata b\u0259yanatlarla \u00e7\u0131x\u0131\u015f edibl\u0259r. ARANTV.AZ \u00a0x\u0259b\u0259r verir ki, \u0259vv\u0259lc\u0259 Az\u0259rbaycan Prezidenti m\u0259tbuata b\u0259yanatla \u00e7\u0131x\u0131\u015f etdi. Prezident \u0130lham \u018fliyev deyib: H\u00f6rm\u0259tli c\u0259nab Ba\u015f nazir, \u0259ziz qarda\u015f\u0131m. H\u00f6rm\u0259tli qonaqlar, xan\u0131mlar v\u0259 c\u0259nablar. \u018fziz qarda\u015f\u0131m, Az\u0259rbaycana bir daha xo\u015f g\u0259lmisiniz. Sizi g\u00f6rm\u0259k v\u0259 s\u00f6hb\u0259t etm\u0259k imkan\u0131 b\u00f6y\u00fck \u015f\u0259r\u0259f v\u0259 iftixar hissi oyad\u0131r. \u00c7ox \u015fadam ki, d\u00f6vri t\u0259maslar\u0131m\u0131z iki qarda\u015f \u00f6lk\u0259 aras\u0131nda daha s\u0131x t\u0259r\u0259fda\u015fl\u0131q m\u00fcnasib\u0259tl\u0259rin\u0259 z\u0259min yaratd\u0131. C\u0259nab Ba\u015f nazir \u00f6t\u0259n il v\u0259 2023-c\u00fc ild\u0259 \u00f6lk\u0259miz\u0259 s\u0259f\u0259r edib. M\u0259n&hellip;<\/p>\n","protected":false},"author":2,"featured_media":789735,"comment_status":"closed","ping_status":"closed","sticky":false,"template":"","format":"standard","meta":{"om_disable_all_campaigns":false,"_monsterinsights_skip_tracking":false,"_monsterinsights_sitenote_active":false,"_monsterinsights_sitenote_note":"","_monsterinsights_sitenote_category":0},"categories":[4],"tags":[],"aioseo_notices":[],"gutentor_comment":0,"rttpg_featured_image_url":{"full":["https:\/\/arantv.az\/wp-content\/uploads\/2025\/02\/6591bfe4bcc5dd61885978d9850b40b9-1.jpeg",850,500,false],"landscape":["https:\/\/arantv.az\/wp-content\/uploads\/2025\/02\/6591bfe4bcc5dd61885978d9850b40b9-1.jpeg",850,500,false],"portraits":["https:\/\/arantv.az\/wp-content\/uploads\/2025\/02\/6591bfe4bcc5dd61885978d9850b40b9-1.jpeg",850,500,false],"thumbnail":["https:\/\/arantv.az\/wp-content\/uploads\/2025\/02\/6591bfe4bcc5dd61885978d9850b40b9-1-500x280.jpeg",500,280,true],"medium":["https:\/\/arantv.az\/wp-content\/uploads\/2025\/02\/6591bfe4bcc5dd61885978d9850b40b9-1-621x365.jpeg",621,365,true],"large":["https:\/\/arantv.az\/wp-content\/uploads\/2025\/02\/6591bfe4bcc5dd61885978d9850b40b9-1-840x494.jpeg",640,376,true],"1536x1536":["https:\/\/arantv.az\/wp-content\/uploads\/2025\/02\/6591bfe4bcc5dd61885978d9850b40b9-1.jpeg",850,500,false],"2048x2048":["https:\/\/arantv.az\/wp-content\/uploads\/2025\/02\/6591bfe4bcc5dd61885978d9850b40b9-1.jpeg",850,500,false],"post-thumbnail":["https:\/\/arantv.az\/wp-content\/uploads\/2025\/02\/6591bfe4bcc5dd61885978d9850b40b9-1-240x172.jpeg",240,172,true],"advps-thumb-one":["https:\/\/arantv.az\/wp-content\/uploads\/2025\/02\/6591bfe4bcc5dd61885978d9850b40b9-1.jpeg",850,500,false]},"rttpg_author":{"display_name":"V\u00fcsal Rafiqo\u011flu","author_link":"https:\/\/arantv.az\/?author=2"},"rttpg_comment":0,"rttpg_category":"<a href=\"https:\/\/arantv.az\/?cat=4\" rel=\"category\">Siyas\u0259t<\/a>","rttpg_excerpt":"Az\u0259rbaycan Respublikas\u0131n\u0131n Prezidenti \u0130lham \u018fliyev v\u0259 Pakistan \u0130slam Respublikas\u0131n\u0131n Ba\u015f naziri M\u0259h\u0259mm\u0259d \u015eahbaz \u015e\u0259rif m\u0259tbuata b\u0259yanatlarla \u00e7\u0131x\u0131\u015f edibl\u0259r. ARANTV.AZ \u00a0x\u0259b\u0259r verir ki, \u0259vv\u0259lc\u0259 Az\u0259rbaycan Prezidenti m\u0259tbuata b\u0259yanatla \u00e7\u0131x\u0131\u015f etdi. Prezident \u0130lham \u018fliyev deyib: H\u00f6rm\u0259tli c\u0259nab Ba\u015f nazir, \u0259ziz qarda\u015f\u0131m. H\u00f6rm\u0259tli qonaqlar, xan\u0131mlar v\u0259 c\u0259nablar. \u018fziz qarda\u015f\u0131m, Az\u0259rbaycana bir daha xo\u015f g\u0259lmisiniz. Sizi g\u00f6rm\u0259k v\u0259 s\u00f6hb\u0259t&hellip;","_links":{"self":[{"href":"https:\/\/arantv.az\/index.php?rest_route=\/wp\/v2\/posts\/789733"}],"collection":[{"href":"https:\/\/arantv.az\/index.php?rest_route=\/wp\/v2\/posts"}],"about":[{"href":"https:\/\/arantv.az\/index.php?rest_route=\/wp\/v2\/types\/post"}],"author":[{"embeddable":true,"href":"https:\/\/arantv.az\/index.php?rest_route=\/wp\/v2\/users\/2"}],"replies":[{"embeddable":true,"href":"https:\/\/arantv.az\/index.php?rest_route=%2Fwp%2Fv2%2Fcomments&post=789733"}],"version-history":[{"count":2,"href":"https:\/\/arantv.az\/index.php?rest_route=\/wp\/v2\/posts\/789733\/revisions"}],"predecessor-version":[{"id":789737,"href":"https:\/\/arantv.az\/index.php?rest_route=\/wp\/v2\/posts\/789733\/revisions\/789737"}],"wp:featuredmedia":[{"embeddable":true,"href":"https:\/\/arantv.az\/index.php?rest_route=\/wp\/v2\/media\/789735"}],"wp:attachment":[{"href":"https:\/\/arantv.az\/index.php?rest_route=%2Fwp%2Fv2%2Fmedia&parent=789733"}],"wp:term":[{"taxonomy":"category","embeddable":true,"href":"https:\/\/arantv.az\/index.php?rest_route=%2Fwp%2Fv2%2Fcategories&post=789733"},{"taxonomy":"post_tag","embeddable":true,"href":"https:\/\/arantv.az\/index.php?rest_route=%2Fwp%2Fv2%2Ftags&post=789733"}],"curies":[{"name":"wp","href":"https:\/\/api.w.org\/{rel}","templated":true}]}}