{"id":789738,"date":"2025-02-24T22:16:49","date_gmt":"2025-02-24T18:16:49","guid":{"rendered":"https:\/\/arantv.az\/?p=789738"},"modified":"2025-02-24T22:16:49","modified_gmt":"2025-02-24T18:16:49","slug":"az%c9%99rbaycan-prezidenti-pakistan-bizim-ucun-%c9%99n-yaxin-dost-v%c9%99-qardaslardan-biridir","status":"publish","type":"post","link":"https:\/\/arantv.az\/?p=789738","title":{"rendered":"Az\u0259rbaycan Prezidenti: Pakistan bizim \u00fc\u00e7\u00fcn \u0259n yax\u0131n dost v\u0259 qarda\u015flardan biridir"},"content":{"rendered":"<p>P<strong>akistan bizim \u00fc\u00e7\u00fcn \u0259n yax\u0131n dost v\u0259 qarda\u015flardan biridir. Xalqlar aras\u0131nda \u0259laq\u0259l\u0259r d\u0259 u\u011furla inki\u015faf edir.<\/strong><\/p>\n<p><b>ARANTV.AZ <\/b>x\u0259b\u0259r verir ki, bu fikirl\u0259ri Prezident \u0130lham \u018fliyev Pakistan\u0131n Ba\u015f naziri M\u0259h\u0259mm\u0259d \u015eahbaz \u015e\u0259rif il\u0259 m\u0259tbuata b\u0259yanat\u0131nda s\u00f6yl\u0259yib.<\/p>\n<p>\u201cAz\u0259rbaycan Pakistandan m\u00fcdafi\u0259 s\u0259nayesinin istehsal etdiyi avadanl\u0131\u011f\u0131 art\u0131q al\u0131b v\u0259 biz onun keyfiyy\u0259tind\u0259n \u00e7ox raz\u0131y\u0131q\u201d, &#8211; dey\u0259n d\u00f6vl\u0259timizin ba\u015f\u00e7\u0131s\u0131 bildirib ki, birm\u0259nal\u0131 olaraq, bu i\u015fi davam etdir\u0259c\u0259yik. Eyni zamanda, biz m\u00fcdafi\u0259 s\u0259nayesi m\u0259hsullar\u0131n\u0131n birg\u0259 istehsal\u0131 imkanlar\u0131n\u0131 m\u00fczakir\u0259 etdik v\u0259 bu, \u0259m\u0259kda\u015fl\u0131\u011f\u0131m\u0131z\u0131n dig\u0259r m\u00fch\u00fcm sektoru olacaq.<\/p>\n","protected":false},"excerpt":{"rendered":"<p>Pakistan bizim \u00fc\u00e7\u00fcn \u0259n yax\u0131n dost v\u0259 qarda\u015flardan biridir. Xalqlar aras\u0131nda \u0259laq\u0259l\u0259r d\u0259 u\u011furla inki\u015faf edir. ARANTV.AZ x\u0259b\u0259r verir ki, bu fikirl\u0259ri Prezident \u0130lham \u018fliyev Pakistan\u0131n Ba\u015f naziri M\u0259h\u0259mm\u0259d \u015eahbaz \u015e\u0259rif il\u0259 m\u0259tbuata b\u0259yanat\u0131nda s\u00f6yl\u0259yib. \u201cAz\u0259rbaycan Pakistandan m\u00fcdafi\u0259 s\u0259nayesinin istehsal etdiyi avadanl\u0131\u011f\u0131 art\u0131q al\u0131b v\u0259 biz onun keyfiyy\u0259tind\u0259n \u00e7ox raz\u0131y\u0131q\u201d, &#8211; dey\u0259n d\u00f6vl\u0259timizin ba\u015f\u00e7\u0131s\u0131 bildirib ki, birm\u0259nal\u0131 olaraq, bu i\u015fi davam etdir\u0259c\u0259yik. Eyni zamanda, biz m\u00fcdafi\u0259 s\u0259nayesi m\u0259hsullar\u0131n\u0131n birg\u0259 istehsal\u0131 imkanlar\u0131n\u0131 m\u00fczakir\u0259 etdik v\u0259 bu, \u0259m\u0259kda\u015fl\u0131\u011f\u0131m\u0131z\u0131n dig\u0259r m\u00fch\u00fcm sektoru olacaq.<\/p>\n","protected":false},"author":2,"featured_media":789739,"comment_status":"closed","ping_status":"closed","sticky":false,"template":"","format":"standard","meta":{"om_disable_all_campaigns":false,"_monsterinsights_skip_tracking":false,"_monsterinsights_sitenote_active":false,"_monsterinsights_sitenote_note":"","_monsterinsights_sitenote_category":0},"categories":[4],"tags":[],"aioseo_notices":[],"gutentor_comment":0,"rttpg_featured_image_url":{"full":["https:\/\/arantv.az\/wp-content\/uploads\/2025\/02\/6591bfe4bcc5dd61885978d9850b40b9.jpeg",850,500,false],"landscape":["https:\/\/arantv.az\/wp-content\/uploads\/2025\/02\/6591bfe4bcc5dd61885978d9850b40b9.jpeg",850,500,false],"portraits":["https:\/\/arantv.az\/wp-content\/uploads\/2025\/02\/6591bfe4bcc5dd61885978d9850b40b9.jpeg",850,500,false],"thumbnail":["https:\/\/arantv.az\/wp-content\/uploads\/2025\/02\/6591bfe4bcc5dd61885978d9850b40b9-500x280.jpeg",500,280,true],"medium":["https:\/\/arantv.az\/wp-content\/uploads\/2025\/02\/6591bfe4bcc5dd61885978d9850b40b9-621x365.jpeg",621,365,true],"large":["https:\/\/arantv.az\/wp-content\/uploads\/2025\/02\/6591bfe4bcc5dd61885978d9850b40b9-840x494.jpeg",640,376,true],"1536x1536":["https:\/\/arantv.az\/wp-content\/uploads\/2025\/02\/6591bfe4bcc5dd61885978d9850b40b9.jpeg",850,500,false],"2048x2048":["https:\/\/arantv.az\/wp-content\/uploads\/2025\/02\/6591bfe4bcc5dd61885978d9850b40b9.jpeg",850,500,false],"post-thumbnail":["https:\/\/arantv.az\/wp-content\/uploads\/2025\/02\/6591bfe4bcc5dd61885978d9850b40b9-240x172.jpeg",240,172,true],"advps-thumb-one":["https:\/\/arantv.az\/wp-content\/uploads\/2025\/02\/6591bfe4bcc5dd61885978d9850b40b9.jpeg",850,500,false]},"rttpg_author":{"display_name":"V\u00fcsal Rafiqo\u011flu","author_link":"https:\/\/arantv.az\/?author=2"},"rttpg_comment":0,"rttpg_category":"<a href=\"https:\/\/arantv.az\/?cat=4\" rel=\"category\">Siyas\u0259t<\/a>","rttpg_excerpt":"Pakistan bizim \u00fc\u00e7\u00fcn \u0259n yax\u0131n dost v\u0259 qarda\u015flardan biridir. Xalqlar aras\u0131nda \u0259laq\u0259l\u0259r d\u0259 u\u011furla inki\u015faf edir. ARANTV.AZ x\u0259b\u0259r verir ki, bu fikirl\u0259ri Prezident \u0130lham \u018fliyev Pakistan\u0131n Ba\u015f naziri M\u0259h\u0259mm\u0259d \u015eahbaz \u015e\u0259rif il\u0259 m\u0259tbuata b\u0259yanat\u0131nda s\u00f6yl\u0259yib. \u201cAz\u0259rbaycan Pakistandan m\u00fcdafi\u0259 s\u0259nayesinin istehsal etdiyi avadanl\u0131\u011f\u0131 art\u0131q al\u0131b v\u0259 biz onun keyfiyy\u0259tind\u0259n \u00e7ox raz\u0131y\u0131q\u201d, &#8211; dey\u0259n d\u00f6vl\u0259timizin ba\u015f\u00e7\u0131s\u0131 bildirib&hellip;","_links":{"self":[{"href":"https:\/\/arantv.az\/index.php?rest_route=\/wp\/v2\/posts\/789738"}],"collection":[{"href":"https:\/\/arantv.az\/index.php?rest_route=\/wp\/v2\/posts"}],"about":[{"href":"https:\/\/arantv.az\/index.php?rest_route=\/wp\/v2\/types\/post"}],"author":[{"embeddable":true,"href":"https:\/\/arantv.az\/index.php?rest_route=\/wp\/v2\/users\/2"}],"replies":[{"embeddable":true,"href":"https:\/\/arantv.az\/index.php?rest_route=%2Fwp%2Fv2%2Fcomments&post=789738"}],"version-history":[{"count":1,"href":"https:\/\/arantv.az\/index.php?rest_route=\/wp\/v2\/posts\/789738\/revisions"}],"predecessor-version":[{"id":789740,"href":"https:\/\/arantv.az\/index.php?rest_route=\/wp\/v2\/posts\/789738\/revisions\/789740"}],"wp:featuredmedia":[{"embeddable":true,"href":"https:\/\/arantv.az\/index.php?rest_route=\/wp\/v2\/media\/789739"}],"wp:attachment":[{"href":"https:\/\/arantv.az\/index.php?rest_route=%2Fwp%2Fv2%2Fmedia&parent=789738"}],"wp:term":[{"taxonomy":"category","embeddable":true,"href":"https:\/\/arantv.az\/index.php?rest_route=%2Fwp%2Fv2%2Fcategories&post=789738"},{"taxonomy":"post_tag","embeddable":true,"href":"https:\/\/arantv.az\/index.php?rest_route=%2Fwp%2Fv2%2Ftags&post=789738"}],"curies":[{"name":"wp","href":"https:\/\/api.w.org\/{rel}","templated":true}]}}