{"id":789741,"date":"2025-02-24T22:19:14","date_gmt":"2025-02-24T18:19:14","guid":{"rendered":"https:\/\/arantv.az\/?p=789741"},"modified":"2025-02-24T22:19:14","modified_gmt":"2025-02-24T18:19:14","slug":"xocali-faci%c9%99si-bizim-qan-yaddasimizdir","status":"publish","type":"post","link":"https:\/\/arantv.az\/?p=789741","title":{"rendered":"Xocal\u0131 faci\u0259si bizim qan yadda\u015f\u0131m\u0131zd\u0131r"},"content":{"rendered":"<div class=\"content lead font-weight-normal\">\n<p>Xocal\u0131 faci\u0259si, Az\u0259rbaycan\u0131n tarixind\u0259 \u0259n d\u0259h\u015f\u0259tli v\u0259 faci\u0259vi hadis\u0259l\u0259rd\u0259n biri olaraq qal\u0131r. Bu, 1992-ci ilin fevral ay\u0131nda, Erm\u0259nistan\u0131n silahl\u0131 q\u00fcvv\u0259l\u0259ri v\u0259 onlara d\u0259st\u0259k ver\u0259n erm\u0259ni terror\u00e7u d\u0259st\u0259l\u0259ri t\u0259r\u0259find\u0259n h\u0259yata ke\u00e7irilmi\u015f bir soyq\u0131r\u0131m akt\u0131d\u0131r. Bu faci\u0259, Az\u0259rbaycan xalq\u0131n\u0131n tarixind\u0259 silinm\u0259z izl\u0259r buraxm\u0131\u015f, h\u0259m d\u0259 beyn\u0259lxalq h\u00fcquq v\u0259 insan haqlar\u0131 bax\u0131m\u0131ndan ciddi bir m\u0259s\u0259l\u0259ni g\u00fcnd\u0259m\u0259 g\u0259tirmi\u015fdir. Xocal\u0131 faci\u0259si, t\u0259kc\u0259 Az\u0259rbaycan xalq\u0131 \u00fc\u00e7\u00fcn deyil, b\u00fct\u00fcn d\u00fcnya \u00fc\u00e7\u00fcn insanl\u0131q \u0259leyhin\u0259 bir cinay\u0259t kimi qiym\u0259tl\u0259ndirilm\u0259lidir. Xocal\u0131, Qaraba\u011f b\u00f6lg\u0259sinin \u0259n iri ya\u015fay\u0131\u015f m\u0259nt\u0259q\u0259l\u0259rind\u0259n biri olub, 1992-ci il\u0259 q\u0259d\u0259r d\u00f6vr\u00fcn \u0259n inki\u015faf etmi\u015f \u015f\u0259h\u0259rl\u0259rind\u0259n say\u0131l\u0131rd\u0131.<\/p>\n<p>Bu \u015f\u0259h\u0259r h\u0259m\u00e7inin strateji bax\u0131mdan vacib bir m\u00f6vqed\u0259 yerl\u0259\u015firdi. \u015e\u0259h\u0259rin az\u0259rbaycanl\u0131 sakinl\u0259ri erm\u0259ni i\u015f\u011fal\u00e7\u0131lar\u0131na qar\u015f\u0131 m\u00fcdafi\u0259 m\u00f6vqeyind\u0259 olsalar da, he\u00e7 vaxt silah g\u00fcc\u00fc il\u0259 m\u00fcqavim\u0259t g\u00f6st\u0259rm\u0259yi niyy\u0259tind\u0259 deyildil\u0259r. 1991-ci ild\u0259 erm\u0259ni i\u015f\u011fal\u00e7\u0131lar\u0131 Xocal\u0131ya yax\u0131n \u0259razil\u0259rd\u0259 yerl\u0259\u015f\u0259n Az\u0259rbaycan k\u0259ndl\u0259rini i\u015f\u011fal etmi\u015f, lakin Xocal\u0131 \u015f\u0259h\u0259rini tutmaq h\u0259l\u0259 m\u00fcmk\u00fcn olmam\u0131\u015fd\u0131. 1992-ci ilin fevral\u0131nda, Xocal\u0131n\u0131n i\u015f\u011fal\u0131 il\u0259 ba\u011fl\u0131 erm\u0259ni q\u00fcvv\u0259l\u0259rinin h\u00fccumu ba\u015flay\u0131b. 25 fevral gec\u0259si \u015f\u0259h\u0259rin \u0259halisi, \u0259sas\u0259n qad\u0131nlar, u\u015faqlar v\u0259 ya\u015fl\u0131lar olmaqla, amans\u0131z h\u00fccuma m\u0259ruz qalm\u0131\u015fd\u0131r. Bu h\u00fccumda Az\u0259rbaycan Silahl\u0131 Q\u00fcvv\u0259l\u0259rinin v\u0259 Xocal\u0131 \u015f\u0259h\u0259r sakinl\u0259rinin m\u00fcdafi\u0259 c\u0259hdl\u0259ri n\u0259tic\u0259siz qal\u0131r. Erm\u0259ni silahl\u0131 q\u00fcvv\u0259l\u0259ri v\u0259 onlar\u0131n d\u0259st\u0259k\u00e7il\u0259ri, \u00f6z qurbanlar\u0131na qar\u015f\u0131 m\u00fcharib\u0259 cinay\u0259tl\u0259rini h\u0259yata ke\u00e7iribl\u0259r. Xocal\u0131 faci\u0259si zaman\u0131 613 az\u0259rbaycanl\u0131 \u015f\u0259hid oldu, 487 n\u0259f\u0259r is\u0259 a\u011f\u0131r yaraland\u0131. Bu \u015f\u0259hidl\u0259r aras\u0131nda 106 qad\u0131n, 63 u\u015faq v\u0259 70 ya\u015fl\u0131 insan var idi. H\u0259m\u00e7inin 1275 n\u0259f\u0259r \u0259sir g\u00f6t\u00fcr\u00fcl\u00fcb, onlar\u0131n aras\u0131nda u\u015faqlar, qad\u0131nlar v\u0259 ya\u015fl\u0131lar da yer al\u0131rd\u0131.<\/p>\n<p>Bu insanlar\u0131n \u0259ks\u0259riyy\u0259ti sonra Erm\u0259nistanda \u0259sirlikd\u0259 i\u015fg\u0259nc\u0259l\u0259r\u0259 m\u0259ruz qalm\u0131\u015fd\u0131r. Erm\u0259nil\u0259r t\u0259r\u0259find\u0259n h\u0259yata ke\u00e7iril\u0259n bu k\u00fctl\u0259vi q\u0259tll\u0259r, Az\u0259rbaycan xalq\u0131 \u00fc\u00e7\u00fcn b\u00f6y\u00fck bir travma v\u0259 yara yaratm\u0131\u015fd\u0131r. Xocal\u0131 faci\u0259si h\u0259m d\u0259 bir soyq\u0131r\u0131m akt\u0131 kimi qiym\u0259tl\u0259ndirilir, \u00e7\u00fcnki erm\u0259nil\u0259r birba\u015fa m\u0259qs\u0259dli \u015f\u0259kild\u0259 Az\u0259rbaycan xalq\u0131n\u0131 fiziki olaraq m\u0259hv etm\u0259y\u0259 \u00e7al\u0131\u015fm\u0131\u015flar. Xocal\u0131 faci\u0259si, d\u00fcnya ictimaiyy\u0259ti t\u0259r\u0259find\u0259n ciddi \u015f\u0259kild\u0259 pisl\u0259nilm\u0259li idi, amma t\u0259\u0259ss\u00fcf ki, beyn\u0259lxalq c\u0259miyy\u0259tin bir \u00e7ox t\u0259msil\u00e7il\u0259ri bu soyq\u0131r\u0131m\u0131 g\u00f6zard\u0131 etdil\u0259r. Beyn\u0259lxalq h\u00fcquq v\u0259 insan haqlar\u0131 t\u0259\u015fkilatlar\u0131, bu faci\u0259 qar\u015f\u0131s\u0131nda s\u00fckut etdi. Ancaq bu hadis\u0259, Az\u0259rbaycan\u0131n h\u00fcquqi m\u00fcbariz\u0259sini d\u0259 g\u00fccl\u0259ndirdi. Xocal\u0131 faci\u0259si, h\u0259m\u00e7inin Erm\u0259nistan\u0131n i\u015f\u011fal\u00e7\u0131 siyas\u0259tini v\u0259 t\u00f6r\u0259tdiyi cinay\u0259tl\u0259ri if\u015fa etm\u0259k \u00fc\u00e7\u00fcn Az\u0259rbaycan\u0131n beyn\u0259lxalq h\u00fcquqi platformalarda m\u00fcbariz\u0259sini davam etdirm\u0259sin\u0259 s\u0259b\u0259b oldu. Bu faci\u0259, yaln\u0131z bir tarix hadis\u0259si deyil, h\u0259m d\u0259 Az\u0259rbaycan xalq\u0131n\u0131n qan yadda\u015f\u0131d\u0131r. H\u0259r il fevral\u0131n 26-da, Xocal\u0131 \u015f\u0259hidl\u0259rinin xatir\u0259si an\u0131l\u0131r, onlar\u0131n m\u00fcbariz\u0259si v\u0259 h\u0259yat\u0131 yad edilir. Xocal\u0131 faci\u0259si, insanl\u0131q tarixin\u0259 aid bir d\u0259h\u015f\u0259t v\u0259 eyni zamanda insan\u0131n m\u00fcqavim\u0259t, q\u0259hr\u0259manl\u0131q v\u0259 \u0259zmkarl\u0131q ruhunu \u0259ks etdir\u0259n bir hadis\u0259 olaraq qalacaq. Bizim \u00fc\u00e7\u00fcn bu faci\u0259 yaln\u0131z bir k\u0259d\u0259r deyil, h\u0259m d\u0259 azadl\u0131q v\u0259 \u0259dal\u0259t m\u00fcbariz\u0259sinin simvoludur.<\/p>\n<p>H\u0259r bir az\u0259rbaycanl\u0131n\u0131n \u00fcr\u0259yind\u0259 Xocal\u0131 \u015f\u0259hidi, Xocal\u0131 u\u015fa\u011f\u0131 v\u0259 Xocal\u0131 qad\u0131n\u0131 olaraq q\u0259lbind\u0259 ya\u015far. Bu faci\u0259nin unutulmas\u0131 m\u00fcmk\u00fcns\u00fczd\u00fcr, \u00e7\u00fcnki o, Az\u0259rbaycan\u0131n g\u0259l\u0259c\u0259yin\u0259 do\u011fru ged\u0259n yolda b\u0259\u015f\u0259riyy\u0259t\u0259 qar\u015f\u0131 i\u015f\u011fal\u00e7\u0131lar\u0131n t\u00f6r\u0259tdiyi cinay\u0259tl\u0259r\u0259 qar\u015f\u0131 q\u0259tiyy\u0259tli m\u00fcbariz\u0259nin i\u015f\u0131\u011f\u0131 olacaqd\u0131r. Xocal\u0131 faci\u0259si Az\u0259rbaycan\u0131n qan yadda\u015f\u0131d\u0131r v\u0259 bu faci\u0259nin unutulmas\u0131na he\u00e7 vaxt imkan verm\u0259k olmaz. Az\u0259rbaycan xalq\u0131 \u00f6z faci\u0259sinin \u0259dal\u0259tli m\u00fchakim\u0259si v\u0259 soyq\u0131r\u0131m aktlar\u0131n\u0131n beyn\u0259lxalq h\u00fcquq t\u0259r\u0259find\u0259n tan\u0131nmas\u0131 \u00fc\u00e7\u00fcn m\u00fcbariz\u0259sini davam etdirm\u0259li, Xocal\u0131 \u015f\u0259hidl\u0259rinin \u0259ziz xatir\u0259sini daim ya\u015fatmal\u0131d\u0131r.<\/p>\n<p><strong>Nicat Quliyev,<\/strong><br \/>\n<em>Yeni Az\u0259rbaycan Partiyas\u0131 La\u00e7\u0131n rayon t\u0259\u015fkilat\u0131n\u0131n m\u0259sl\u0259h\u0259t\u00e7isi<\/em><\/p>\n<div class=\"clearfix\"><\/div>\n<\/div>\n<div class=\"fotorama--hidden\"><\/div>\n<div id=\"galleryList\" class=\"fotorama fotorama1740421095690\" data-nav=\"thumbs\" data-width=\"100%\" data-thumbwidth=\"90\" data-thumbheight=\"60\" data-allowfullscreen=\"true\" data-autoplay=\"3000\" data-ratio=\"1.5\" data-keyboard=\"true\" data-fit=\"contain\">\n<div class=\"fotorama__wrap fotorama__wrap--css3 fotorama__wrap--slide fotorama__wrap--toggle-arrows fotorama__wrap--no-controls\">\n<div class=\"fotorama__stage\">\n<div class=\"fotorama__fullscreen-icon\" tabindex=\"0\" role=\"button\"><\/div>\n<div class=\"fotorama__stage__shaft\">\n<div class=\"fotorama__stage__frame fotorama__loaded fotorama__loaded--img fotorama__active\"><img class=\"fotorama__img\" src=\"https:\/\/ikisahil.az\/photo\/0x0_2\/upload\/gallery\/2025\/02\/24\/-adf8d7f8174039804642632145310833169.jpg\" \/><\/div>\n<\/div>\n<div class=\"fotorama__video-close\"><\/div>\n<\/div>\n<\/div>\n<\/div>\n<div class=\"sharing my-2 row no-gutters d-print-none\"><\/div>\n<div class=\"d-none d-sm-block\"><\/div>\n","protected":false},"excerpt":{"rendered":"<p>Xocal\u0131 faci\u0259si, Az\u0259rbaycan\u0131n tarixind\u0259 \u0259n d\u0259h\u015f\u0259tli v\u0259 faci\u0259vi hadis\u0259l\u0259rd\u0259n biri olaraq qal\u0131r. Bu, 1992-ci ilin fevral ay\u0131nda, Erm\u0259nistan\u0131n silahl\u0131 q\u00fcvv\u0259l\u0259ri v\u0259 onlara d\u0259st\u0259k ver\u0259n erm\u0259ni terror\u00e7u d\u0259st\u0259l\u0259ri t\u0259r\u0259find\u0259n h\u0259yata ke\u00e7irilmi\u015f bir soyq\u0131r\u0131m akt\u0131d\u0131r. Bu faci\u0259, Az\u0259rbaycan xalq\u0131n\u0131n tarixind\u0259 silinm\u0259z izl\u0259r buraxm\u0131\u015f, h\u0259m d\u0259 beyn\u0259lxalq h\u00fcquq v\u0259 insan haqlar\u0131 bax\u0131m\u0131ndan ciddi bir m\u0259s\u0259l\u0259ni g\u00fcnd\u0259m\u0259 g\u0259tirmi\u015fdir. Xocal\u0131 faci\u0259si, t\u0259kc\u0259 Az\u0259rbaycan xalq\u0131 \u00fc\u00e7\u00fcn deyil, b\u00fct\u00fcn d\u00fcnya \u00fc\u00e7\u00fcn insanl\u0131q \u0259leyhin\u0259 bir cinay\u0259t kimi qiym\u0259tl\u0259ndirilm\u0259lidir. Xocal\u0131, Qaraba\u011f b\u00f6lg\u0259sinin \u0259n iri ya\u015fay\u0131\u015f m\u0259nt\u0259q\u0259l\u0259rind\u0259n biri olub, 1992-ci il\u0259 q\u0259d\u0259r d\u00f6vr\u00fcn \u0259n inki\u015faf etmi\u015f \u015f\u0259h\u0259rl\u0259rind\u0259n say\u0131l\u0131rd\u0131. Bu \u015f\u0259h\u0259r&hellip;<\/p>\n","protected":false},"author":2,"featured_media":789742,"comment_status":"closed","ping_status":"closed","sticky":false,"template":"","format":"standard","meta":{"om_disable_all_campaigns":false,"_monsterinsights_skip_tracking":false,"_monsterinsights_sitenote_active":false,"_monsterinsights_sitenote_note":"","_monsterinsights_sitenote_category":0},"categories":[19],"tags":[],"aioseo_notices":[],"gutentor_comment":0,"rttpg_featured_image_url":{"full":["https:\/\/arantv.az\/wp-content\/uploads\/2025\/02\/112e9d67167717151057002189210923833.jpg",975,540,false],"landscape":["https:\/\/arantv.az\/wp-content\/uploads\/2025\/02\/112e9d67167717151057002189210923833.jpg",975,540,false],"portraits":["https:\/\/arantv.az\/wp-content\/uploads\/2025\/02\/112e9d67167717151057002189210923833.jpg",975,540,false],"thumbnail":["https:\/\/arantv.az\/wp-content\/uploads\/2025\/02\/112e9d67167717151057002189210923833-500x280.jpg",500,280,true],"medium":["https:\/\/arantv.az\/wp-content\/uploads\/2025\/02\/112e9d67167717151057002189210923833-660x365.jpg",660,365,true],"large":["https:\/\/arantv.az\/wp-content\/uploads\/2025\/02\/112e9d67167717151057002189210923833-840x465.jpg",640,354,true],"1536x1536":["https:\/\/arantv.az\/wp-content\/uploads\/2025\/02\/112e9d67167717151057002189210923833.jpg",975,540,false],"2048x2048":["https:\/\/arantv.az\/wp-content\/uploads\/2025\/02\/112e9d67167717151057002189210923833.jpg",975,540,false],"post-thumbnail":["https:\/\/arantv.az\/wp-content\/uploads\/2025\/02\/112e9d67167717151057002189210923833-240x172.jpg",240,172,true],"advps-thumb-one":["https:\/\/arantv.az\/wp-content\/uploads\/2025\/02\/112e9d67167717151057002189210923833.jpg",975,540,false]},"rttpg_author":{"display_name":"V\u00fcsal Rafiqo\u011flu","author_link":"https:\/\/arantv.az\/?author=2"},"rttpg_comment":0,"rttpg_category":"<a href=\"https:\/\/arantv.az\/?cat=19\" rel=\"category\">G\u00fcnd\u0259m<\/a>","rttpg_excerpt":"Xocal\u0131 faci\u0259si, Az\u0259rbaycan\u0131n tarixind\u0259 \u0259n d\u0259h\u015f\u0259tli v\u0259 faci\u0259vi hadis\u0259l\u0259rd\u0259n biri olaraq qal\u0131r. Bu, 1992-ci ilin fevral ay\u0131nda, Erm\u0259nistan\u0131n silahl\u0131 q\u00fcvv\u0259l\u0259ri v\u0259 onlara d\u0259st\u0259k ver\u0259n erm\u0259ni terror\u00e7u d\u0259st\u0259l\u0259ri t\u0259r\u0259find\u0259n h\u0259yata ke\u00e7irilmi\u015f bir soyq\u0131r\u0131m akt\u0131d\u0131r. Bu faci\u0259, Az\u0259rbaycan xalq\u0131n\u0131n tarixind\u0259 silinm\u0259z izl\u0259r buraxm\u0131\u015f, h\u0259m d\u0259 beyn\u0259lxalq h\u00fcquq v\u0259 insan haqlar\u0131 bax\u0131m\u0131ndan ciddi bir m\u0259s\u0259l\u0259ni g\u00fcnd\u0259m\u0259 g\u0259tirmi\u015fdir. Xocal\u0131&hellip;","_links":{"self":[{"href":"https:\/\/arantv.az\/index.php?rest_route=\/wp\/v2\/posts\/789741"}],"collection":[{"href":"https:\/\/arantv.az\/index.php?rest_route=\/wp\/v2\/posts"}],"about":[{"href":"https:\/\/arantv.az\/index.php?rest_route=\/wp\/v2\/types\/post"}],"author":[{"embeddable":true,"href":"https:\/\/arantv.az\/index.php?rest_route=\/wp\/v2\/users\/2"}],"replies":[{"embeddable":true,"href":"https:\/\/arantv.az\/index.php?rest_route=%2Fwp%2Fv2%2Fcomments&post=789741"}],"version-history":[{"count":1,"href":"https:\/\/arantv.az\/index.php?rest_route=\/wp\/v2\/posts\/789741\/revisions"}],"predecessor-version":[{"id":789743,"href":"https:\/\/arantv.az\/index.php?rest_route=\/wp\/v2\/posts\/789741\/revisions\/789743"}],"wp:featuredmedia":[{"embeddable":true,"href":"https:\/\/arantv.az\/index.php?rest_route=\/wp\/v2\/media\/789742"}],"wp:attachment":[{"href":"https:\/\/arantv.az\/index.php?rest_route=%2Fwp%2Fv2%2Fmedia&parent=789741"}],"wp:term":[{"taxonomy":"category","embeddable":true,"href":"https:\/\/arantv.az\/index.php?rest_route=%2Fwp%2Fv2%2Fcategories&post=789741"},{"taxonomy":"post_tag","embeddable":true,"href":"https:\/\/arantv.az\/index.php?rest_route=%2Fwp%2Fv2%2Ftags&post=789741"}],"curies":[{"name":"wp","href":"https:\/\/api.w.org\/{rel}","templated":true}]}}