{"id":789744,"date":"2025-02-24T22:21:50","date_gmt":"2025-02-24T18:21:50","guid":{"rendered":"https:\/\/arantv.az\/?p=789744"},"modified":"2025-02-24T22:21:50","modified_gmt":"2025-02-24T18:21:50","slug":"unec-d%c9%99-xocali-soyqirimina-heyd%c9%99r-%c9%99liyev-t%c9%99r%c9%99find%c9%99n-siyasi-huquqi-qiym%c9%99tin-verilm%c9%99si-movzusunda-t%c9%99dbir-kecirilibfoto","status":"publish","type":"post","link":"https:\/\/arantv.az\/?p=789744","title":{"rendered":"UNEC-d\u0259 \u201cXocal\u0131 soyq\u0131r\u0131m\u0131na Heyd\u0259r \u018fliyev t\u0259r\u0259find\u0259n siyasi h\u00fcquqi qiym\u0259tin verilm\u0259si\u201d m\u00f6vzusunda t\u0259dbir ke\u00e7irilibFOTO"},"content":{"rendered":"<div class=\"text-content\" data-id=\"\" data-url=\"\">\n<p><strong>YAP S\u0259bail rayon t\u0259\u015fkilat\u0131n\u0131n \u0130stiqlaliyy\u0259t 6 \u00fcnvan\u0131nda yerl\u0259\u015f\u0259n \u0259razi partiya t\u0259\u015fkilat\u0131 v\u0259 UNEC-in Heyd\u0259r \u018fliyev \u0130qtisadi \u0130rsinin \u00d6yr\u0259nilm\u0259si M\u0259rk\u0259zinin birg\u0259 t\u0259\u015fkilat\u00e7\u0131l\u0131\u011f\u0131 il\u0259 \u201cXocal\u0131 soyq\u0131r\u0131m\u0131na Heyd\u0259r \u018fliyev t\u0259r\u0259find\u0259n siyasi h\u00fcquqi qiym\u0259tin verilm\u0259si\u201d m\u00f6vzusuna h\u0259sr olunan t\u0259dbir ke\u00e7irilib.<\/strong><\/p>\n<p>T\u0259dbird\u0259 Ulu \u00d6nd\u0259r Heyd\u0259r \u018fliyevin v\u0259 soyq\u0131r\u0131m qurbanlar\u0131n\u0131n \u0259ziz xatir\u0259si bir d\u0259qiq\u0259lik s\u00fckutla yad edilib.<\/p>\n<p>\u201c\u0130stiqlaliyy\u0259t 6\u201d \u00fcnvan\u0131 \u00fczr\u0259 \u0259razi partiya t\u0259\u015fkilat\u0131n\u0131n s\u0259dri, inzibati v\u0259 t\u0259\u015fkilati m\u0259s\u0259l\u0259l\u0259r \u00fczr\u0259 prorektor dosent \u015eaiq \u018fsg\u0259rov t\u0259dbirin a\u00e7\u0131l\u0131\u015f\u0131nda \u00e7\u0131x\u0131\u015f ed\u0259r\u0259k, Xocal\u0131 soyq\u0131r\u0131m\u0131n\u0131n yaln\u0131z Az\u0259rbaycan xalq\u0131 \u00fc\u00e7\u00fcn deyil, b\u00fct\u00fcn b\u0259\u015f\u0259riyy\u0259t \u00fc\u00e7\u00fcn d\u0259rin izl\u0259r buraxm\u0131\u015f bir faci\u0259 oldu\u011funu vur\u011fulay\u0131b. O, insanl\u0131\u011fa qar\u015f\u0131 t\u00f6r\u0259dilmi\u015f \u0259n a\u011f\u0131r cinay\u0259tl\u0259rd\u0259n biri olan Xocal\u0131 soyq\u0131r\u0131m\u0131na h\u00fcquqi siyasi qiym\u0259tin m\u0259hz Ulu \u00d6nd\u0259r Heyd\u0259r \u018fliyev hakimiyy\u0259t\u0259 g\u0259ldikd\u0259n sonra verildiyini diqq\u0259t\u0259 \u00e7atd\u0131r\u0131b. \u00dcmummilli liderin apard\u0131\u011f\u0131 diplomatik f\u0259aliyy\u0259t say\u0259sind\u0259 Xocal\u0131 soyq\u0131r\u0131m\u0131n\u0131n bir \u00e7ox d\u00f6vl\u0259tl\u0259r t\u0259r\u0259find\u0259n tan\u0131nd\u0131\u011f\u0131n\u0131 bildir\u0259n \u015e.\u018fsg\u0259rov, bu siyas\u0259tin Az\u0259rbaycan\u0131n haqq m\u00fcbariz\u0259sinin d\u00fcnyaya \u00e7atd\u0131r\u0131lmas\u0131nda m\u00fch\u00fcm bir add\u0131m oldu\u011funu deyib. O, Xocal\u0131 faci\u0259sinin qurbanlar\u0131n\u0131n qan\u0131n\u0131n yerd\u0259 qalmad\u0131\u011f\u0131n\u0131, Ali Ba\u015f Komandan \u0130lham \u018fliyevin siyasi irad\u0259si v\u0259 m\u00fcz\u0259ff\u0259r ordumuzun q\u0259hr\u0259manl\u0131\u011f\u0131 say\u0259sind\u0259 Xocal\u0131n\u0131n i\u015f\u011faldan azad edildiyini bildirib.<\/p>\n<p>Sonra Milli M\u0259clisin deputatlar\u0131 Ayd\u0131n Mirz\u0259zad\u0259 v\u0259 Ayd\u0131n H\u00fcseynov \u00e7\u0131x\u0131\u015f ed\u0259r\u0259k, qanl\u0131 faci\u0259nin ba\u015f verm\u0259 tarixind\u0259n, a\u011f\u0131r n\u0259tic\u0259l\u0259rind\u0259n dan\u0131\u015f\u0131blar. 1992-ci ild\u0259 t\u00f6r\u0259dlimi\u015f qanl\u0131 cinay\u0259t\u0259 yaln\u0131z 1994-c\u00fc ild\u0259 \u00dcmummilli lider Heyd\u0259r \u018fliyev t\u0259r\u0259find\u0259n siyasi-h\u00fcquqi qiym\u0259t verildiyini v\u0259 26 fevral\u0131n &#8220;Xocal\u0131 soyq\u0131r\u0131m\u0131 v\u0259 milli mat\u0259m g\u00fcn\u00fc&#8221; elan olundu\u011funu diqq\u0259t\u0259 \u00e7atd\u0131r\u0131blar. Mill\u0259t v\u0259kill\u0259ri bu soyq\u0131r\u0131m\u0131n beyn\u0259lxalq s\u0259viyy\u0259d\u0259 tan\u0131d\u0131lmas\u0131n\u0131n Prezident \u0130lham \u018fliyevin u\u011furlu xarici siyas\u0259t kursunda h\u0259r zaman m\u00fch\u00fcm yer tutdu\u011funu deyibl\u0259r.<\/p>\n<p>T\u0259dbird\u0259 Xocal\u0131 fac\u0259sinin t\u00f6r\u0259dilm\u0259si, bu cinay\u0259t\u0259 siyasi-h\u00fcquqi qiym\u0259t verilm\u0259si il\u0259 ba\u011fl\u0131 \u00dcmummilli Lider Heyd\u0259r \u018fliyevin \u00e7\u0131x\u0131\u015flar\u0131n\u0131n yer ald\u0131\u011f\u0131 video\u00e7arx n\u00fcmayi\u015f olunub. T\u0259dbir Yarad\u0131c\u0131l\u0131q M\u0259r\u0259zinin \u00fczvl\u0259ri, Maliyy\u0259 v\u0259 m\u00fchasibat fak\u00fclt\u0259sinin t\u0259l\u0259b\u0259l\u0259ri R\u0259van \u018fliyevin v\u0259 R\u0259fiq\u0259 Caniyevan\u0131n Xocal\u0131ya h\u0259sr olunan \u015feirl\u0259r s\u0259sl\u0259ndirm\u0259l\u0259ri il\u0259 yekunla\u015f\u0131b.<\/p>\n<\/div>\n<div>\n<div class=\"form-group\"><img class=\"img-responsive\" src=\"https:\/\/cdn.musavat.com\/news\/images\/Gugu\/gugu2\/ggg\/12945_1fb5b8ab781bedabead49cf3b9d741f0.jpg\" \/><\/div>\n<div class=\"form-group\"><img class=\"img-responsive\" src=\"https:\/\/cdn.musavat.com\/news\/images\/Gugu\/gugu2\/ggg\/12945_2ba875333bd8c56104037115d6433790.jpg\" \/><\/div>\n<div class=\"form-group\"><img class=\"img-responsive\" src=\"https:\/\/cdn.musavat.com\/news\/images\/Gugu\/gugu2\/ggg\/12945_5f3bb8fbf908624a1d31627338378fb2.jpg\" \/><\/div>\n<div class=\"form-group\"><img class=\"img-responsive\" src=\"https:\/\/cdn.musavat.com\/news\/images\/Gugu\/gugu2\/ggg\/12945_16fa1b86c5707dfad33b9832e3650197.jpg\" \/><\/div>\n<div class=\"form-group\"><img class=\"img-responsive\" src=\"https:\/\/cdn.musavat.com\/news\/images\/Gugu\/gugu2\/ggg\/12945_52ab271727ad2627359dc40e4e8754bb.jpg\" \/><\/div>\n<div class=\"form-group\"><img class=\"img-responsive\" src=\"https:\/\/cdn.musavat.com\/news\/images\/Gugu\/gugu2\/ggg\/12945_717a285eff30b0cbef1b08afca609a5e.jpg\" \/><\/div>\n<div class=\"form-group\"><img class=\"img-responsive\" src=\"https:\/\/cdn.musavat.com\/news\/images\/Gugu\/gugu2\/ggg\/12945_ab58771c022b87abed330303dfd7cc71.jpg\" \/><\/div>\n<div class=\"form-group\"><img class=\"img-responsive\" src=\"https:\/\/cdn.musavat.com\/news\/images\/Gugu\/gugu2\/ggg\/12945_b007c63af1400ea72637659df4168a7d.jpg\" \/><\/div>\n<div class=\"form-group\"><img class=\"img-responsive\" src=\"https:\/\/cdn.musavat.com\/news\/images\/Gugu\/gugu2\/ggg\/12945_e01cfce6b9e68874d0925f68c796a841.jpg\" \/><\/div>\n<\/div>\n","protected":false},"excerpt":{"rendered":"<p>YAP S\u0259bail rayon t\u0259\u015fkilat\u0131n\u0131n \u0130stiqlaliyy\u0259t 6 \u00fcnvan\u0131nda yerl\u0259\u015f\u0259n \u0259razi partiya t\u0259\u015fkilat\u0131 v\u0259 UNEC-in Heyd\u0259r \u018fliyev \u0130qtisadi \u0130rsinin \u00d6yr\u0259nilm\u0259si M\u0259rk\u0259zinin birg\u0259 t\u0259\u015fkilat\u00e7\u0131l\u0131\u011f\u0131 il\u0259 \u201cXocal\u0131 soyq\u0131r\u0131m\u0131na Heyd\u0259r \u018fliyev t\u0259r\u0259find\u0259n siyasi h\u00fcquqi qiym\u0259tin verilm\u0259si\u201d m\u00f6vzusuna h\u0259sr olunan t\u0259dbir ke\u00e7irilib. T\u0259dbird\u0259 Ulu \u00d6nd\u0259r Heyd\u0259r \u018fliyevin v\u0259 soyq\u0131r\u0131m qurbanlar\u0131n\u0131n \u0259ziz xatir\u0259si bir d\u0259qiq\u0259lik s\u00fckutla yad edilib. \u201c\u0130stiqlaliyy\u0259t 6\u201d \u00fcnvan\u0131 \u00fczr\u0259 \u0259razi partiya t\u0259\u015fkilat\u0131n\u0131n s\u0259dri, inzibati v\u0259 t\u0259\u015fkilati m\u0259s\u0259l\u0259l\u0259r \u00fczr\u0259 prorektor dosent \u015eaiq \u018fsg\u0259rov t\u0259dbirin a\u00e7\u0131l\u0131\u015f\u0131nda \u00e7\u0131x\u0131\u015f ed\u0259r\u0259k, Xocal\u0131 soyq\u0131r\u0131m\u0131n\u0131n yaln\u0131z Az\u0259rbaycan xalq\u0131 \u00fc\u00e7\u00fcn deyil, b\u00fct\u00fcn b\u0259\u015f\u0259riyy\u0259t \u00fc\u00e7\u00fcn d\u0259rin izl\u0259r buraxm\u0131\u015f bir faci\u0259 oldu\u011funu vur\u011fulay\u0131b. O,&hellip;<\/p>\n","protected":false},"author":2,"featured_media":789745,"comment_status":"closed","ping_status":"closed","sticky":false,"template":"","format":"standard","meta":{"om_disable_all_campaigns":false,"_monsterinsights_skip_tracking":false,"_monsterinsights_sitenote_active":false,"_monsterinsights_sitenote_note":"","_monsterinsights_sitenote_category":0},"categories":[19],"tags":[],"aioseo_notices":[],"gutentor_comment":0,"rttpg_featured_image_url":{"full":["https:\/\/arantv.az\/wp-content\/uploads\/2025\/02\/9d8e7c35d5df3ca1eaafaf9a6b7a211f.jpg",800,500,false],"landscape":["https:\/\/arantv.az\/wp-content\/uploads\/2025\/02\/9d8e7c35d5df3ca1eaafaf9a6b7a211f.jpg",800,500,false],"portraits":["https:\/\/arantv.az\/wp-content\/uploads\/2025\/02\/9d8e7c35d5df3ca1eaafaf9a6b7a211f.jpg",800,500,false],"thumbnail":["https:\/\/arantv.az\/wp-content\/uploads\/2025\/02\/9d8e7c35d5df3ca1eaafaf9a6b7a211f-500x280.jpg",500,280,true],"medium":["https:\/\/arantv.az\/wp-content\/uploads\/2025\/02\/9d8e7c35d5df3ca1eaafaf9a6b7a211f-584x365.jpg",584,365,true],"large":["https:\/\/arantv.az\/wp-content\/uploads\/2025\/02\/9d8e7c35d5df3ca1eaafaf9a6b7a211f.jpg",640,400,false],"1536x1536":["https:\/\/arantv.az\/wp-content\/uploads\/2025\/02\/9d8e7c35d5df3ca1eaafaf9a6b7a211f.jpg",800,500,false],"2048x2048":["https:\/\/arantv.az\/wp-content\/uploads\/2025\/02\/9d8e7c35d5df3ca1eaafaf9a6b7a211f.jpg",800,500,false],"post-thumbnail":["https:\/\/arantv.az\/wp-content\/uploads\/2025\/02\/9d8e7c35d5df3ca1eaafaf9a6b7a211f-240x172.jpg",240,172,true],"advps-thumb-one":["https:\/\/arantv.az\/wp-content\/uploads\/2025\/02\/9d8e7c35d5df3ca1eaafaf9a6b7a211f.jpg",800,500,false]},"rttpg_author":{"display_name":"V\u00fcsal Rafiqo\u011flu","author_link":"https:\/\/arantv.az\/?author=2"},"rttpg_comment":0,"rttpg_category":"<a href=\"https:\/\/arantv.az\/?cat=19\" rel=\"category\">G\u00fcnd\u0259m<\/a>","rttpg_excerpt":"YAP S\u0259bail rayon t\u0259\u015fkilat\u0131n\u0131n \u0130stiqlaliyy\u0259t 6 \u00fcnvan\u0131nda yerl\u0259\u015f\u0259n \u0259razi partiya t\u0259\u015fkilat\u0131 v\u0259 UNEC-in Heyd\u0259r \u018fliyev \u0130qtisadi \u0130rsinin \u00d6yr\u0259nilm\u0259si M\u0259rk\u0259zinin birg\u0259 t\u0259\u015fkilat\u00e7\u0131l\u0131\u011f\u0131 il\u0259 \u201cXocal\u0131 soyq\u0131r\u0131m\u0131na Heyd\u0259r \u018fliyev t\u0259r\u0259find\u0259n siyasi h\u00fcquqi qiym\u0259tin verilm\u0259si\u201d m\u00f6vzusuna h\u0259sr olunan t\u0259dbir ke\u00e7irilib. T\u0259dbird\u0259 Ulu \u00d6nd\u0259r Heyd\u0259r \u018fliyevin v\u0259 soyq\u0131r\u0131m qurbanlar\u0131n\u0131n \u0259ziz xatir\u0259si bir d\u0259qiq\u0259lik s\u00fckutla yad edilib. \u201c\u0130stiqlaliyy\u0259t 6\u201d \u00fcnvan\u0131 \u00fczr\u0259&hellip;","_links":{"self":[{"href":"https:\/\/arantv.az\/index.php?rest_route=\/wp\/v2\/posts\/789744"}],"collection":[{"href":"https:\/\/arantv.az\/index.php?rest_route=\/wp\/v2\/posts"}],"about":[{"href":"https:\/\/arantv.az\/index.php?rest_route=\/wp\/v2\/types\/post"}],"author":[{"embeddable":true,"href":"https:\/\/arantv.az\/index.php?rest_route=\/wp\/v2\/users\/2"}],"replies":[{"embeddable":true,"href":"https:\/\/arantv.az\/index.php?rest_route=%2Fwp%2Fv2%2Fcomments&post=789744"}],"version-history":[{"count":1,"href":"https:\/\/arantv.az\/index.php?rest_route=\/wp\/v2\/posts\/789744\/revisions"}],"predecessor-version":[{"id":789746,"href":"https:\/\/arantv.az\/index.php?rest_route=\/wp\/v2\/posts\/789744\/revisions\/789746"}],"wp:featuredmedia":[{"embeddable":true,"href":"https:\/\/arantv.az\/index.php?rest_route=\/wp\/v2\/media\/789745"}],"wp:attachment":[{"href":"https:\/\/arantv.az\/index.php?rest_route=%2Fwp%2Fv2%2Fmedia&parent=789744"}],"wp:term":[{"taxonomy":"category","embeddable":true,"href":"https:\/\/arantv.az\/index.php?rest_route=%2Fwp%2Fv2%2Fcategories&post=789744"},{"taxonomy":"post_tag","embeddable":true,"href":"https:\/\/arantv.az\/index.php?rest_route=%2Fwp%2Fv2%2Ftags&post=789744"}],"curies":[{"name":"wp","href":"https:\/\/api.w.org\/{rel}","templated":true}]}}