{"id":789747,"date":"2025-02-24T22:22:45","date_gmt":"2025-02-24T18:22:45","guid":{"rendered":"https:\/\/arantv.az\/?p=789747"},"modified":"2025-02-24T22:22:45","modified_gmt":"2025-02-24T18:22:45","slug":"r%c9%99smi-bakidan-bmt-y%c9%99-vacib-cagiris","status":"publish","type":"post","link":"https:\/\/arantv.az\/?p=789747","title":{"rendered":"R\u0259smi Bak\u0131dan BMT-y\u0259 vacib \u00e7a\u011f\u0131r\u0131\u015f"},"content":{"rendered":"<p><strong>M\u00fcharib\u0259 d\u00f6vr\u00fcnd\u0259 t\u00f6r\u0259dilmi\u015f cinay\u0259tl\u0259rd\u0259n dan\u0131\u015fark\u0259n m\u00fcnaqi\u015f\u0259 n\u0259tic\u0259sind\u0259 itkin d\u00fc\u015fm\u00fc\u015f 4000-\u0259 yax\u0131n Az\u0259rbaycan v\u0259t\u0259nda\u015f\u0131n\u0131n taleyin\u0259 ayd\u0131nl\u0131q g\u0259tirilm\u0259si v\u0259 ail\u0259l\u0259rinin davaml\u0131 \u0259zab-\u0259ziyy\u0259tin\u0259 son qoyulmas\u0131 m\u00fch\u00fcm \u0259h\u0259miyy\u0259t k\u0259sb edir.<\/strong><\/p>\n<p>Bu bar\u0259d\u0259 Az\u0259rbaycan xarici i\u015fl\u0259r nazirinin m\u00fcavini Elnur M\u0259mm\u0259dov Cenevr\u0259d\u0259 \u0130nsan H\u00fcquqlar\u0131 \u015euras\u0131n\u0131n 56-c\u0131 Sessiyas\u0131n\u0131n Y\u00fcks\u0259k S\u0259viyy\u0259li \u0130clas\u0131nda bildirib.<\/p>\n<p>&#8220;Biz BMT-nin m\u00fcvafiq orqanlar\u0131n\u0131 v\u0259 mexanizml\u0259rini bu insanlar\u0131n taleyin\u0259 v\u0259 harada olduqlar\u0131na ayd\u0131nl\u0131q g\u0259tirm\u0259k m\u0259qs\u0259dil\u0259 bu m\u0259s\u0259l\u0259ni \u00f6z g\u00fcnd\u0259liyind\u0259 y\u00fcks\u0259k tutma\u011fa v\u0259 Erm\u0259nistandan tam \u0259m\u0259kda\u015fl\u0131q t\u0259l\u0259b etm\u0259y\u0259 \u00e7a\u011f\u0131r\u0131r\u0131q&#8221;, &#8211; E.M\u0259mm\u0259dov deyib.\/Report<\/p>\n","protected":false},"excerpt":{"rendered":"<p>M\u00fcharib\u0259 d\u00f6vr\u00fcnd\u0259 t\u00f6r\u0259dilmi\u015f cinay\u0259tl\u0259rd\u0259n dan\u0131\u015fark\u0259n m\u00fcnaqi\u015f\u0259 n\u0259tic\u0259sind\u0259 itkin d\u00fc\u015fm\u00fc\u015f 4000-\u0259 yax\u0131n Az\u0259rbaycan v\u0259t\u0259nda\u015f\u0131n\u0131n taleyin\u0259 ayd\u0131nl\u0131q g\u0259tirilm\u0259si v\u0259 ail\u0259l\u0259rinin davaml\u0131 \u0259zab-\u0259ziyy\u0259tin\u0259 son qoyulmas\u0131 m\u00fch\u00fcm \u0259h\u0259miyy\u0259t k\u0259sb edir. Bu bar\u0259d\u0259 Az\u0259rbaycan xarici i\u015fl\u0259r nazirinin m\u00fcavini Elnur M\u0259mm\u0259dov Cenevr\u0259d\u0259 \u0130nsan H\u00fcquqlar\u0131 \u015euras\u0131n\u0131n 56-c\u0131 Sessiyas\u0131n\u0131n Y\u00fcks\u0259k S\u0259viyy\u0259li \u0130clas\u0131nda bildirib. &#8220;Biz BMT-nin m\u00fcvafiq orqanlar\u0131n\u0131 v\u0259 mexanizml\u0259rini bu insanlar\u0131n taleyin\u0259 v\u0259 harada olduqlar\u0131na ayd\u0131nl\u0131q g\u0259tirm\u0259k m\u0259qs\u0259dil\u0259 bu m\u0259s\u0259l\u0259ni \u00f6z g\u00fcnd\u0259liyind\u0259 y\u00fcks\u0259k tutma\u011fa v\u0259 Erm\u0259nistandan tam \u0259m\u0259kda\u015fl\u0131q t\u0259l\u0259b etm\u0259y\u0259 \u00e7a\u011f\u0131r\u0131r\u0131q&#8221;, &#8211; E.M\u0259mm\u0259dov deyib.\/Report<\/p>\n","protected":false},"author":2,"featured_media":789748,"comment_status":"closed","ping_status":"closed","sticky":false,"template":"","format":"standard","meta":{"om_disable_all_campaigns":false,"_monsterinsights_skip_tracking":false,"_monsterinsights_sitenote_active":false,"_monsterinsights_sitenote_note":"","_monsterinsights_sitenote_category":0},"categories":[4],"tags":[],"aioseo_notices":[],"gutentor_comment":0,"rttpg_featured_image_url":{"full":["https:\/\/arantv.az\/wp-content\/uploads\/2025\/02\/80b76481fc872be72820fbaa89c5e7f3.jpg",850,500,false],"landscape":["https:\/\/arantv.az\/wp-content\/uploads\/2025\/02\/80b76481fc872be72820fbaa89c5e7f3.jpg",850,500,false],"portraits":["https:\/\/arantv.az\/wp-content\/uploads\/2025\/02\/80b76481fc872be72820fbaa89c5e7f3.jpg",850,500,false],"thumbnail":["https:\/\/arantv.az\/wp-content\/uploads\/2025\/02\/80b76481fc872be72820fbaa89c5e7f3-500x280.jpg",500,280,true],"medium":["https:\/\/arantv.az\/wp-content\/uploads\/2025\/02\/80b76481fc872be72820fbaa89c5e7f3-621x365.jpg",621,365,true],"large":["https:\/\/arantv.az\/wp-content\/uploads\/2025\/02\/80b76481fc872be72820fbaa89c5e7f3-840x494.jpg",640,376,true],"1536x1536":["https:\/\/arantv.az\/wp-content\/uploads\/2025\/02\/80b76481fc872be72820fbaa89c5e7f3.jpg",850,500,false],"2048x2048":["https:\/\/arantv.az\/wp-content\/uploads\/2025\/02\/80b76481fc872be72820fbaa89c5e7f3.jpg",850,500,false],"post-thumbnail":["https:\/\/arantv.az\/wp-content\/uploads\/2025\/02\/80b76481fc872be72820fbaa89c5e7f3-240x172.jpg",240,172,true],"advps-thumb-one":["https:\/\/arantv.az\/wp-content\/uploads\/2025\/02\/80b76481fc872be72820fbaa89c5e7f3.jpg",850,500,false]},"rttpg_author":{"display_name":"V\u00fcsal Rafiqo\u011flu","author_link":"https:\/\/arantv.az\/?author=2"},"rttpg_comment":0,"rttpg_category":"<a href=\"https:\/\/arantv.az\/?cat=4\" rel=\"category\">Siyas\u0259t<\/a>","rttpg_excerpt":"M\u00fcharib\u0259 d\u00f6vr\u00fcnd\u0259 t\u00f6r\u0259dilmi\u015f cinay\u0259tl\u0259rd\u0259n dan\u0131\u015fark\u0259n m\u00fcnaqi\u015f\u0259 n\u0259tic\u0259sind\u0259 itkin d\u00fc\u015fm\u00fc\u015f 4000-\u0259 yax\u0131n Az\u0259rbaycan v\u0259t\u0259nda\u015f\u0131n\u0131n taleyin\u0259 ayd\u0131nl\u0131q g\u0259tirilm\u0259si v\u0259 ail\u0259l\u0259rinin davaml\u0131 \u0259zab-\u0259ziyy\u0259tin\u0259 son qoyulmas\u0131 m\u00fch\u00fcm \u0259h\u0259miyy\u0259t k\u0259sb edir. Bu bar\u0259d\u0259 Az\u0259rbaycan xarici i\u015fl\u0259r nazirinin m\u00fcavini Elnur M\u0259mm\u0259dov Cenevr\u0259d\u0259 \u0130nsan H\u00fcquqlar\u0131 \u015euras\u0131n\u0131n 56-c\u0131 Sessiyas\u0131n\u0131n Y\u00fcks\u0259k S\u0259viyy\u0259li \u0130clas\u0131nda bildirib. &#8220;Biz BMT-nin m\u00fcvafiq orqanlar\u0131n\u0131 v\u0259 mexanizml\u0259rini bu insanlar\u0131n taleyin\u0259 v\u0259&hellip;","_links":{"self":[{"href":"https:\/\/arantv.az\/index.php?rest_route=\/wp\/v2\/posts\/789747"}],"collection":[{"href":"https:\/\/arantv.az\/index.php?rest_route=\/wp\/v2\/posts"}],"about":[{"href":"https:\/\/arantv.az\/index.php?rest_route=\/wp\/v2\/types\/post"}],"author":[{"embeddable":true,"href":"https:\/\/arantv.az\/index.php?rest_route=\/wp\/v2\/users\/2"}],"replies":[{"embeddable":true,"href":"https:\/\/arantv.az\/index.php?rest_route=%2Fwp%2Fv2%2Fcomments&post=789747"}],"version-history":[{"count":1,"href":"https:\/\/arantv.az\/index.php?rest_route=\/wp\/v2\/posts\/789747\/revisions"}],"predecessor-version":[{"id":789749,"href":"https:\/\/arantv.az\/index.php?rest_route=\/wp\/v2\/posts\/789747\/revisions\/789749"}],"wp:featuredmedia":[{"embeddable":true,"href":"https:\/\/arantv.az\/index.php?rest_route=\/wp\/v2\/media\/789748"}],"wp:attachment":[{"href":"https:\/\/arantv.az\/index.php?rest_route=%2Fwp%2Fv2%2Fmedia&parent=789747"}],"wp:term":[{"taxonomy":"category","embeddable":true,"href":"https:\/\/arantv.az\/index.php?rest_route=%2Fwp%2Fv2%2Fcategories&post=789747"},{"taxonomy":"post_tag","embeddable":true,"href":"https:\/\/arantv.az\/index.php?rest_route=%2Fwp%2Fv2%2Ftags&post=789747"}],"curies":[{"name":"wp","href":"https:\/\/api.w.org\/{rel}","templated":true}]}}