{"id":789751,"date":"2025-02-25T07:23:28","date_gmt":"2025-02-25T03:23:28","guid":{"rendered":"https:\/\/arantv.az\/?p=789751"},"modified":"2025-02-25T07:23:28","modified_gmt":"2025-02-25T03:23:28","slug":"din-h%c9%99r%c9%99k%c9%99t-istirakcilarina-muraci%c9%99t-edib","status":"publish","type":"post","link":"https:\/\/arantv.az\/?p=789751","title":{"rendered":"D\u0130N h\u0259r\u0259k\u0259t i\u015ftirak\u00e7\u0131lar\u0131na m\u00fcraci\u0259t edib"},"content":{"rendered":"<p><em><strong>\u201cDavam ed\u0259n \u015faxtal\u0131 hava \u015f\u0259raiti il\u0259 \u0259laq\u0259dar olaraq gec\u0259 saatlar\u0131nda yollarda gizli buzluluq d\u0259r\u0259c\u0259sinin artmas\u0131 m\u00fc\u015fahid\u0259 olunur\u201d.<\/strong><\/em><\/p>\n<p><strong>ARANTV.AZ<\/strong> x\u0259b\u0259r verir ki, bu bar\u0259d\u0259 Daxili \u0130\u015fl\u0259r Nazirliyinin m\u0259tbuat xidm\u0259tini yayd\u0131\u011f\u0131 m\u0259lumatda deyilir.<\/p>\n<p>Qeyd olunub ki, polis \u0259m\u0259kda\u015flar\u0131 h\u0259r\u0259k\u0259t i\u015ftirak\u00e7\u0131lar\u0131n\u0131n t\u0259hl\u00fck\u0259siz \u015f\u0259kild\u0259 m\u0259nzil ba\u015f\u0131na \u00e7atmas\u0131 \u00fc\u00e7\u00fcn haz\u0131rda g\u00fccl\u0259ndirilmi\u015f rejimd\u0259 xidm\u0259tl\u0259rini paytaxt v\u0259 b\u00f6lg\u0259l\u0259rd\u0259 davam etdirirl\u0259r.<\/p>\n<p>\u201cMagistrallarla yana\u015f\u0131 m\u0259h\u0259ll\u0259aras\u0131 yollarda da yaranan probleml\u0259rin aradan qald\u0131r\u0131lmas\u0131 istiqam\u0259tind\u0259 \u00e7evik v\u0259 operativ t\u0259dbirl\u0259r g\u00f6r\u00fcl\u00fcr, t\u0259hl\u00fck\u0259sizlik tam t\u0259min edilir. Bir daha s\u00fcr\u00fcc\u00fcl\u0259rin diqq\u0259tin\u0259 \u00e7atd\u0131r\u0131r\u0131q ki, \u015faxtal\u0131 havada, x\u00fcsusil\u0259 d\u0259 buzla\u015fma \u015f\u0259raitind\u0259 eni\u015fli-yoxu\u015flu yollarda, k\u00f6rp\u00fcl\u0259rd\u0259 s\u00fcr\u00fc\u015fm\u0259 ehtimal\u0131n\u0131n artaca\u011f\u0131 n\u0259z\u0259r\u0259 al\u0131nmal\u0131 v\u0259 z\u0259ruri t\u0259hl\u00fck\u0259sizlik qaydalar\u0131na \u0259m\u0259l edilm\u0259lidirl\u0259r\u201d.<\/p>\n","protected":false},"excerpt":{"rendered":"<p>\u201cDavam ed\u0259n \u015faxtal\u0131 hava \u015f\u0259raiti il\u0259 \u0259laq\u0259dar olaraq gec\u0259 saatlar\u0131nda yollarda gizli buzluluq d\u0259r\u0259c\u0259sinin artmas\u0131 m\u00fc\u015fahid\u0259 olunur\u201d. ARANTV.AZ x\u0259b\u0259r verir ki, bu bar\u0259d\u0259 Daxili \u0130\u015fl\u0259r Nazirliyinin m\u0259tbuat xidm\u0259tini yayd\u0131\u011f\u0131 m\u0259lumatda deyilir. Qeyd olunub ki, polis \u0259m\u0259kda\u015flar\u0131 h\u0259r\u0259k\u0259t i\u015ftirak\u00e7\u0131lar\u0131n\u0131n t\u0259hl\u00fck\u0259siz \u015f\u0259kild\u0259 m\u0259nzil ba\u015f\u0131na \u00e7atmas\u0131 \u00fc\u00e7\u00fcn haz\u0131rda g\u00fccl\u0259ndirilmi\u015f rejimd\u0259 xidm\u0259tl\u0259rini paytaxt v\u0259 b\u00f6lg\u0259l\u0259rd\u0259 davam etdirirl\u0259r. \u201cMagistrallarla yana\u015f\u0131 m\u0259h\u0259ll\u0259aras\u0131 yollarda da yaranan probleml\u0259rin aradan qald\u0131r\u0131lmas\u0131 istiqam\u0259tind\u0259 \u00e7evik v\u0259 operativ t\u0259dbirl\u0259r g\u00f6r\u00fcl\u00fcr, t\u0259hl\u00fck\u0259sizlik tam t\u0259min edilir. Bir daha s\u00fcr\u00fcc\u00fcl\u0259rin diqq\u0259tin\u0259 \u00e7atd\u0131r\u0131r\u0131q ki, \u015faxtal\u0131 havada, x\u00fcsusil\u0259 d\u0259 buzla\u015fma \u015f\u0259raitind\u0259 eni\u015fli-yoxu\u015flu yollarda, k\u00f6rp\u00fcl\u0259rd\u0259 s\u00fcr\u00fc\u015fm\u0259 ehtimal\u0131n\u0131n artaca\u011f\u0131&hellip;<\/p>\n","protected":false},"author":2,"featured_media":789752,"comment_status":"closed","ping_status":"closed","sticky":false,"template":"","format":"standard","meta":{"om_disable_all_campaigns":false,"_monsterinsights_skip_tracking":false,"_monsterinsights_sitenote_active":false,"_monsterinsights_sitenote_note":"","_monsterinsights_sitenote_category":0},"categories":[1],"tags":[],"aioseo_notices":[],"gutentor_comment":0,"rttpg_featured_image_url":{"full":["https:\/\/arantv.az\/wp-content\/uploads\/2025\/02\/fd2301bef7f27590dd978b536af07708.png",797,500,false],"landscape":["https:\/\/arantv.az\/wp-content\/uploads\/2025\/02\/fd2301bef7f27590dd978b536af07708.png",797,500,false],"portraits":["https:\/\/arantv.az\/wp-content\/uploads\/2025\/02\/fd2301bef7f27590dd978b536af07708.png",797,500,false],"thumbnail":["https:\/\/arantv.az\/wp-content\/uploads\/2025\/02\/fd2301bef7f27590dd978b536af07708-500x280.png",500,280,true],"medium":["https:\/\/arantv.az\/wp-content\/uploads\/2025\/02\/fd2301bef7f27590dd978b536af07708-582x365.png",582,365,true],"large":["https:\/\/arantv.az\/wp-content\/uploads\/2025\/02\/fd2301bef7f27590dd978b536af07708.png",640,402,false],"1536x1536":["https:\/\/arantv.az\/wp-content\/uploads\/2025\/02\/fd2301bef7f27590dd978b536af07708.png",797,500,false],"2048x2048":["https:\/\/arantv.az\/wp-content\/uploads\/2025\/02\/fd2301bef7f27590dd978b536af07708.png",797,500,false],"post-thumbnail":["https:\/\/arantv.az\/wp-content\/uploads\/2025\/02\/fd2301bef7f27590dd978b536af07708-240x172.png",240,172,true],"advps-thumb-one":["https:\/\/arantv.az\/wp-content\/uploads\/2025\/02\/fd2301bef7f27590dd978b536af07708.png",797,500,false]},"rttpg_author":{"display_name":"V\u00fcsal Rafiqo\u011flu","author_link":"https:\/\/arantv.az\/?author=2"},"rttpg_comment":0,"rttpg_category":"<a href=\"https:\/\/arantv.az\/?cat=1\" rel=\"category\">C\u0259miyy\u0259t<\/a>","rttpg_excerpt":"\u201cDavam ed\u0259n \u015faxtal\u0131 hava \u015f\u0259raiti il\u0259 \u0259laq\u0259dar olaraq gec\u0259 saatlar\u0131nda yollarda gizli buzluluq d\u0259r\u0259c\u0259sinin artmas\u0131 m\u00fc\u015fahid\u0259 olunur\u201d. ARANTV.AZ x\u0259b\u0259r verir ki, bu bar\u0259d\u0259 Daxili \u0130\u015fl\u0259r Nazirliyinin m\u0259tbuat xidm\u0259tini yayd\u0131\u011f\u0131 m\u0259lumatda deyilir. Qeyd olunub ki, polis \u0259m\u0259kda\u015flar\u0131 h\u0259r\u0259k\u0259t i\u015ftirak\u00e7\u0131lar\u0131n\u0131n t\u0259hl\u00fck\u0259siz \u015f\u0259kild\u0259 m\u0259nzil ba\u015f\u0131na \u00e7atmas\u0131 \u00fc\u00e7\u00fcn haz\u0131rda g\u00fccl\u0259ndirilmi\u015f rejimd\u0259 xidm\u0259tl\u0259rini paytaxt v\u0259 b\u00f6lg\u0259l\u0259rd\u0259 davam etdirirl\u0259r. \u201cMagistrallarla yana\u015f\u0131&hellip;","_links":{"self":[{"href":"https:\/\/arantv.az\/index.php?rest_route=\/wp\/v2\/posts\/789751"}],"collection":[{"href":"https:\/\/arantv.az\/index.php?rest_route=\/wp\/v2\/posts"}],"about":[{"href":"https:\/\/arantv.az\/index.php?rest_route=\/wp\/v2\/types\/post"}],"author":[{"embeddable":true,"href":"https:\/\/arantv.az\/index.php?rest_route=\/wp\/v2\/users\/2"}],"replies":[{"embeddable":true,"href":"https:\/\/arantv.az\/index.php?rest_route=%2Fwp%2Fv2%2Fcomments&post=789751"}],"version-history":[{"count":1,"href":"https:\/\/arantv.az\/index.php?rest_route=\/wp\/v2\/posts\/789751\/revisions"}],"predecessor-version":[{"id":789753,"href":"https:\/\/arantv.az\/index.php?rest_route=\/wp\/v2\/posts\/789751\/revisions\/789753"}],"wp:featuredmedia":[{"embeddable":true,"href":"https:\/\/arantv.az\/index.php?rest_route=\/wp\/v2\/media\/789752"}],"wp:attachment":[{"href":"https:\/\/arantv.az\/index.php?rest_route=%2Fwp%2Fv2%2Fmedia&parent=789751"}],"wp:term":[{"taxonomy":"category","embeddable":true,"href":"https:\/\/arantv.az\/index.php?rest_route=%2Fwp%2Fv2%2Fcategories&post=789751"},{"taxonomy":"post_tag","embeddable":true,"href":"https:\/\/arantv.az\/index.php?rest_route=%2Fwp%2Fv2%2Ftags&post=789751"}],"curies":[{"name":"wp","href":"https:\/\/api.w.org\/{rel}","templated":true}]}}