{"id":789902,"date":"2025-02-25T17:12:12","date_gmt":"2025-02-25T13:12:12","guid":{"rendered":"https:\/\/arantv.az\/?p=789902"},"modified":"2025-02-25T17:12:12","modified_gmt":"2025-02-25T13:12:12","slug":"az%c9%99rbaycan-oz-secimini-coxdan-edib","status":"publish","type":"post","link":"https:\/\/arantv.az\/?p=789902","title":{"rendered":"\u201cAz\u0259rbaycan \u00f6z se\u00e7imini \u00e7oxdan edib\u201d"},"content":{"rendered":"<p><strong>Ekspert deyir ki, Bak\u0131 bir-biri il\u0259 \u0259ks q\u00fctbl\u0259rd\u0259 olan \u00f6lk\u0259l\u0259rl\u0259 \u0259m\u0259kda\u015fl\u0131q strategiyas\u0131 qurub<\/strong><\/p>\n<p>Geosiyasi v\u0259ziyy\u0259t \u00f6z\u00fc il\u0259 yeni \u015f\u0259rtl\u0259r g\u0259tirir. \u00dc\u00e7 ildir davam ed\u0259n Rusiya-Ukrayna m\u00fcharib\u0259sinin bit\u0259c\u0259yi istiqam\u0259tind\u0259 AB\u015e-\u0131n yeni prezidentinin atd\u0131\u011f\u0131 add\u0131mlar Rusiyan\u0131n m\u00f6vqel\u0259rinin g\u00fccl\u0259n\u0259c\u0259yi bar\u0259d\u0259 proqnoz ver\u0259nl\u0259rin say\u0131n\u0131 art\u0131r\u0131b. D\u00fcnyadak\u0131 ba\u015fqa bir m\u00fcnaqi\u015f\u0259 oca\u011f\u0131 Suriyada B\u0259\u015f\u0259r \u018fs\u0259d rejiminin \u00e7\u00f6k\u00fc\u015f\u00fcnd\u0259n sonra sabitl\u0259\u015fm\u0259 prosesi ba\u015flay\u0131b.<\/p>\n<p>T\u00fcrkiy\u0259d\u0259 Suriyan\u0131n n\u00fcfuzu g\u00fccl\u0259nib. Siyasi analitikl\u0259r hesab edir ki, d\u00fcnya miqyas\u0131nda ged\u0259n bu kimi prosesl\u0259r C\u0259nubi Qafqaz \u00f6lk\u0259l\u0259rinin d\u0259 oriyentasiyas\u0131na t\u0259sirini g\u00f6st\u0259r\u0259c\u0259k. Uzun ill\u0259r \u0259rzind\u0259 C\u0259nubi Qafqaz regionu d\u00fcnyan\u0131n \u0259n par\u00e7alanm\u0131\u015f regionlar\u0131ndan biri kimi n\u0259z\u0259r\u0259 \u00e7arp\u0131b. Bel\u0259 ki, b\u00f6lg\u0259nin \u00fc\u00e7 \u00f6lk\u0259si \u00f6z xarici siyas\u0259t prioritetl\u0259rind\u0259 m\u00fcxt\u0259lif vektorlar se\u00e7dil\u0259r ki, bu da ki\u00e7ik bir regionda NATO, KTMT, Avropa \u0130ttifaq\u0131 v\u0259 Avrasiya \u0130qtisadi Birliyi, vahid g\u00f6mr\u00fck m\u0259kan\u0131, el\u0259c\u0259 d\u0259 \u00fc\u00e7\u00fcnc\u00fc yolun t\u0259r\u0259fdarlar\u0131n\u0131n yaranmas\u0131na s\u0259b\u0259b oldu. Bu v\u0259ziyy\u0259t h\u0259m yax\u0131n, h\u0259m d\u0259 uzaq qon\u015fular, eyni zamanda n\u00fcfuzlu g\u00fcc m\u0259rk\u0259zl\u0259ri olan xarici oyun\u00e7ular\u0131n regional konfiqurasiyalarda i\u015ftirak\u0131na \u015f\u0259rait yaratd\u0131. G\u00fcrc\u00fcstan uzun m\u00fcdd\u0259t Q\u0259rb vektorunu se\u00e7di. Erm\u0259nistan is\u0259 Nikol Pa\u015finyan hakimiyy\u0259t\u0259 g\u0259l\u0259n\u0259d\u0259k birm\u0259nal\u0131 olaraq Rusiyan\u0131n m\u00fctt\u0259fiqi rolunu \u00fcz\u0259rin\u0259 g\u00f6t\u00fcrm\u00fc\u015fd\u00fc. Ancaq Pa\u015finyan\u0131n g\u0259li\u015fi il\u0259 bu m\u00fctt\u0259fiqlik z\u0259d\u0259l\u0259nm\u0259 d\u00f6vr\u00fcn\u0259 q\u0259d\u0259m qoydu. Rusiyan\u0131n Erm\u0259nistanda z\u0259ifl\u0259m\u0259kd\u0259 olan yerini AB\u015e, Fransa, Avropa \u0130ttifaq\u0131 tutma\u011fa ba\u015flad\u0131. Lakin bununla bel\u0259, Erm\u0259nistan\u0131 Rusiyadan tam qopmu\u015f da hesab etm\u0259k olmaz.<\/p>\n<p>Erm\u0259nistan Q\u0259rb\u0259 yax\u0131nla\u015f\u0131b Rusiyadan m\u0259saf\u0259 saxlad\u0131qca qon\u015fusu G\u00fcrc\u00fcstanda son ill\u0259rd\u0259 \u0259ks proses gedir. G\u00fcrc\u00fcstanda Q\u0259rbl\u0259 soyuq m\u00fcnasib\u0259tl\u0259ri olan siyasi q\u00fcvv\u0259 hakimiyy\u0259t\u0259 g\u0259ldi v\u0259 art\u0131q b\u0259llidir ki, Q\u0259rb-G\u00fcrc\u00fcstan m\u00fcnasib\u0259tl\u0259ri \u00f6z\u00fcn\u00fcn g\u0259rgin d\u00f6vr\u00fcn\u00fc ya\u015fay\u0131r. G\u00fcrc\u00fcstan h\u00f6kum\u0259ti son bir h\u0259ft\u0259d\u0259 Rusiya il\u0259 \u0259laq\u0259l\u0259rin yax\u015f\u0131la\u015fd\u0131r\u0131lmas\u0131nda maraql\u0131 olduqlar\u0131 bar\u0259d\u0259 b\u0259yanatlar verir.<\/p>\n<p>Q\u0259rb-AB\u015e v\u0259 A\u0130 region \u00f6lk\u0259l\u0259ri il\u0259 situasiyalara uy\u011fun m\u00fcnasib\u0259tl\u0259r qurdu, lakin z\u0259man\u0259tli he\u00e7 n\u0259 t\u0259klif ed\u0259 bilm\u0259di, yaln\u0131z G\u00fcrc\u00fcstan\u0131n v\u0259 Erm\u0259nistan\u0131n A\u0130 il\u0259 assosiasiya sazi\u015fi imzalamas\u0131na m\u00fcv\u0259ff\u0259q oldu. Az\u0259rbaycana is\u0259 \u00fcmumiyy\u0259tl\u0259 he\u00e7 n\u0259 ver\u0259 bilm\u0259di. Erm\u0259nistanla s\u00fclh sazi\u015finin imzalanmas\u0131na t\u00f6hf\u0259 ver\u0259c\u0259yi \u00fcmidl\u0259ri d\u0259 he\u00e7\u0259 endi.<\/p>\n<p>Rusiyan\u0131n m\u00f6vqel\u0259rinin son zamanlar g\u00fccl\u0259nm\u0259y\u0259 ba\u015flamas\u0131, x\u00fcsus\u0259n Ukrayna c\u0259bh\u0259sind\u0259 g\u00fccl\u0259nm\u0259si fonunda is\u0259 region \u00f6lk\u0259l\u0259ri se\u00e7im etm\u0259k m\u0259cburiyy\u0259ti qar\u015f\u0131s\u0131nda qala bil\u0259rl\u0259r. Region \u00f6lk\u0259l\u0259rinin g\u0259l\u0259c\u0259k se\u00e7iml\u0259ri n\u0259 ola bil\u0259r?<\/p>\n<p>Politoloq M\u0259h\u0259mm\u0259d \u018fs\u0259dullazad\u0259 \u201cYeni M\u00fcsavat\u201da bildirdi ki, bu m\u0259s\u0259l\u0259d\u0259 C\u0259nubi Qafqaz\u0131n \u00fc\u00e7 \u00f6lk\u0259si aras\u0131nda \u0259n yax\u015f\u0131 durumda olan\u0131 Az\u0259rbaycand\u0131r: \u201c\u00c7\u00fcnki Az\u0259rbaycan d\u00f6vl\u0259ti m\u00fcst\u0259qil siyas\u0259t y\u00fcr\u00fcd\u0259n d\u00f6vl\u0259tdir v\u0259 bunu s\u00fcbuta yetirib. Az\u0259rbaycan \u00f6z se\u00e7imini \u00e7oxdan edib. Bu se\u00e7im milli d\u00f6vl\u0259t maraqlar\u0131na uy\u011fun xarici siyas\u0259t x\u0259ttinin d\u00f6vl\u0259t siyas\u0259tin\u0259 \u00e7evrilm\u0259sidir. Az\u0259rbaycan b\u00fct\u00fcn q\u00fctbl\u0259rl\u0259 b\u0259rab\u0259rh\u00fcquqlu \u0259m\u0259kda\u015fl\u0131q m\u00fcnasib\u0259tl\u0259rind\u0259 maraql\u0131 oldu\u011funu t\u0259sdiql\u0259yib. Az\u0259rbaycan d\u00f6vl\u0259tl\u0259rl\u0259 h\u0259m ikit\u0259r\u0259fli, h\u0259m d\u0259 m\u00fcxt\u0259lif t\u0259\u015fkilatlar daxilind\u0259 \u00e7oxt\u0259r\u0259fli \u0259m\u0259kda\u015fl\u0131q, m\u00fctt\u0259fiqlik m\u00fcnasib\u0259tl\u0259rind\u0259dir. Bu s\u0131rada bir n\u00f6mr\u0259li m\u00fctt\u0259fiqimizin T\u00fcrkiy\u0259 oldu\u011fu h\u0259r k\u0259s\u0259 m\u0259lumdur v\u0259 art\u0131q bunu bizi ist\u0259y\u0259n t\u0259r\u0259fl\u0259r, ist\u0259m\u0259y\u0259n t\u0259r\u0259fl\u0259r d\u0259 t\u0259bii q\u0259bul edirl\u0259r. Az\u0259rbaycan v\u0259 T\u00fcrkiy\u0259 b\u00fct\u00fcn f\u0259aliyy\u0259t sah\u0259l\u0259rini \u0259hat\u0259 ed\u0259n m\u00fctt\u0259fiqlik m\u00fcnasib\u0259tl\u0259rini \u015eu\u015fa B\u0259yanam\u0259si il\u0259 r\u0259smil\u0259\u015fdirib&#8221;.<\/p>\n<p>Ekspert\u0259 g\u00f6r\u0259, Az\u0259rbaycan\u0131n m\u00fcst\u0259qil siyas\u0259ti bir-biri il\u0259 ziddiyy\u0259td\u0259 olan d\u00f6vl\u0259tl\u0259rl\u0259 \u0259laq\u0259l\u0259rin qurulmas\u0131na, inki\u015faf\u0131na \u015f\u0259rait yarad\u0131b: \u201cBu m\u0259nada Az\u0259rbaycan Prezidenti \u0130lham \u018fliyevin siyas\u0259tinin nec\u0259 uzaqg\u00f6r\u0259n oldu\u011fu bir daha t\u0259sdiql\u0259nir. Az\u0259rbaycan Rusiya il\u0259 m\u00fctt\u0259fiqlik m\u00fcnasib\u0259tl\u0259ri haqq\u0131nda m\u00fcqavil\u0259 imzlay\u0131r, eyni zamanda AB\u015e-la, Avropa \u0130ttifaq\u0131 il\u0259 \u0259laq\u0259l\u0259rini geni\u015fl\u0259ndirir. T\u0259r\u0259fl\u0259rin h\u0259r biri Az\u0259rbaycan\u0131n m\u00fcst\u0259qil siyas\u0259t y\u00fcr\u00fcd\u0259n \u00f6lk\u0259 oldu\u011fu fakt\u0131n\u0131 n\u0259z\u0259r\u0259 al\u0131b bunu t\u0259bii qar\u015f\u0131lay\u0131rlar. Az\u0259rbaycan \u0130sraill\u0259 m\u00fctt\u0259fiqlik m\u00fcnasib\u0259tl\u0259rini d\u0259rinl\u0259\u015fdir\u0259n add\u0131mlar at\u0131r, eyni zamanda qon\u015fu \u0130ran d\u00f6vl\u0259ti il\u0259 \u0259m\u0259kda\u015fl\u0131q m\u00fcnasib\u0259tl\u0259rini davam etdirir v\u0259 bunda maraql\u0131 oldu\u011funu g\u00f6st\u0259r\u0259n add\u0131mlar at\u0131r. Az\u0259rbaycan\u0131n bir d\u00f6vl\u0259tl\u0259 \u0259m\u0259kda\u015fl\u0131\u011f\u0131 h\u0259min d\u00f6vl\u0259tl\u0259 g\u0259rginlik ya\u015fayan d\u00f6vl\u0259t\u0259 qar\u015f\u0131 deyil. Ona g\u00f6r\u0259 d\u0259 Az\u0259rbaycan\u0131n m\u00fcst\u0259qil siyas\u0259ti q\u0259bul edilir v\u0259 Az\u0259rbaycan\u0131n b\u00f6y\u00fck u\u011furlar\u0131ndan biri d\u0259 budur. Az\u0259rbaycan qon\u015fu G\u00fcrc\u00fcstanla da m\u00fctt\u0259fiqlik \u0259laq\u0259l\u0259rini daim davam etdirir. G\u00fcrc\u00fcstan\u0131n y\u00f6n\u00fcn\u00fcn hans\u0131 istiqam\u0259t\u0259 olmas\u0131 Az\u0259rbaycan\u0131n G\u00fcrc\u00fcstanla m\u00fcnasib\u0259tl\u0259rin\u0259 t\u0259sir g\u00f6st\u0259rmir\u201d.<\/p>\n<p>Ekspert qeyd etdi ki, q\u00fctbl\u0259r aras\u0131nda se\u00e7im etm\u0259k m\u0259cburiyy\u0259ti qar\u015f\u0131s\u0131nda Erm\u0259nistan v\u0259 G\u00fcrc\u00fcstan uzun ill\u0259rdir qal\u0131b: \u201cBu iki qon\u015fu d\u00f6vl\u0259ti \u00fczl\u0259\u015fdikl\u0259ri v\u0259ziyy\u0259t \u00e7\u0259tinlikl\u0259rl\u0259 \u00fcz-\u00fcz\u0259 qoyur. Rusiyan\u0131n m\u00f6vqel\u0259rinin g\u00fccl\u0259nm\u0259si hal\u0131nda onlar\u0131n durumu bir q\u0259d\u0259r q\u0259lizl\u0259\u015f\u0259 bil\u0259r. \u00c7\u00fcnki Rusiyan\u0131n onlara \u015f\u0259rtl\u0259ri ciddil\u0259\u015f\u0259c\u0259k &#8211; ya Rusiya, ya da Q\u0259rb se\u00e7imi. Se\u00e7imin ikinci olmas\u0131 g\u00fccl\u0259nmi\u015f Rusiyan\u0131n h\u0259min \u00f6lk\u0259y\u0259 nec\u0259 m\u00fcnasib\u0259t g\u00f6st\u0259r\u0259c\u0259yini indid\u0259n g\u00f6z \u00f6n\u00fcn\u0259 g\u0259tirir. C\u0259nubi Qafqazda n\u00fcfuz u\u011frunda d\u00fcnyan\u0131n g\u00fcc m\u0259rk\u0259zl\u0259rinin m\u00fcbariz\u0259si qar\u015f\u0131dak\u0131 d\u00f6vrd\u0259 daha da \u015fidd\u0259tl\u0259n\u0259c\u0259k. M\u00fcst\u0259qil siyas\u0259t bel\u0259 v\u0259ziyy\u0259td\u0259 Az\u0259rbaycan\u0131n \u0259sas immunitetl\u0259rind\u0259ndir&#8221;.<\/p>\n<p><strong>Yaz\u0131n\u0131 haz\u0131rlad\u0131: Etibar SEY\u0130DA\u011eA<\/strong><\/p>\n<p><strong>\u00a0<\/strong><\/p>\n","protected":false},"excerpt":{"rendered":"<p>Ekspert deyir ki, Bak\u0131 bir-biri il\u0259 \u0259ks q\u00fctbl\u0259rd\u0259 olan \u00f6lk\u0259l\u0259rl\u0259 \u0259m\u0259kda\u015fl\u0131q strategiyas\u0131 qurub Geosiyasi v\u0259ziyy\u0259t \u00f6z\u00fc il\u0259 yeni \u015f\u0259rtl\u0259r g\u0259tirir. \u00dc\u00e7 ildir davam ed\u0259n Rusiya-Ukrayna m\u00fcharib\u0259sinin bit\u0259c\u0259yi istiqam\u0259tind\u0259 AB\u015e-\u0131n yeni prezidentinin atd\u0131\u011f\u0131 add\u0131mlar Rusiyan\u0131n m\u00f6vqel\u0259rinin g\u00fccl\u0259n\u0259c\u0259yi bar\u0259d\u0259 proqnoz ver\u0259nl\u0259rin say\u0131n\u0131 art\u0131r\u0131b. D\u00fcnyadak\u0131 ba\u015fqa bir m\u00fcnaqi\u015f\u0259 oca\u011f\u0131 Suriyada B\u0259\u015f\u0259r \u018fs\u0259d rejiminin \u00e7\u00f6k\u00fc\u015f\u00fcnd\u0259n sonra sabitl\u0259\u015fm\u0259 prosesi ba\u015flay\u0131b. T\u00fcrkiy\u0259d\u0259 Suriyan\u0131n n\u00fcfuzu g\u00fccl\u0259nib. Siyasi analitikl\u0259r hesab edir ki, d\u00fcnya miqyas\u0131nda ged\u0259n bu kimi prosesl\u0259r C\u0259nubi Qafqaz \u00f6lk\u0259l\u0259rinin d\u0259 oriyentasiyas\u0131na t\u0259sirini g\u00f6st\u0259r\u0259c\u0259k. Uzun ill\u0259r \u0259rzind\u0259 C\u0259nubi Qafqaz regionu d\u00fcnyan\u0131n \u0259n par\u00e7alanm\u0131\u015f regionlar\u0131ndan biri kimi n\u0259z\u0259r\u0259&hellip;<\/p>\n","protected":false},"author":2,"featured_media":789903,"comment_status":"closed","ping_status":"closed","sticky":false,"template":"","format":"standard","meta":{"om_disable_all_campaigns":false,"_monsterinsights_skip_tracking":false,"_monsterinsights_sitenote_active":false,"_monsterinsights_sitenote_note":"","_monsterinsights_sitenote_category":0},"categories":[1],"tags":[],"aioseo_notices":[],"gutentor_comment":0,"rttpg_featured_image_url":{"full":["https:\/\/arantv.az\/wp-content\/uploads\/2025\/02\/36edec72f8b79b985a71730b45bd01b8.jpg",870,500,false],"landscape":["https:\/\/arantv.az\/wp-content\/uploads\/2025\/02\/36edec72f8b79b985a71730b45bd01b8.jpg",870,500,false],"portraits":["https:\/\/arantv.az\/wp-content\/uploads\/2025\/02\/36edec72f8b79b985a71730b45bd01b8.jpg",870,500,false],"thumbnail":["https:\/\/arantv.az\/wp-content\/uploads\/2025\/02\/36edec72f8b79b985a71730b45bd01b8-500x280.jpg",500,280,true],"medium":["https:\/\/arantv.az\/wp-content\/uploads\/2025\/02\/36edec72f8b79b985a71730b45bd01b8-635x365.jpg",635,365,true],"large":["https:\/\/arantv.az\/wp-content\/uploads\/2025\/02\/36edec72f8b79b985a71730b45bd01b8-840x483.jpg",640,368,true],"1536x1536":["https:\/\/arantv.az\/wp-content\/uploads\/2025\/02\/36edec72f8b79b985a71730b45bd01b8.jpg",870,500,false],"2048x2048":["https:\/\/arantv.az\/wp-content\/uploads\/2025\/02\/36edec72f8b79b985a71730b45bd01b8.jpg",870,500,false],"post-thumbnail":["https:\/\/arantv.az\/wp-content\/uploads\/2025\/02\/36edec72f8b79b985a71730b45bd01b8-240x172.jpg",240,172,true],"advps-thumb-one":["https:\/\/arantv.az\/wp-content\/uploads\/2025\/02\/36edec72f8b79b985a71730b45bd01b8.jpg",870,500,false]},"rttpg_author":{"display_name":"V\u00fcsal Rafiqo\u011flu","author_link":"https:\/\/arantv.az\/?author=2"},"rttpg_comment":0,"rttpg_category":"<a href=\"https:\/\/arantv.az\/?cat=1\" rel=\"category\">C\u0259miyy\u0259t<\/a>","rttpg_excerpt":"Ekspert deyir ki, Bak\u0131 bir-biri il\u0259 \u0259ks q\u00fctbl\u0259rd\u0259 olan \u00f6lk\u0259l\u0259rl\u0259 \u0259m\u0259kda\u015fl\u0131q strategiyas\u0131 qurub Geosiyasi v\u0259ziyy\u0259t \u00f6z\u00fc il\u0259 yeni \u015f\u0259rtl\u0259r g\u0259tirir. \u00dc\u00e7 ildir davam ed\u0259n Rusiya-Ukrayna m\u00fcharib\u0259sinin bit\u0259c\u0259yi istiqam\u0259tind\u0259 AB\u015e-\u0131n yeni prezidentinin atd\u0131\u011f\u0131 add\u0131mlar Rusiyan\u0131n m\u00f6vqel\u0259rinin g\u00fccl\u0259n\u0259c\u0259yi bar\u0259d\u0259 proqnoz ver\u0259nl\u0259rin say\u0131n\u0131 art\u0131r\u0131b. D\u00fcnyadak\u0131 ba\u015fqa bir m\u00fcnaqi\u015f\u0259 oca\u011f\u0131 Suriyada B\u0259\u015f\u0259r \u018fs\u0259d rejiminin \u00e7\u00f6k\u00fc\u015f\u00fcnd\u0259n sonra sabitl\u0259\u015fm\u0259 prosesi ba\u015flay\u0131b.&hellip;","_links":{"self":[{"href":"https:\/\/arantv.az\/index.php?rest_route=\/wp\/v2\/posts\/789902"}],"collection":[{"href":"https:\/\/arantv.az\/index.php?rest_route=\/wp\/v2\/posts"}],"about":[{"href":"https:\/\/arantv.az\/index.php?rest_route=\/wp\/v2\/types\/post"}],"author":[{"embeddable":true,"href":"https:\/\/arantv.az\/index.php?rest_route=\/wp\/v2\/users\/2"}],"replies":[{"embeddable":true,"href":"https:\/\/arantv.az\/index.php?rest_route=%2Fwp%2Fv2%2Fcomments&post=789902"}],"version-history":[{"count":2,"href":"https:\/\/arantv.az\/index.php?rest_route=\/wp\/v2\/posts\/789902\/revisions"}],"predecessor-version":[{"id":789905,"href":"https:\/\/arantv.az\/index.php?rest_route=\/wp\/v2\/posts\/789902\/revisions\/789905"}],"wp:featuredmedia":[{"embeddable":true,"href":"https:\/\/arantv.az\/index.php?rest_route=\/wp\/v2\/media\/789903"}],"wp:attachment":[{"href":"https:\/\/arantv.az\/index.php?rest_route=%2Fwp%2Fv2%2Fmedia&parent=789902"}],"wp:term":[{"taxonomy":"category","embeddable":true,"href":"https:\/\/arantv.az\/index.php?rest_route=%2Fwp%2Fv2%2Fcategories&post=789902"},{"taxonomy":"post_tag","embeddable":true,"href":"https:\/\/arantv.az\/index.php?rest_route=%2Fwp%2Fv2%2Ftags&post=789902"}],"curies":[{"name":"wp","href":"https:\/\/api.w.org\/{rel}","templated":true}]}}