{"id":790276,"date":"2025-02-26T17:41:55","date_gmt":"2025-02-26T13:41:55","guid":{"rendered":"https:\/\/arantv.az\/?p=790276"},"modified":"2025-02-26T17:41:55","modified_gmt":"2025-02-26T13:41:55","slug":"avropa-t%c9%99hluk%c9%99sizliyini-t%c9%99min-etm%c9%99k-ucun-ukrayna-%c9%99razisin%c9%99-qosun-yerid%c9%99c%c9%99k-s%c9%99rh","status":"publish","type":"post","link":"https:\/\/arantv.az\/?p=790276","title":{"rendered":"Avropa t\u0259hl\u00fck\u0259sizliyini t\u0259min etm\u0259k \u00fc\u00e7\u00fcn Ukrayna \u0259razisin\u0259 qo\u015fun yerid\u0259c\u0259k-\u015e\u018fRH"},"content":{"rendered":"<p><strong>AB\u015e prezidenti Donald Tramp \u00f6t\u0259n g\u00fcn bildirib ki, Rusiyaya qar\u015f\u0131 sanksiyalar \u201cn\u0259 vaxtsa\u201d l\u0259\u011fv oluna bil\u0259r, lakin bunun vaxt\u0131 h\u0259l\u0259 \u00e7atmay\u0131b.<\/strong><\/p>\n<p>\u201cD\u00fc\u015f\u00fcn\u00fcr\u0259m ki, bu, n\u0259 vaxtsa olacaq, amma indi biz sanksiyalar\u0131 l\u0259\u011fv etm\u0259k bar\u0259d\u0259 raz\u0131l\u0131\u011fa g\u0259lm\u0259mi\u015fik\u201d, &#8211; AB\u015e prezidenti bildirib.<\/p>\n<p>Sosial T\u0259dqiqatlar M\u0259rk\u0259zinin sektor m\u00fcdiri, politoloq \u0130lyas H\u00fcseynov Musavat.com-a a\u00e7\u0131qlamas\u0131nda xat\u0131rlad\u0131b ki, Donald Tramp h\u0259l\u0259 prezident se\u00e7ilm\u0259mi\u015fd\u0259n \u00f6nc\u0259 \u00f6z elektorat\u0131na s\u00f6z vermi\u015fdi ki, Rusiya-Ukrayna m\u00fcharib\u0259sini bir sutka \u0259rzind\u0259 dayand\u0131racaq.<\/p>\n<p>Politoloq vur\u011fulay\u0131b ki, inaqurasiyadan 1 ay ke\u00e7ib, amma m\u00fcharib\u0259 h\u0259l\u0259 d\u0259 davam edir: \u201cTramp v\u0259zif\u0259sinin icras\u0131na ba\u015flayan kimi bu m\u0259s\u0259l\u0259nin h\u0259llin\u0259 \u00e7al\u0131\u015fd\u0131. G\u00f6r\u00fcn\u0259n odur ki, haz\u0131rk\u0131 reall\u0131qlarda bu, onun siyasi g\u00fcnd\u0259liyinin \u0259sas hiss\u0259sini t\u0259\u015fkil edir. Lakin Rusiyaya qar\u015f\u0131 t\u0259tbiq olunan sanksiyalar\u0131n say\u0131 on minl\u0259rl\u0259dir. M\u00fcharib\u0259 bit\u0259rs\u0259, sanksiyalar m\u0259rh\u0259l\u0259li \u015f\u0259kild\u0259 l\u0259\u011fv edil\u0259c\u0259k. Dig\u0259r t\u0259r\u0259fd\u0259n diqq\u0259t \u00e7\u0259k\u0259n m\u0259qam ondan ibar\u0259tdir ki, Avropa \u0130ttifaq\u0131n\u0131n da Rusiyaya qar\u015f\u0131 t\u0259tbiq etdiyi sanksiyalar var. Gec-tez Avropa da dan\u0131\u015f\u0131qlar masas\u0131na \u0259yl\u0259\u015f\u0259c\u0259k. Bunu Rusiya da ist\u0259yir. Fevral\u0131n 28-d\u0259 AB\u015e prezidenti Donald Tramp v\u0259 Ukrayna prezidenti Volodimir Zelenski aras\u0131nda Va\u015finqtonda g\u00f6r\u00fc\u015f ke\u00e7iril\u0259c\u0259k. G\u00f6r\u00fc\u015fd\u0259 Ukraynan\u0131n mineral ehtiyatlar\u0131n\u0131n istismar\u0131 il\u0259 ba\u011fl\u0131 m\u00fczakir\u0259 olacaq v\u0259 m\u00fc\u0259yy\u0259n raz\u0131la\u015fman\u0131n \u0259ld\u0259 olunaca\u011f\u0131 ehtimal edilir. Zelenski buna qar\u015f\u0131 \u00e7\u0131xsa da, s\u00fclh m\u00fcqabilind\u0259 sanki mineral ehtiyatlar\u0131n istismar\u0131 haqq\u0131nda raz\u0131la\u015fma \u0259ld\u0259 olunub. Dig\u0259r t\u0259r\u0259fd\u0259n Rusiyan\u0131n \u00f6z\u00fcn\u00fcn mineral ehtiyatlar\u0131n\u0131n AB\u015e \u015firk\u0259tl\u0259ri t\u0259r\u0259find\u0259n istismar\u0131 da n\u0259z\u0259rd\u0259 tutulur. Bu, Rusiya \u0259halisind\u0259 v\u0259 ordusunda m\u00fc\u0259yy\u0259n naraz\u0131l\u0131\u011fa s\u0259b\u0259b olub, \u00e7\u00fcnki onlar kollektiv Q\u0259rb\u0259 qar\u015f\u0131 vuru\u015furdular. M\u00fcharib\u0259 ba\u015flamadan \u00f6nc\u0259 bel\u0259 bir iddia var idi, kollektiv Q\u0259rb Rusiyan\u0131n s\u0259rv\u0259tl\u0259rin\u0259 yiy\u0259l\u0259nm\u0259k ist\u0259yir v\u0259 bunun \u00fc\u00e7\u00fcn Ukraynadan istifad\u0259 edir. Lakin g\u00f6r\u00fcn\u0259n odur ki, Rusiya buna n\u0259inki, qar\u015f\u0131 \u00e7\u0131xm\u0131r, \u0259ksin\u0259 iki\u0259lli raz\u0131d\u0131r ki, iqtisadi f\u0259aliyy\u0259t\u00a0 Rusiya xam mal\u0131 \u00fcz\u0259rind\u0259 t\u0259\u015fviq olunsun\u201d.<\/p>\n<p><strong>Politoloq hesab edir ki, Avropa \u00f6z t\u0259hl\u00fck\u0259sizliyi haqq\u0131nda d\u00fc\u015f\u00fcnm\u0259lidir:<\/strong>\u00a0\u201cFransa, Almaniya, B\u00f6y\u00fck Britaniyadan ibar\u0259t s\u00fclhm\u0259raml\u0131 q\u00fcvv\u0259l\u0259rin Ukraynaya g\u00f6nd\u0259rilm\u0259si bar\u0259d\u0259 fikirl\u0259r s\u0259sl\u0259nir. Fransa prezidenti Emmanuel Makron AB\u015e-\u0259 s\u0259f\u0259ri \u00e7\u0259r\u00e7iv\u0259sind\u0259 Ukraynada Avropa kontingentinin olmas\u0131 il\u0259 ba\u011fl\u0131 sanki Tramp\u0131 raz\u0131 sald\u0131. Hesab edir\u0259m ki, Ukraynan\u0131n \u0259razi itkil\u0259ri n\u0259tic\u0259sind\u0259 s\u00fclh\u00fcn formala\u015fmas\u0131 ba\u015f tutacaq. Avropa t\u0259hl\u00fck\u0259sizliyini t\u0259min etm\u0259k \u00fc\u00e7\u00fcn Ukrayna \u0259razisin\u0259 qo\u015fun yerid\u0259c\u0259k. AB\u015e is\u0259 h\u0259m Rusiyan\u0131n, h\u0259m d\u0259 Ukraynan\u0131n mineral ehtiyatlar\u0131n\u0131 istismar ed\u0259r\u0259k m\u00fcharib\u0259d\u0259n daha qazancl\u0131 \u015f\u0259kild\u0259 \u00e7\u0131xacaq. Ukrayna \u0259razisin\u0259 qoyulan v\u0259sait is\u0259 ill\u0259r sonra art\u0131qlamas\u0131 il\u0259 AB\u015e iqtisadiyyat\u0131na transfer olunacaq\u201d.<\/p>\n<p><strong>AB\u015e-Rusiya aras\u0131nda diplomatik t\u0259maslar\u0131n intensivl\u0259\u015fm\u0259sini \u015f\u0259rh ed\u0259n \u0130.H\u00fcseynov bildirib ki, sanksiyalar\u0131n \u0259n yax\u0131n m\u00fcdd\u0259td\u0259 l\u0259\u011fv edilm\u0259si \u00fc\u00e7\u00fcn birba\u015fa t\u0259maslar olmal\u0131d\u0131r:<\/strong><\/p>\n<p>\u201c\u018fr-Riyadda ke\u00e7iril\u0259n g\u00f6r\u00fc\u015fd\u0259 h\u0259m d\u0259 diplomatik n\u00fcmay\u0259nd\u0259likl\u0259rin \u0259vv\u0259lki t\u0259rkibd\u0259 f\u0259aliyy\u0259t\u0259 ba\u015flamas\u0131 il\u0259 ba\u011fl\u0131 m\u00fczakir\u0259l\u0259r oldu. Bel\u0259 bir t\u0259\u0259ss\u00fcrat yarand\u0131 ki, Rusiya-Ukrayna m\u00fcharib\u0259sinin h\u0259lli siyasi g\u00fcnd\u0259liyin \u0259sas m\u0259s\u0259l\u0259si deyil. \u018fsas m\u0259qs\u0259d Rusiya-AB\u015e aras\u0131nda siyasi, iqtisadi m\u00fcnasib\u0259tl\u0259ri formala\u015fd\u0131rmaq, h\u0259tta h\u0259rbi sah\u0259d\u0259 \u0259m\u0259kda\u015fl\u0131q yaratmaqd\u0131r. H\u0259tta strateji silahlar\u0131n l\u0259\u011fvi il\u0259 ba\u011fl\u0131 da fikir m\u00fcbadil\u0259si apar\u0131lm\u0131\u015fd\u0131. Buna g\u00f6r\u0259 d\u0259 Rusiya X\u0130N r\u0259hb\u0259ri Sergey Lavrov v\u0259 Rusiya Prezidentinin k\u00f6m\u0259k\u00e7isi Yuri U\u015fakov g\u00f6r\u00fc\u015fd\u0259n raz\u0131 qalm\u0131\u015fd\u0131lar. \u00dcmumiyy\u0259tl\u0259, Tramp\u0131n ilk z\u0259ngi Moskvaya etm\u0259si Rusiya t\u0259r\u0259fini raz\u0131 sal\u0131b. Daha sonra Kiyev\u0259 z\u0259ng etdil\u0259r, bu is\u0259 Rusiyaya b\u00f6y\u00fck jestdir. Rusiya il\u0259 sanki qalib t\u0259r\u0259f kimi dan\u0131\u015f\u0131rlar\u201d.<\/p>\n<p><strong>\u00a0<\/strong><\/p>\n","protected":false},"excerpt":{"rendered":"<p>AB\u015e prezidenti Donald Tramp \u00f6t\u0259n g\u00fcn bildirib ki, Rusiyaya qar\u015f\u0131 sanksiyalar \u201cn\u0259 vaxtsa\u201d l\u0259\u011fv oluna bil\u0259r, lakin bunun vaxt\u0131 h\u0259l\u0259 \u00e7atmay\u0131b. \u201cD\u00fc\u015f\u00fcn\u00fcr\u0259m ki, bu, n\u0259 vaxtsa olacaq, amma indi biz sanksiyalar\u0131 l\u0259\u011fv etm\u0259k bar\u0259d\u0259 raz\u0131l\u0131\u011fa g\u0259lm\u0259mi\u015fik\u201d, &#8211; AB\u015e prezidenti bildirib. Sosial T\u0259dqiqatlar M\u0259rk\u0259zinin sektor m\u00fcdiri, politoloq \u0130lyas H\u00fcseynov Musavat.com-a a\u00e7\u0131qlamas\u0131nda xat\u0131rlad\u0131b ki, Donald Tramp h\u0259l\u0259 prezident se\u00e7ilm\u0259mi\u015fd\u0259n \u00f6nc\u0259 \u00f6z elektorat\u0131na s\u00f6z vermi\u015fdi ki, Rusiya-Ukrayna m\u00fcharib\u0259sini bir sutka \u0259rzind\u0259 dayand\u0131racaq. Politoloq vur\u011fulay\u0131b ki, inaqurasiyadan 1 ay ke\u00e7ib, amma m\u00fcharib\u0259 h\u0259l\u0259 d\u0259 davam edir: \u201cTramp v\u0259zif\u0259sinin icras\u0131na ba\u015flayan kimi bu m\u0259s\u0259l\u0259nin h\u0259llin\u0259&hellip;<\/p>\n","protected":false},"author":2,"featured_media":790277,"comment_status":"closed","ping_status":"closed","sticky":false,"template":"","format":"standard","meta":{"om_disable_all_campaigns":false,"_monsterinsights_skip_tracking":false,"_monsterinsights_sitenote_active":false,"_monsterinsights_sitenote_note":"","_monsterinsights_sitenote_category":0},"categories":[19],"tags":[],"aioseo_notices":[],"gutentor_comment":0,"rttpg_featured_image_url":{"full":["https:\/\/arantv.az\/wp-content\/uploads\/2025\/02\/22a72ac4c9ec033c27aee9888e3531ba.jpg",870,500,false],"landscape":["https:\/\/arantv.az\/wp-content\/uploads\/2025\/02\/22a72ac4c9ec033c27aee9888e3531ba.jpg",870,500,false],"portraits":["https:\/\/arantv.az\/wp-content\/uploads\/2025\/02\/22a72ac4c9ec033c27aee9888e3531ba.jpg",870,500,false],"thumbnail":["https:\/\/arantv.az\/wp-content\/uploads\/2025\/02\/22a72ac4c9ec033c27aee9888e3531ba-500x280.jpg",500,280,true],"medium":["https:\/\/arantv.az\/wp-content\/uploads\/2025\/02\/22a72ac4c9ec033c27aee9888e3531ba-635x365.jpg",635,365,true],"large":["https:\/\/arantv.az\/wp-content\/uploads\/2025\/02\/22a72ac4c9ec033c27aee9888e3531ba-840x483.jpg",640,368,true],"1536x1536":["https:\/\/arantv.az\/wp-content\/uploads\/2025\/02\/22a72ac4c9ec033c27aee9888e3531ba.jpg",870,500,false],"2048x2048":["https:\/\/arantv.az\/wp-content\/uploads\/2025\/02\/22a72ac4c9ec033c27aee9888e3531ba.jpg",870,500,false],"post-thumbnail":["https:\/\/arantv.az\/wp-content\/uploads\/2025\/02\/22a72ac4c9ec033c27aee9888e3531ba-240x172.jpg",240,172,true],"advps-thumb-one":["https:\/\/arantv.az\/wp-content\/uploads\/2025\/02\/22a72ac4c9ec033c27aee9888e3531ba.jpg",870,500,false]},"rttpg_author":{"display_name":"V\u00fcsal Rafiqo\u011flu","author_link":"https:\/\/arantv.az\/?author=2"},"rttpg_comment":0,"rttpg_category":"<a href=\"https:\/\/arantv.az\/?cat=19\" rel=\"category\">G\u00fcnd\u0259m<\/a>","rttpg_excerpt":"AB\u015e prezidenti Donald Tramp \u00f6t\u0259n g\u00fcn bildirib ki, Rusiyaya qar\u015f\u0131 sanksiyalar \u201cn\u0259 vaxtsa\u201d l\u0259\u011fv oluna bil\u0259r, lakin bunun vaxt\u0131 h\u0259l\u0259 \u00e7atmay\u0131b. \u201cD\u00fc\u015f\u00fcn\u00fcr\u0259m ki, bu, n\u0259 vaxtsa olacaq, amma indi biz sanksiyalar\u0131 l\u0259\u011fv etm\u0259k bar\u0259d\u0259 raz\u0131l\u0131\u011fa g\u0259lm\u0259mi\u015fik\u201d, &#8211; AB\u015e prezidenti bildirib. Sosial T\u0259dqiqatlar M\u0259rk\u0259zinin sektor m\u00fcdiri, politoloq \u0130lyas H\u00fcseynov Musavat.com-a a\u00e7\u0131qlamas\u0131nda xat\u0131rlad\u0131b ki, Donald Tramp h\u0259l\u0259&hellip;","_links":{"self":[{"href":"https:\/\/arantv.az\/index.php?rest_route=\/wp\/v2\/posts\/790276"}],"collection":[{"href":"https:\/\/arantv.az\/index.php?rest_route=\/wp\/v2\/posts"}],"about":[{"href":"https:\/\/arantv.az\/index.php?rest_route=\/wp\/v2\/types\/post"}],"author":[{"embeddable":true,"href":"https:\/\/arantv.az\/index.php?rest_route=\/wp\/v2\/users\/2"}],"replies":[{"embeddable":true,"href":"https:\/\/arantv.az\/index.php?rest_route=%2Fwp%2Fv2%2Fcomments&post=790276"}],"version-history":[{"count":2,"href":"https:\/\/arantv.az\/index.php?rest_route=\/wp\/v2\/posts\/790276\/revisions"}],"predecessor-version":[{"id":790279,"href":"https:\/\/arantv.az\/index.php?rest_route=\/wp\/v2\/posts\/790276\/revisions\/790279"}],"wp:featuredmedia":[{"embeddable":true,"href":"https:\/\/arantv.az\/index.php?rest_route=\/wp\/v2\/media\/790277"}],"wp:attachment":[{"href":"https:\/\/arantv.az\/index.php?rest_route=%2Fwp%2Fv2%2Fmedia&parent=790276"}],"wp:term":[{"taxonomy":"category","embeddable":true,"href":"https:\/\/arantv.az\/index.php?rest_route=%2Fwp%2Fv2%2Fcategories&post=790276"},{"taxonomy":"post_tag","embeddable":true,"href":"https:\/\/arantv.az\/index.php?rest_route=%2Fwp%2Fv2%2Ftags&post=790276"}],"curies":[{"name":"wp","href":"https:\/\/api.w.org\/{rel}","templated":true}]}}