{"id":790280,"date":"2025-02-26T17:42:42","date_gmt":"2025-02-26T13:42:42","guid":{"rendered":"https:\/\/arantv.az\/?p=790280"},"modified":"2025-02-26T17:42:42","modified_gmt":"2025-02-26T13:42:42","slug":"jurnalist-sahnaz-b%c9%99yl%c9%99rqizi-ev-dustaqligina-buraxildi-prezident%c9%99-v%c9%99-birinci-vitse-prezident%c9%99-t%c9%99s%c9%99kkur","status":"publish","type":"post","link":"https:\/\/arantv.az\/?p=790280","title":{"rendered":"Jurnalist \u015eahnaz B\u0259yl\u0259rqizi ev dustaql\u0131\u011f\u0131na burax\u0131ld\u0131 \u2014 Prezident\u0259 v\u0259 Birinci vitse-prezident\u0259 t\u0259\u015f\u0259kk\u00fcr"},"content":{"rendered":"<p><strong>X\u0259b\u0259r verdiyimiz kimi jurnalist \u015eahnaz B\u0259yl\u0259rq\u0131z\u0131 ev dustaql\u0131\u011f\u0131na burax\u0131l\u0131b.<\/strong><\/p>\n<p><strong>ARANTV.AZ\u00a0<\/strong> xat\u0131rlad\u0131r ki, daha \u00f6nc\u0259 H\u00fcquq-M\u00fcdafi\u0259 T\u0259\u015fkilatlar\u0131 Monitorinq qrupu \u00a0jurnalistin s\u0259hh\u0259tini n\u0259z\u0259r\u0259 alaraq onun ev dustaql\u0131\u011f\u0131na burax\u0131lmas\u0131 il\u0259 ba\u011fl\u0131 m\u00fcraci\u0259t etmi\u015fdi.<\/p>\n<p><strong>H\u00fcquq m\u00fcdafi\u0259\u00e7il\u0259rind\u0259n t\u0259\u015f\u0259kk\u00fcr<br data-start=\"361\" data-end=\"364\" \/><\/strong><br \/>\nH\u00fcquq-m\u00fcdafi\u0259 t\u0259\u015fkilatlar\u0131 bu humanist add\u0131ma g\u00f6r\u0259 Az\u0259rbaycan Prezidenti \u0130lham \u018fliyev\u0259 v\u0259 Birinci vitse-prezident Mehriban \u018fliyevaya d\u0259rin minn\u0259tdarl\u0131qlar\u0131n\u0131 ifad\u0259 edibl\u0259r.<\/p>\n<p data-start=\"540\" data-end=\"734\"><strong data-start=\"540\" data-end=\"597\">\u201cKonstruktiv dialoqa sadiqliyimizi davam etdir\u0259c\u0259yik\u201d<br data-start=\"597\" data-end=\"600\" \/><\/strong><br \/>\nMonitorinq Qrupu vur\u011fulay\u0131b ki, h\u0259r zaman konstruktiv dialoqun t\u0259r\u0259fdar\u0131 olub v\u0259 g\u0259l\u0259c\u0259k f\u0259aliyy\u0259tind\u0259 d\u0259 bu prinsip\u0259 sadiq qalacaq.<\/p>\n<p data-start=\"736\" data-end=\"975\" data-is-last-node=\"\" data-is-only-node=\"\">Onu da bildir\u0259k ki, \u015eahnaz B\u0259yl\u0259rqizinin ev dustaql\u0131\u011f\u0131na burax\u0131lmas\u0131 media v\u0259 h\u00fcquq-m\u00fcdafi\u0259 dair\u0259l\u0259rind\u0259 m\u00fcsb\u0259t qar\u015f\u0131lan\u0131b.<\/p>\n","protected":false},"excerpt":{"rendered":"<p>X\u0259b\u0259r verdiyimiz kimi jurnalist \u015eahnaz B\u0259yl\u0259rq\u0131z\u0131 ev dustaql\u0131\u011f\u0131na burax\u0131l\u0131b. ARANTV.AZ\u00a0 xat\u0131rlad\u0131r ki, daha \u00f6nc\u0259 H\u00fcquq-M\u00fcdafi\u0259 T\u0259\u015fkilatlar\u0131 Monitorinq qrupu \u00a0jurnalistin s\u0259hh\u0259tini n\u0259z\u0259r\u0259 alaraq onun ev dustaql\u0131\u011f\u0131na burax\u0131lmas\u0131 il\u0259 ba\u011fl\u0131 m\u00fcraci\u0259t etmi\u015fdi. H\u00fcquq m\u00fcdafi\u0259\u00e7il\u0259rind\u0259n t\u0259\u015f\u0259kk\u00fcr H\u00fcquq-m\u00fcdafi\u0259 t\u0259\u015fkilatlar\u0131 bu humanist add\u0131ma g\u00f6r\u0259 Az\u0259rbaycan Prezidenti \u0130lham \u018fliyev\u0259 v\u0259 Birinci vitse-prezident Mehriban \u018fliyevaya d\u0259rin minn\u0259tdarl\u0131qlar\u0131n\u0131 ifad\u0259 edibl\u0259r. \u201cKonstruktiv dialoqa sadiqliyimizi davam etdir\u0259c\u0259yik\u201d Monitorinq Qrupu vur\u011fulay\u0131b ki, h\u0259r zaman konstruktiv dialoqun t\u0259r\u0259fdar\u0131 olub v\u0259 g\u0259l\u0259c\u0259k f\u0259aliyy\u0259tind\u0259 d\u0259 bu prinsip\u0259 sadiq qalacaq. Onu da bildir\u0259k ki, \u015eahnaz B\u0259yl\u0259rqizinin ev dustaql\u0131\u011f\u0131na burax\u0131lmas\u0131 media v\u0259 h\u00fcquq-m\u00fcdafi\u0259 dair\u0259l\u0259rind\u0259 m\u00fcsb\u0259t qar\u015f\u0131lan\u0131b.<\/p>\n","protected":false},"author":2,"featured_media":790281,"comment_status":"closed","ping_status":"closed","sticky":false,"template":"","format":"standard","meta":{"om_disable_all_campaigns":false,"_monsterinsights_skip_tracking":false,"_monsterinsights_sitenote_active":false,"_monsterinsights_sitenote_note":"","_monsterinsights_sitenote_category":0},"categories":[4],"tags":[],"aioseo_notices":[],"gutentor_comment":0,"rttpg_featured_image_url":{"full":["https:\/\/arantv.az\/wp-content\/uploads\/2025\/02\/12d58d4ce2e956457a22e37bb023195c.jpg",870,500,false],"landscape":["https:\/\/arantv.az\/wp-content\/uploads\/2025\/02\/12d58d4ce2e956457a22e37bb023195c.jpg",870,500,false],"portraits":["https:\/\/arantv.az\/wp-content\/uploads\/2025\/02\/12d58d4ce2e956457a22e37bb023195c.jpg",870,500,false],"thumbnail":["https:\/\/arantv.az\/wp-content\/uploads\/2025\/02\/12d58d4ce2e956457a22e37bb023195c-500x280.jpg",500,280,true],"medium":["https:\/\/arantv.az\/wp-content\/uploads\/2025\/02\/12d58d4ce2e956457a22e37bb023195c-635x365.jpg",635,365,true],"large":["https:\/\/arantv.az\/wp-content\/uploads\/2025\/02\/12d58d4ce2e956457a22e37bb023195c-840x483.jpg",640,368,true],"1536x1536":["https:\/\/arantv.az\/wp-content\/uploads\/2025\/02\/12d58d4ce2e956457a22e37bb023195c.jpg",870,500,false],"2048x2048":["https:\/\/arantv.az\/wp-content\/uploads\/2025\/02\/12d58d4ce2e956457a22e37bb023195c.jpg",870,500,false],"post-thumbnail":["https:\/\/arantv.az\/wp-content\/uploads\/2025\/02\/12d58d4ce2e956457a22e37bb023195c-240x172.jpg",240,172,true],"advps-thumb-one":["https:\/\/arantv.az\/wp-content\/uploads\/2025\/02\/12d58d4ce2e956457a22e37bb023195c.jpg",870,500,false]},"rttpg_author":{"display_name":"V\u00fcsal Rafiqo\u011flu","author_link":"https:\/\/arantv.az\/?author=2"},"rttpg_comment":0,"rttpg_category":"<a href=\"https:\/\/arantv.az\/?cat=4\" rel=\"category\">Siyas\u0259t<\/a>","rttpg_excerpt":"X\u0259b\u0259r verdiyimiz kimi jurnalist \u015eahnaz B\u0259yl\u0259rq\u0131z\u0131 ev dustaql\u0131\u011f\u0131na burax\u0131l\u0131b. ARANTV.AZ\u00a0 xat\u0131rlad\u0131r ki, daha \u00f6nc\u0259 H\u00fcquq-M\u00fcdafi\u0259 T\u0259\u015fkilatlar\u0131 Monitorinq qrupu \u00a0jurnalistin s\u0259hh\u0259tini n\u0259z\u0259r\u0259 alaraq onun ev dustaql\u0131\u011f\u0131na burax\u0131lmas\u0131 il\u0259 ba\u011fl\u0131 m\u00fcraci\u0259t etmi\u015fdi. H\u00fcquq m\u00fcdafi\u0259\u00e7il\u0259rind\u0259n t\u0259\u015f\u0259kk\u00fcr H\u00fcquq-m\u00fcdafi\u0259 t\u0259\u015fkilatlar\u0131 bu humanist add\u0131ma g\u00f6r\u0259 Az\u0259rbaycan Prezidenti \u0130lham \u018fliyev\u0259 v\u0259 Birinci vitse-prezident Mehriban \u018fliyevaya d\u0259rin minn\u0259tdarl\u0131qlar\u0131n\u0131 ifad\u0259 edibl\u0259r. \u201cKonstruktiv dialoqa sadiqliyimizi&hellip;","_links":{"self":[{"href":"https:\/\/arantv.az\/index.php?rest_route=\/wp\/v2\/posts\/790280"}],"collection":[{"href":"https:\/\/arantv.az\/index.php?rest_route=\/wp\/v2\/posts"}],"about":[{"href":"https:\/\/arantv.az\/index.php?rest_route=\/wp\/v2\/types\/post"}],"author":[{"embeddable":true,"href":"https:\/\/arantv.az\/index.php?rest_route=\/wp\/v2\/users\/2"}],"replies":[{"embeddable":true,"href":"https:\/\/arantv.az\/index.php?rest_route=%2Fwp%2Fv2%2Fcomments&post=790280"}],"version-history":[{"count":1,"href":"https:\/\/arantv.az\/index.php?rest_route=\/wp\/v2\/posts\/790280\/revisions"}],"predecessor-version":[{"id":790282,"href":"https:\/\/arantv.az\/index.php?rest_route=\/wp\/v2\/posts\/790280\/revisions\/790282"}],"wp:featuredmedia":[{"embeddable":true,"href":"https:\/\/arantv.az\/index.php?rest_route=\/wp\/v2\/media\/790281"}],"wp:attachment":[{"href":"https:\/\/arantv.az\/index.php?rest_route=%2Fwp%2Fv2%2Fmedia&parent=790280"}],"wp:term":[{"taxonomy":"category","embeddable":true,"href":"https:\/\/arantv.az\/index.php?rest_route=%2Fwp%2Fv2%2Fcategories&post=790280"},{"taxonomy":"post_tag","embeddable":true,"href":"https:\/\/arantv.az\/index.php?rest_route=%2Fwp%2Fv2%2Ftags&post=790280"}],"curies":[{"name":"wp","href":"https:\/\/api.w.org\/{rel}","templated":true}]}}