{"id":790602,"date":"2025-02-28T08:04:17","date_gmt":"2025-02-28T04:04:17","guid":{"rendered":"https:\/\/arantv.az\/?p=790602"},"modified":"2025-02-28T08:04:17","modified_gmt":"2025-02-28T04:04:17","slug":"fevral-ayinin-son-gunund%c9%99-hava-nec%c9%99-olacaq","status":"publish","type":"post","link":"https:\/\/arantv.az\/?p=790602","title":{"rendered":"Fevral ay\u0131n\u0131n son g\u00fcn\u00fcnd\u0259 hava nec\u0259 olacaq?"},"content":{"rendered":"<p><strong>Bak\u0131da v\u0259 Ab\u015feron yar\u0131madas\u0131nda fevral\u0131n 28-d\u0259 hava \u015f\u0259raitinin d\u0259yi\u015fk\u0259n buludlu olaca\u011f\u0131, arabir tutulaca\u011f\u0131, \u0259sas\u0259n ya\u011fmursuz ke\u00e7\u0259c\u0259yi g\u00f6zl\u0259nilir.<\/strong><\/p>\n<p>Milli Hidrometeorologiya Xidm\u0259tind\u0259n<strong>\u00a0<a href=\"http:\/\/publika.az\/\" target=\"_blank\" rel=\"noopener\">Publika.az<\/a><\/strong>-a veril\u0259n m\u0259lumata g\u00f6r\u0259, s\u0259h\u0259rd\u0259n b\u0259zi yerl\u0259rd\u0259 arabir sulu qar, qar ya\u011faca\u011f\u0131 g\u00f6zl\u0259nilir.<\/p>\n<p>M\u00fclayim \u015fimal-q\u0259rb k\u00fcl\u0259yi g\u00fcnd\u00fcz yar\u0131madan\u0131n b\u0259zi yerl\u0259rind\u0259 arabir g\u00fccl\u0259n\u0259c\u0259k.<\/p>\n<p>Havan\u0131n temperaturu gec\u0259 1-4\u00b0 \u015faxta, g\u00fcnd\u00fcz 1\u00b0 \u015faxtadan 2\u00b0-d\u0259k isti olacaq. Atmosfer t\u0259zyiqi normadan y\u00fcks\u0259k 767 mm civ\u0259 s\u00fctunu olacaq. Nisbi r\u00fctub\u0259t 70-80 % olacaq.<\/p>\n<p>Gec\u0259 v\u0259 s\u0259h\u0259r b\u0259zi yollar buz ba\u011flayacaq.<\/p>\n<p>Az\u0259rbaycan\u0131n rayonlar\u0131nda havan\u0131n \u0259sas\u0259n ya\u011fmursuz ke\u00e7\u0259c\u0259yi, lakin b\u0259zi \u015f\u0259rq rayonlar\u0131nda arabir ya\u011f\u0131nt\u0131l\u0131 olaca\u011f\u0131, qar ya\u011faca\u011f\u0131 g\u00f6zl\u0259nilir. Ayr\u0131-ayr\u0131 yerl\u0259rd\u0259 intensiv olaca\u011f\u0131 ehtimal\u0131 var. B\u0259zi yerl\u0259rd\u0259 arabir duman olacaq. M\u00fclayim q\u0259rb k\u00fcl\u0259yi g\u00fcnd\u00fcz b\u0259zi yerl\u0259rd\u0259 arabir g\u00fccl\u0259n\u0259c\u0259k.<\/p>\n<p>Havan\u0131n temperaturu gec\u0259 1-6\u00b0 \u015faxta, g\u00fcnd\u00fcz 5-10\u00b0 isti, da\u011flarda gec\u0259 10-15\u00b0 \u015faxta, y\u00fcks\u0259k da\u011fl\u0131q \u0259razil\u0259rd\u0259 17-22\u00b0 \u015faxta, g\u00fcnd\u00fcz 0-5\u00b0 \u015faxta olacaq. B\u0259zi yollar buz ba\u011flayacaq.<\/p>\n","protected":false},"excerpt":{"rendered":"<p>Bak\u0131da v\u0259 Ab\u015feron yar\u0131madas\u0131nda fevral\u0131n 28-d\u0259 hava \u015f\u0259raitinin d\u0259yi\u015fk\u0259n buludlu olaca\u011f\u0131, arabir tutulaca\u011f\u0131, \u0259sas\u0259n ya\u011fmursuz ke\u00e7\u0259c\u0259yi g\u00f6zl\u0259nilir. Milli Hidrometeorologiya Xidm\u0259tind\u0259n\u00a0Publika.az-a veril\u0259n m\u0259lumata g\u00f6r\u0259, s\u0259h\u0259rd\u0259n b\u0259zi yerl\u0259rd\u0259 arabir sulu qar, qar ya\u011faca\u011f\u0131 g\u00f6zl\u0259nilir. M\u00fclayim \u015fimal-q\u0259rb k\u00fcl\u0259yi g\u00fcnd\u00fcz yar\u0131madan\u0131n b\u0259zi yerl\u0259rind\u0259 arabir g\u00fccl\u0259n\u0259c\u0259k. Havan\u0131n temperaturu gec\u0259 1-4\u00b0 \u015faxta, g\u00fcnd\u00fcz 1\u00b0 \u015faxtadan 2\u00b0-d\u0259k isti olacaq. Atmosfer t\u0259zyiqi normadan y\u00fcks\u0259k 767 mm civ\u0259 s\u00fctunu olacaq. Nisbi r\u00fctub\u0259t 70-80 % olacaq. Gec\u0259 v\u0259 s\u0259h\u0259r b\u0259zi yollar buz ba\u011flayacaq. Az\u0259rbaycan\u0131n rayonlar\u0131nda havan\u0131n \u0259sas\u0259n ya\u011fmursuz ke\u00e7\u0259c\u0259yi, lakin b\u0259zi \u015f\u0259rq rayonlar\u0131nda arabir ya\u011f\u0131nt\u0131l\u0131 olaca\u011f\u0131, qar ya\u011faca\u011f\u0131 g\u00f6zl\u0259nilir. Ayr\u0131-ayr\u0131&hellip;<\/p>\n","protected":false},"author":2,"featured_media":790603,"comment_status":"closed","ping_status":"closed","sticky":false,"template":"","format":"standard","meta":{"om_disable_all_campaigns":false,"_monsterinsights_skip_tracking":false,"_monsterinsights_sitenote_active":false,"_monsterinsights_sitenote_note":"","_monsterinsights_sitenote_category":0},"categories":[22],"tags":[],"aioseo_notices":[],"gutentor_comment":0,"rttpg_featured_image_url":{"full":["https:\/\/arantv.az\/wp-content\/uploads\/2025\/02\/hava-549x403-1.jpg",549,403,false],"landscape":["https:\/\/arantv.az\/wp-content\/uploads\/2025\/02\/hava-549x403-1.jpg",549,403,false],"portraits":["https:\/\/arantv.az\/wp-content\/uploads\/2025\/02\/hava-549x403-1.jpg",549,403,false],"thumbnail":["https:\/\/arantv.az\/wp-content\/uploads\/2025\/02\/hava-549x403-1-500x280.jpg",500,280,true],"medium":["https:\/\/arantv.az\/wp-content\/uploads\/2025\/02\/hava-549x403-1-497x365.jpg",497,365,true],"large":["https:\/\/arantv.az\/wp-content\/uploads\/2025\/02\/hava-549x403-1.jpg",549,403,false],"1536x1536":["https:\/\/arantv.az\/wp-content\/uploads\/2025\/02\/hava-549x403-1.jpg",549,403,false],"2048x2048":["https:\/\/arantv.az\/wp-content\/uploads\/2025\/02\/hava-549x403-1.jpg",549,403,false],"post-thumbnail":["https:\/\/arantv.az\/wp-content\/uploads\/2025\/02\/hava-549x403-1-240x172.jpg",240,172,true],"advps-thumb-one":["https:\/\/arantv.az\/wp-content\/uploads\/2025\/02\/hava-549x403-1.jpg",549,403,false]},"rttpg_author":{"display_name":"V\u00fcsal Rafiqo\u011flu","author_link":"https:\/\/arantv.az\/?author=2"},"rttpg_comment":0,"rttpg_category":"<a href=\"https:\/\/arantv.az\/?cat=22\" rel=\"category\">Hava<\/a>","rttpg_excerpt":"Bak\u0131da v\u0259 Ab\u015feron yar\u0131madas\u0131nda fevral\u0131n 28-d\u0259 hava \u015f\u0259raitinin d\u0259yi\u015fk\u0259n buludlu olaca\u011f\u0131, arabir tutulaca\u011f\u0131, \u0259sas\u0259n ya\u011fmursuz ke\u00e7\u0259c\u0259yi g\u00f6zl\u0259nilir. Milli Hidrometeorologiya Xidm\u0259tind\u0259n\u00a0Publika.az-a veril\u0259n m\u0259lumata g\u00f6r\u0259, s\u0259h\u0259rd\u0259n b\u0259zi yerl\u0259rd\u0259 arabir sulu qar, qar ya\u011faca\u011f\u0131 g\u00f6zl\u0259nilir. M\u00fclayim \u015fimal-q\u0259rb k\u00fcl\u0259yi g\u00fcnd\u00fcz yar\u0131madan\u0131n b\u0259zi yerl\u0259rind\u0259 arabir g\u00fccl\u0259n\u0259c\u0259k. Havan\u0131n temperaturu gec\u0259 1-4\u00b0 \u015faxta, g\u00fcnd\u00fcz 1\u00b0 \u015faxtadan 2\u00b0-d\u0259k isti olacaq. Atmosfer t\u0259zyiqi normadan&hellip;","_links":{"self":[{"href":"https:\/\/arantv.az\/index.php?rest_route=\/wp\/v2\/posts\/790602"}],"collection":[{"href":"https:\/\/arantv.az\/index.php?rest_route=\/wp\/v2\/posts"}],"about":[{"href":"https:\/\/arantv.az\/index.php?rest_route=\/wp\/v2\/types\/post"}],"author":[{"embeddable":true,"href":"https:\/\/arantv.az\/index.php?rest_route=\/wp\/v2\/users\/2"}],"replies":[{"embeddable":true,"href":"https:\/\/arantv.az\/index.php?rest_route=%2Fwp%2Fv2%2Fcomments&post=790602"}],"version-history":[{"count":1,"href":"https:\/\/arantv.az\/index.php?rest_route=\/wp\/v2\/posts\/790602\/revisions"}],"predecessor-version":[{"id":790604,"href":"https:\/\/arantv.az\/index.php?rest_route=\/wp\/v2\/posts\/790602\/revisions\/790604"}],"wp:featuredmedia":[{"embeddable":true,"href":"https:\/\/arantv.az\/index.php?rest_route=\/wp\/v2\/media\/790603"}],"wp:attachment":[{"href":"https:\/\/arantv.az\/index.php?rest_route=%2Fwp%2Fv2%2Fmedia&parent=790602"}],"wp:term":[{"taxonomy":"category","embeddable":true,"href":"https:\/\/arantv.az\/index.php?rest_route=%2Fwp%2Fv2%2Fcategories&post=790602"},{"taxonomy":"post_tag","embeddable":true,"href":"https:\/\/arantv.az\/index.php?rest_route=%2Fwp%2Fv2%2Ftags&post=790602"}],"curies":[{"name":"wp","href":"https:\/\/api.w.org\/{rel}","templated":true}]}}