{"id":790605,"date":"2025-02-28T08:05:19","date_gmt":"2025-02-28T04:05:19","guid":{"rendered":"https:\/\/arantv.az\/?p=790605"},"modified":"2025-02-28T08:05:19","modified_gmt":"2025-02-28T04:05:19","slug":"ramazan-ayinda-restoranlarda-qiym%c9%99tl%c9%99r-artacaq-aciqlama","status":"publish","type":"post","link":"https:\/\/arantv.az\/?p=790605","title":{"rendered":"Ramazan ay\u0131nda restoranlarda qiym\u0259tl\u0259r artacaq (A\u00c7IQLAMA)"},"content":{"rendered":"<p>Ramazan ay\u0131nda ia\u015f\u0259-restoran obyektl\u0259rind\u0259 qiym\u0259t art\u0131m\u0131 m\u00fc\u015fahid\u0259 olunacaq.<\/p>\n<p>Bu bar\u0259d\u0259 Qaynarinfo-ya a\u00e7\u0131qlamas\u0131nda iqtisad\u00e7\u0131 Xalid K\u0259rimli bildirib.<\/p>\n<p>Ekspertin s\u00f6zl\u0259rin\u0259 g\u00f6r\u0259, ia\u015f\u0259 obyektl\u0259ri ay boyu Ramazan paketl\u0259ri t\u0259klif ed\u0259c\u0259kl\u0259r:<\/p>\n<p>&#8220;Bu zaman qiym\u0259t art\u0131m\u0131 v\u0259 aktivliyi m\u00fc\u015fahid\u0259 olunacaq. Qiym\u0259tl\u0259r birinin cibin\u0259 uy\u011fun olacaq, birinin olmayacaq. Restoran sahibl\u0259ri t\u0259labat\u0131 g\u00f6r\u00fcr v\u0259 ona uy\u011fun t\u0259klifl\u0259r ver\u0259c\u0259kl\u0259r. Son ill\u0259rd\u0259 bu sah\u0259d\u0259 aktiv r\u0259qab\u0259t hiss olunmaqdad\u0131r&#8221;.<\/p>\n<p>Ekspertin fikirinc\u0259, b\u00fct\u00fcn bunlar ia\u015f\u0259 sektorunda aktivlik yaradacaq:<\/p>\n<p>&#8220;Amma ay boyunca bu art\u0131m\u0131n \u0259rzaq sektoruna h\u0259r hans\u0131 bir t\u0259siri olmayacaq. H\u0259r hans\u0131 bir \u0259rza\u011fa t\u0259labat art\u0131m\u0131ndan s\u00f6hb\u0259t ged\u0259 bilm\u0259z. \u0130nsanlar nec\u0259 qidalan\u0131rd\u0131sa el\u0259 d\u0259 davam ed\u0259c\u0259kl\u0259r&#8221;.<\/p>\n","protected":false},"excerpt":{"rendered":"<p>Ramazan ay\u0131nda ia\u015f\u0259-restoran obyektl\u0259rind\u0259 qiym\u0259t art\u0131m\u0131 m\u00fc\u015fahid\u0259 olunacaq. Bu bar\u0259d\u0259 Qaynarinfo-ya a\u00e7\u0131qlamas\u0131nda iqtisad\u00e7\u0131 Xalid K\u0259rimli bildirib. Ekspertin s\u00f6zl\u0259rin\u0259 g\u00f6r\u0259, ia\u015f\u0259 obyektl\u0259ri ay boyu Ramazan paketl\u0259ri t\u0259klif ed\u0259c\u0259kl\u0259r: &#8220;Bu zaman qiym\u0259t art\u0131m\u0131 v\u0259 aktivliyi m\u00fc\u015fahid\u0259 olunacaq. Qiym\u0259tl\u0259r birinin cibin\u0259 uy\u011fun olacaq, birinin olmayacaq. Restoran sahibl\u0259ri t\u0259labat\u0131 g\u00f6r\u00fcr v\u0259 ona uy\u011fun t\u0259klifl\u0259r ver\u0259c\u0259kl\u0259r. Son ill\u0259rd\u0259 bu sah\u0259d\u0259 aktiv r\u0259qab\u0259t hiss olunmaqdad\u0131r&#8221;. Ekspertin fikirinc\u0259, b\u00fct\u00fcn bunlar ia\u015f\u0259 sektorunda aktivlik yaradacaq: &#8220;Amma ay boyunca bu art\u0131m\u0131n \u0259rzaq sektoruna h\u0259r hans\u0131 bir t\u0259siri olmayacaq. H\u0259r hans\u0131 bir \u0259rza\u011fa t\u0259labat art\u0131m\u0131ndan s\u00f6hb\u0259t ged\u0259 bilm\u0259z. \u0130nsanlar nec\u0259&hellip;<\/p>\n","protected":false},"author":2,"featured_media":790606,"comment_status":"closed","ping_status":"closed","sticky":false,"template":"","format":"standard","meta":{"om_disable_all_campaigns":false,"_monsterinsights_skip_tracking":false,"_monsterinsights_sitenote_active":false,"_monsterinsights_sitenote_note":"","_monsterinsights_sitenote_category":0},"categories":[1],"tags":[],"aioseo_notices":[],"gutentor_comment":0,"rttpg_featured_image_url":{"full":["https:\/\/arantv.az\/wp-content\/uploads\/2025\/02\/ramazan_31740662209.jpg",649,365,false],"landscape":["https:\/\/arantv.az\/wp-content\/uploads\/2025\/02\/ramazan_31740662209.jpg",649,365,false],"portraits":["https:\/\/arantv.az\/wp-content\/uploads\/2025\/02\/ramazan_31740662209.jpg",649,365,false],"thumbnail":["https:\/\/arantv.az\/wp-content\/uploads\/2025\/02\/ramazan_31740662209-500x280.jpg",500,280,true],"medium":["https:\/\/arantv.az\/wp-content\/uploads\/2025\/02\/ramazan_31740662209.jpg",649,365,false],"large":["https:\/\/arantv.az\/wp-content\/uploads\/2025\/02\/ramazan_31740662209.jpg",640,360,false],"1536x1536":["https:\/\/arantv.az\/wp-content\/uploads\/2025\/02\/ramazan_31740662209.jpg",649,365,false],"2048x2048":["https:\/\/arantv.az\/wp-content\/uploads\/2025\/02\/ramazan_31740662209.jpg",649,365,false],"post-thumbnail":["https:\/\/arantv.az\/wp-content\/uploads\/2025\/02\/ramazan_31740662209-240x172.jpg",240,172,true],"advps-thumb-one":["https:\/\/arantv.az\/wp-content\/uploads\/2025\/02\/ramazan_31740662209.jpg",649,365,false]},"rttpg_author":{"display_name":"V\u00fcsal Rafiqo\u011flu","author_link":"https:\/\/arantv.az\/?author=2"},"rttpg_comment":0,"rttpg_category":"<a href=\"https:\/\/arantv.az\/?cat=1\" rel=\"category\">C\u0259miyy\u0259t<\/a>","rttpg_excerpt":"Ramazan ay\u0131nda ia\u015f\u0259-restoran obyektl\u0259rind\u0259 qiym\u0259t art\u0131m\u0131 m\u00fc\u015fahid\u0259 olunacaq. Bu bar\u0259d\u0259 Qaynarinfo-ya a\u00e7\u0131qlamas\u0131nda iqtisad\u00e7\u0131 Xalid K\u0259rimli bildirib. Ekspertin s\u00f6zl\u0259rin\u0259 g\u00f6r\u0259, ia\u015f\u0259 obyektl\u0259ri ay boyu Ramazan paketl\u0259ri t\u0259klif ed\u0259c\u0259kl\u0259r: &#8220;Bu zaman qiym\u0259t art\u0131m\u0131 v\u0259 aktivliyi m\u00fc\u015fahid\u0259 olunacaq. Qiym\u0259tl\u0259r birinin cibin\u0259 uy\u011fun olacaq, birinin olmayacaq. Restoran sahibl\u0259ri t\u0259labat\u0131 g\u00f6r\u00fcr v\u0259 ona uy\u011fun t\u0259klifl\u0259r ver\u0259c\u0259kl\u0259r. Son ill\u0259rd\u0259 bu sah\u0259d\u0259&hellip;","_links":{"self":[{"href":"https:\/\/arantv.az\/index.php?rest_route=\/wp\/v2\/posts\/790605"}],"collection":[{"href":"https:\/\/arantv.az\/index.php?rest_route=\/wp\/v2\/posts"}],"about":[{"href":"https:\/\/arantv.az\/index.php?rest_route=\/wp\/v2\/types\/post"}],"author":[{"embeddable":true,"href":"https:\/\/arantv.az\/index.php?rest_route=\/wp\/v2\/users\/2"}],"replies":[{"embeddable":true,"href":"https:\/\/arantv.az\/index.php?rest_route=%2Fwp%2Fv2%2Fcomments&post=790605"}],"version-history":[{"count":1,"href":"https:\/\/arantv.az\/index.php?rest_route=\/wp\/v2\/posts\/790605\/revisions"}],"predecessor-version":[{"id":790607,"href":"https:\/\/arantv.az\/index.php?rest_route=\/wp\/v2\/posts\/790605\/revisions\/790607"}],"wp:featuredmedia":[{"embeddable":true,"href":"https:\/\/arantv.az\/index.php?rest_route=\/wp\/v2\/media\/790606"}],"wp:attachment":[{"href":"https:\/\/arantv.az\/index.php?rest_route=%2Fwp%2Fv2%2Fmedia&parent=790605"}],"wp:term":[{"taxonomy":"category","embeddable":true,"href":"https:\/\/arantv.az\/index.php?rest_route=%2Fwp%2Fv2%2Fcategories&post=790605"},{"taxonomy":"post_tag","embeddable":true,"href":"https:\/\/arantv.az\/index.php?rest_route=%2Fwp%2Fv2%2Ftags&post=790605"}],"curies":[{"name":"wp","href":"https:\/\/api.w.org\/{rel}","templated":true}]}}