{"id":790614,"date":"2025-02-28T08:26:01","date_gmt":"2025-02-28T04:26:01","guid":{"rendered":"https:\/\/arantv.az\/?p=790614"},"modified":"2025-02-28T08:26:01","modified_gmt":"2025-02-28T04:26:01","slug":"son-d%c9%99qiq%c9%99-az%c9%99rbaycanda-z%c9%99lz%c9%99l%c9%99-oldu-12","status":"publish","type":"post","link":"https:\/\/arantv.az\/?p=790614","title":{"rendered":"SON D\u018fQ\u0130Q\u018f: Az\u0259rbaycanda Z\u018fLZ\u018fL\u018f oldu"},"content":{"rendered":"<p><strong>Fevral\u0131n 28-d\u0259 \u0130smay\u0131ll\u0131 rayonunda z\u0259lz\u0259l\u0259 qeyd\u0259 al\u0131n\u0131b.<\/strong><\/p>\n<p><strong>ARANTV.AZ <\/strong>\u00a0x\u0259b\u0259r verir ki, bu bar\u0259d\u0259 Az\u0259rbaycan Milli Elml\u0259r Akademiyas\u0131 n\u0259zdind\u0259 Respublika Seysmoloji Xidm\u0259t M\u0259rk\u0259zi m\u0259lumat yay\u0131b.<\/p>\n<p>Z\u0259lz\u0259l\u0259l\u0259rin T\u0259dqiqat\u0131 B\u00fcrosunun m\u0259lumat\u0131na \u0259sas\u0259n, \u0130smay\u0131ll\u0131 stansiyas\u0131ndan 46 km \u015fimal-\u015f\u0259rqd\u0259, \u0130smay\u0131ll\u0131 rayonunda z\u0259lz\u0259l\u0259 qeyd\u0259 al\u0131n\u0131b.<\/p>\n<p>Yerli vaxtla saat 07:49-da ba\u015f ver\u0259n yeralt\u0131 t\u0259kanlar\u0131n maqnitudas\u0131 3 olub. Z\u0259lz\u0259l\u0259 oca\u011f\u0131 Yerin 3 kilometr d\u0259rinliyind\u0259 yerl\u0259\u015fib. Z\u0259lz\u0259l\u0259 hiss olunmay\u0131b.<\/p>\n","protected":false},"excerpt":{"rendered":"<p>Fevral\u0131n 28-d\u0259 \u0130smay\u0131ll\u0131 rayonunda z\u0259lz\u0259l\u0259 qeyd\u0259 al\u0131n\u0131b. ARANTV.AZ \u00a0x\u0259b\u0259r verir ki, bu bar\u0259d\u0259 Az\u0259rbaycan Milli Elml\u0259r Akademiyas\u0131 n\u0259zdind\u0259 Respublika Seysmoloji Xidm\u0259t M\u0259rk\u0259zi m\u0259lumat yay\u0131b. Z\u0259lz\u0259l\u0259l\u0259rin T\u0259dqiqat\u0131 B\u00fcrosunun m\u0259lumat\u0131na \u0259sas\u0259n, \u0130smay\u0131ll\u0131 stansiyas\u0131ndan 46 km \u015fimal-\u015f\u0259rqd\u0259, \u0130smay\u0131ll\u0131 rayonunda z\u0259lz\u0259l\u0259 qeyd\u0259 al\u0131n\u0131b. Yerli vaxtla saat 07:49-da ba\u015f ver\u0259n yeralt\u0131 t\u0259kanlar\u0131n maqnitudas\u0131 3 olub. Z\u0259lz\u0259l\u0259 oca\u011f\u0131 Yerin 3 kilometr d\u0259rinliyind\u0259 yerl\u0259\u015fib. Z\u0259lz\u0259l\u0259 hiss olunmay\u0131b.<\/p>\n","protected":false},"author":2,"featured_media":790615,"comment_status":"closed","ping_status":"closed","sticky":false,"template":"","format":"standard","meta":{"om_disable_all_campaigns":false,"_monsterinsights_skip_tracking":false,"_monsterinsights_sitenote_active":false,"_monsterinsights_sitenote_note":"","_monsterinsights_sitenote_category":0},"categories":[5],"tags":[],"aioseo_notices":[],"gutentor_comment":0,"rttpg_featured_image_url":{"full":["https:\/\/arantv.az\/wp-content\/uploads\/2025\/02\/cc57c3bec0129c071fd678779f6ab0e7.jpg",620,413,false],"landscape":["https:\/\/arantv.az\/wp-content\/uploads\/2025\/02\/cc57c3bec0129c071fd678779f6ab0e7.jpg",620,413,false],"portraits":["https:\/\/arantv.az\/wp-content\/uploads\/2025\/02\/cc57c3bec0129c071fd678779f6ab0e7.jpg",620,413,false],"thumbnail":["https:\/\/arantv.az\/wp-content\/uploads\/2025\/02\/cc57c3bec0129c071fd678779f6ab0e7-500x280.jpg",500,280,true],"medium":["https:\/\/arantv.az\/wp-content\/uploads\/2025\/02\/cc57c3bec0129c071fd678779f6ab0e7-548x365.jpg",548,365,true],"large":["https:\/\/arantv.az\/wp-content\/uploads\/2025\/02\/cc57c3bec0129c071fd678779f6ab0e7.jpg",620,413,false],"1536x1536":["https:\/\/arantv.az\/wp-content\/uploads\/2025\/02\/cc57c3bec0129c071fd678779f6ab0e7.jpg",620,413,false],"2048x2048":["https:\/\/arantv.az\/wp-content\/uploads\/2025\/02\/cc57c3bec0129c071fd678779f6ab0e7.jpg",620,413,false],"post-thumbnail":["https:\/\/arantv.az\/wp-content\/uploads\/2025\/02\/cc57c3bec0129c071fd678779f6ab0e7-240x172.jpg",240,172,true],"advps-thumb-one":["https:\/\/arantv.az\/wp-content\/uploads\/2025\/02\/cc57c3bec0129c071fd678779f6ab0e7.jpg",620,413,false]},"rttpg_author":{"display_name":"V\u00fcsal Rafiqo\u011flu","author_link":"https:\/\/arantv.az\/?author=2"},"rttpg_comment":0,"rttpg_category":"<a href=\"https:\/\/arantv.az\/?cat=5\" rel=\"category\">Hadis\u0259<\/a>","rttpg_excerpt":"Fevral\u0131n 28-d\u0259 \u0130smay\u0131ll\u0131 rayonunda z\u0259lz\u0259l\u0259 qeyd\u0259 al\u0131n\u0131b. ARANTV.AZ \u00a0x\u0259b\u0259r verir ki, bu bar\u0259d\u0259 Az\u0259rbaycan Milli Elml\u0259r Akademiyas\u0131 n\u0259zdind\u0259 Respublika Seysmoloji Xidm\u0259t M\u0259rk\u0259zi m\u0259lumat yay\u0131b. Z\u0259lz\u0259l\u0259l\u0259rin T\u0259dqiqat\u0131 B\u00fcrosunun m\u0259lumat\u0131na \u0259sas\u0259n, \u0130smay\u0131ll\u0131 stansiyas\u0131ndan 46 km \u015fimal-\u015f\u0259rqd\u0259, \u0130smay\u0131ll\u0131 rayonunda z\u0259lz\u0259l\u0259 qeyd\u0259 al\u0131n\u0131b. Yerli vaxtla saat 07:49-da ba\u015f ver\u0259n yeralt\u0131 t\u0259kanlar\u0131n maqnitudas\u0131 3 olub. Z\u0259lz\u0259l\u0259 oca\u011f\u0131 Yerin 3 kilometr&hellip;","_links":{"self":[{"href":"https:\/\/arantv.az\/index.php?rest_route=\/wp\/v2\/posts\/790614"}],"collection":[{"href":"https:\/\/arantv.az\/index.php?rest_route=\/wp\/v2\/posts"}],"about":[{"href":"https:\/\/arantv.az\/index.php?rest_route=\/wp\/v2\/types\/post"}],"author":[{"embeddable":true,"href":"https:\/\/arantv.az\/index.php?rest_route=\/wp\/v2\/users\/2"}],"replies":[{"embeddable":true,"href":"https:\/\/arantv.az\/index.php?rest_route=%2Fwp%2Fv2%2Fcomments&post=790614"}],"version-history":[{"count":1,"href":"https:\/\/arantv.az\/index.php?rest_route=\/wp\/v2\/posts\/790614\/revisions"}],"predecessor-version":[{"id":790616,"href":"https:\/\/arantv.az\/index.php?rest_route=\/wp\/v2\/posts\/790614\/revisions\/790616"}],"wp:featuredmedia":[{"embeddable":true,"href":"https:\/\/arantv.az\/index.php?rest_route=\/wp\/v2\/media\/790615"}],"wp:attachment":[{"href":"https:\/\/arantv.az\/index.php?rest_route=%2Fwp%2Fv2%2Fmedia&parent=790614"}],"wp:term":[{"taxonomy":"category","embeddable":true,"href":"https:\/\/arantv.az\/index.php?rest_route=%2Fwp%2Fv2%2Fcategories&post=790614"},{"taxonomy":"post_tag","embeddable":true,"href":"https:\/\/arantv.az\/index.php?rest_route=%2Fwp%2Fv2%2Ftags&post=790614"}],"curies":[{"name":"wp","href":"https:\/\/api.w.org\/{rel}","templated":true}]}}