{"id":790617,"date":"2025-02-28T08:27:26","date_gmt":"2025-02-28T04:27:26","guid":{"rendered":"https:\/\/arantv.az\/?p=790617"},"modified":"2025-02-28T08:27:26","modified_gmt":"2025-02-28T04:27:26","slug":"sulh-muqavil%c9%99si-il%c9%99-bagli-top-pasinyanda","status":"publish","type":"post","link":"https:\/\/arantv.az\/?p=790617","title":{"rendered":"S\u00fclh m\u00fcqavil\u0259si il\u0259 ba\u011fl\u0131 \u201ctop\u201d Pa\u015finyanda"},"content":{"rendered":"<p><strong>Erm\u0259nistan\u0131n h\u00f6kum\u0259t ba\u015f\u00e7\u0131s\u0131 n\u00f6vb\u0259ti d\u0259f\u0259 \u201cval\u201d\u0131 d\u0259yi\u015fdi, s\u00fclh na\u011f\u0131llar\u0131na ba\u015flad\u0131; STM-in icra\u00e7\u0131 direktoru: \u201cBizim t\u0259l\u0259b odur ki&#8230;\u201d<\/strong><\/p>\n<p><em>\u0130r\u0259van s\u00fclh m\u00fcqavil\u0259si il\u0259 ba\u011fl\u0131 Az\u0259rbaycan\u0131n cavab\u0131n\u0131 al\u0131b, dig\u0259r sah\u0259l\u0259rd\u0259 &#8211; kommunikasiyalar\u0131n a\u00e7\u0131lmas\u0131, silahlar\u0131n qar\u015f\u0131l\u0131ql\u0131 n\u0259zar\u0259ti v\u0259 yoxlan\u0131lmas\u0131 mexanizmi &#8211; h\u0259l\u0259 d\u0259 cavabs\u0131z qal\u0131b. \u201cYeni M\u00fcsavat\u201d bildirir ki, bunu Erm\u0259nistan\u0131n Xarici \u0130\u015fl\u0259r Nazirliyinin m\u0259tbuat katibi Ani Badalyan deyib.<\/em><\/p>\n<p>Qeyd ed\u0259k ki, Az\u0259rbaycan 2024-c\u00fc ilin noyabr\u0131nda s\u00fclh m\u00fcqavil\u0259sinin m\u0259tnin\u0259 dair 11-ci t\u0259klifl\u0259r paketini Erm\u0259nistana g\u00f6nd\u0259rib. \u201cErm\u0259nistan\u0131n konstitusiyaya d\u00fcz\u0259li\u015fl\u0259r vasit\u0259sil\u0259 Az\u0259rbaycana qar\u015f\u0131 \u0259razi iddialar\u0131ndan qanuni \u015f\u0259kild\u0259 imtina etm\u0259kl\u0259 normalla\u015fma prosesind\u0259 \u0259sas mane\u0259ni aradan qald\u0131raca\u011f\u0131n\u0131 g\u00f6zl\u0259yirik. \u00d6t\u0259n il \u0259rzind\u0259 Az\u0259rbaycan v\u0259 Erm\u0259nistan birba\u015fa ikit\u0259r\u0259fli m\u00fczakir\u0259l\u0259r yolu il\u0259, x\u00fcsusil\u0259 ikit\u0259r\u0259fli s\u00fclh sazi\u015finin haz\u0131rlanmas\u0131, d\u00f6vl\u0259t s\u0259rh\u0259dinin delimitasiyas\u0131 v\u0259 demarkasiyas\u0131 istiqam\u0259ti daxil olmaqla, normalla\u015fma prosesind\u0259 \u0259h\u0259miyy\u0259tli ir\u0259lil\u0259yi\u015f \u0259ld\u0259 edibl\u0259r\u201d. Bu s\u00f6zl\u0259ri Az\u0259rbaycan xarici i\u015fl\u0259r nazirinin m\u00fcavini Elnur M\u0259mm\u0259dov Cenevr\u0259d\u0259 \u0130nsan H\u00fcquqlar\u0131 \u015euras\u0131n\u0131n 56-c\u0131 Sessiyas\u0131n\u0131n Y\u00fcks\u0259k S\u0259viyy\u0259li \u0130clas\u0131nda deyib. E.M\u0259mm\u0259dov vur\u011fulay\u0131b ki, dig\u0259r bir m\u00fch\u00fcm m\u0259s\u0259l\u0259 is\u0259 m\u00fcnaqi\u015f\u0259nin ilk ill\u0259rind\u0259 Erm\u0259nistandan qovulmu\u015f 250 mind\u0259n \u00e7ox az\u0259rbaycanl\u0131n\u0131n t\u0259hl\u00fck\u0259siz v\u0259 l\u0259yaq\u0259tli \u015f\u0259kild\u0259 geri qay\u0131tmas\u0131n\u0131 t\u0259min etm\u0259kdir: \u201cOnlar beyn\u0259lxalq insan h\u00fcquqlar\u0131 h\u00fcququnun a\u00e7\u0131q-a\u015fkar pozulmas\u0131 il\u0259 \u00f6z ata-baba yurdlar\u0131ndan m\u0259hrum qal\u0131blar. Bir vaxtlar Erm\u0259nistanda \u0259n b\u00f6y\u00fck milli azl\u0131\u011f\u0131 t\u0259\u015fkil ed\u0259n Q\u0259rbi Az\u0259rbaycan \u0130cmas\u0131n\u0131n onlar\u0131n dinc qay\u0131d\u0131\u015f\u0131n\u0131n asanla\u015fd\u0131rmaqla ba\u011fl\u0131 dialoqa ba\u015flamaq \u00e7a\u011f\u0131r\u0131\u015flar\u0131na yen\u0259 d\u0259 m\u0259h\u0259l qoyulmur v\u0259 bu s\u0259yl\u0259r Erm\u0259nistan h\u00f6kum\u0259ti t\u0259r\u0259find\u0259n Az\u0259rbaycan\u0131n \u0259razi iddias\u0131 kimi q\u0259sd\u0259n yanl\u0131\u015f \u015f\u0259rh edilir. Bu, BMT-nin m\u00fcvafiq mexanizml\u0259ri t\u0259r\u0259find\u0259n laz\u0131mi qaydada n\u0259z\u0259rd\u0259n ke\u00e7irilm\u0259li olan bizi narahat ed\u0259n m\u0259s\u0259l\u0259dir\u201d.<\/p>\n<p><strong>Bel\u0259likl\u0259, nazir m\u00fcavininin r\u0259smi Bak\u0131n\u0131n g\u00f6zl\u0259ntil\u0259ri il\u0259 ba\u011fl\u0131 dedikl\u0259rind\u0259n bel\u0259 q\u0259na\u0259t\u0259 g\u0259lm\u0259k olar ki, Az\u0259rbaycan\u0131n \u0259sas t\u0259l\u0259bi g\u00fcnd\u0259md\u0259 qal\u0131r.<\/strong><\/p>\n<p>Erm\u0259nistan\u0131n ba\u015f naziri Nikol Pa\u015finyan is\u0259 jurnalistl\u0259r\u0259 a\u00e7\u0131qlamas\u0131nda deyib ki, s\u00fclh m\u00fcqavil\u0259sinin iki b\u0259ndi h\u0259l\u0259 d\u0259 raz\u0131la\u015fd\u0131r\u0131lmay\u0131b. H\u00f6kum\u0259t ba\u015f\u00e7\u0131s\u0131 bildirib ki, \u0130r\u0259van sazi\u015f layih\u0259si il\u0259 ba\u011fl\u0131 Bak\u0131dan cavab al\u0131b. \u201cBu, art\u0131q s\u00fclh m\u00fcqavil\u0259sin\u0259 12-ci d\u00fcz\u0259li\u015fdir. S\u0259n\u0259d Az\u0259rbaycan\u0131n bizim \u0259vv\u0259lki t\u0259klifl\u0259rimiz\u0259 m\u00fcnasib\u0259tini \u0259ks etdirir. Haz\u0131rda cavab t\u0259\u015f\u0259bb\u00fcsl\u0259rini formala\u015fd\u0131rmaq \u00fc\u00e7\u00fcn onun t\u0259hlilini apar\u0131r\u0131q\u201d &#8211; Pa\u015finyan qeyd edib. Onun s\u00f6zl\u0259rin\u0259 g\u00f6r\u0259, t\u0259r\u0259fl\u0259r s\u0259rh\u0259dd\u0259 avropal\u0131 m\u00fc\u015fahid\u0259\u00e7il\u0259rin yerl\u0259\u015fdirilm\u0259si m\u0259s\u0259l\u0259sind\u0259 raz\u0131l\u0131\u011fa g\u0259l\u0259 bilm\u0259yib v\u0259 Bak\u0131 h\u0259l\u0259 ki \u0130r\u0259van\u0131n kommunikasiyalar\u0131n a\u00e7\u0131lmas\u0131 t\u0259klifin\u0259 r\u0259smi cavab verm\u0259yib. \u201cBiz \u00f6z t\u0259klifl\u0259rimizi t\u0259qdim etmi\u015fik v\u0259 Az\u0259rbaycandan m\u00fcsb\u0259t cavab alaca\u011f\u0131m\u0131za \u00fcmid edirik. S\u00f6hb\u0259t iki \u00f6lk\u0259 aras\u0131nda d\u0259mir yolu \u0259laq\u0259sinin b\u0259rpas\u0131ndan, o c\u00fcml\u0259d\u0259n Az\u0259rbaycan\u0131n q\u0259rb rayonlar\u0131ndan Erm\u0259nistan\u0131n suveren \u0259razisind\u0259n ke\u00e7m\u0259kl\u0259 Nax\u00e7\u0131vana y\u00fckl\u0259rin tranzitind\u0259n gedir. \u00d6z n\u00f6vb\u0259sind\u0259, Erm\u0259nistan Yerasx-Mehri (Arazd\u0259y\u0259n-Mehri-red.) mar\u015frutu \u00fczr\u0259 d\u0259mir yolu \u0259laq\u0259si imkan\u0131 \u0259ld\u0259 ed\u0259c\u0259k\u201d, &#8211; Pa\u015finyan \u0259lav\u0259 edib.<\/p>\n<p><strong>G\u00f6r\u00fcnd\u00fcy\u00fc kimi, Erm\u0259nistan r\u0259hb\u0259rliyi vaxta\u015f\u0131r\u0131 \u201cval\u201d\u0131 d\u0259yi\u015fm\u0259kd\u0259dir. M\u00f6vcud prosesl\u0259r perspektiv \u00fc\u00e7\u00fcn hans\u0131 q\u0259na\u0259ti yarad\u0131r? Ekspertl\u0259rin m\u00f6vzumuzla ba\u011fl\u0131 maraql\u0131 fikirl\u0259ri var.<\/strong><\/p>\n<p><strong><img src=\"https:\/\/cdnn1.img.sputnik.az\/img\/40333\/55\/403335501_301:0:1501:1200_1400x0_80_0_0_1d1b155f602e79ccdc92ec93cac11693.jpg\" alt=\"Sahib M\u0259mm\u0259dov: \u201cAz\u0259rbaycanda \u018fm\u0259k M\u0259c\u0259ll\u0259si yenid\u0259n yaz\u0131lmal\u0131d\u0131r\u201d -  12.06.2018, Sputnik Az\u0259rbaycan\" \/><\/strong><\/p>\n<p><strong>Sahib M\u0259mm\u0259dov<\/strong><\/p>\n<p>Sosial T\u0259dqiqatlar M\u0259rk\u0259zinin icra\u00e7\u0131 direktoru, h\u00fcquq\u015f\u00fcnas\u00a0 Sahib M\u0259mm\u0259dov \u201cYeni M\u00fcsavat\u201da bildirdi ki, Az\u0259rbaycan\u0131n s\u00fclh dan\u0131\u015f\u0131qlar\u0131 v\u0259 s\u00fclh m\u00fcqavil\u0259sinin m\u0259tni il\u0259 ba\u011fl\u0131 m\u00f6vqel\u0259ri tam ayd\u0131nd\u0131r v\u0259 bu m\u00f6vqe d\u0259f\u0259l\u0259rl\u0259 a\u00e7\u0131qlan\u0131b: \u201cAz\u0259rbaycan\u0131n t\u0259klifl\u0259ri v\u0259 ya \u015f\u0259rtl\u0259ri Erm\u0259nistan\u0131n suveren h\u00fcquqlar\u0131na x\u0259l\u0259l g\u0259tirmir, \u0259ksin\u0259, onu m\u00f6hk\u0259ml\u0259ndirir. Bel\u0259 ki, s\u00fclh m\u00fcqavil\u0259si ba\u011flad\u0131\u011f\u0131 halda t\u0259r\u0259fl\u0259r beyn\u0259lxalq h\u00fcququn \u0259sas prinsipl\u0259rini, o c\u00fcml\u0259d\u0259n \u0259razi b\u00fct\u00f6vl\u00fcy\u00fcn\u00fcn qar\u015f\u0131l\u0131ql\u0131 sur\u0259td\u0259 tan\u0131nmas\u0131n\u0131, s\u0259rh\u0259dl\u0259rin toxunulmazl\u0131\u011f\u0131n\u0131, h\u00fccum etm\u0259m\u0259kl\u0259 ba\u011fl\u0131 qar\u015f\u0131l\u0131ql\u0131 \u00f6hd\u0259likl\u0259ri v\u0259 s. q\u0259bul etmi\u015f olurlar\u201d.<\/p>\n<p><strong>S.M\u0259mm\u0259dov hesab edir ki, s\u00fclh m\u00fcqavil\u0259sinin h\u0259r iki t\u0259r\u0259fin konstitusiyas\u0131na uy\u011fun olmas\u0131 da \u00e7ox vacibdir:<\/strong>\u00a0\u201c\u00c7\u00fcnki m\u00fcqavil\u0259d\u0259 konstitusiyaya zidd olan h\u0259r hans\u0131 m\u00fcdd\u0259a, h\u0259min m\u00fcqavil\u0259nin t\u0259r\u0259fl\u0259rin biri t\u0259r\u0259find\u0259n etibars\u0131z olunmas\u0131na v\u0259 l\u0259\u011fvin\u0259 g\u0259tir\u0259 bil\u0259r. T\u0259klif olunan layih\u0259l\u0259rd\u0259 Az\u0259rbaycan Konstitusiyas\u0131na zidd olan he\u00e7 bir m\u00fcdd\u0259a yoxdur. Erm\u0259nistan bar\u0259d\u0259 is\u0259 bunu dem\u0259k m\u00fcmk\u00fcn deyil. Erm\u0259nistan\u0131n m\u00fcst\u0259qillik akt\u0131nda v\u0259 konstitusiyas\u0131n\u0131n preambulas\u0131nda Az\u0259rbaycan\u0131n konkret \u0259razil\u0259rin\u0259 iddialar yer al\u0131b. Bu bax\u0131mdan bizim t\u0259l\u0259b odur ki, konstitusiyaya d\u0259yi\u015fiklik olmal\u0131d\u0131r. \u018fks halda, s\u00fclh m\u00fcqavil\u0259si Erm\u0259nistan \u00fc\u00e7\u00fcn legitim s\u0259n\u0259d olmayacaq v\u0259 ist\u0259dikl\u0259ri vaxt Konstitusiya M\u0259hk\u0259m\u0259si onun b\u0259zi m\u00fcdd\u0259alar\u0131n\u0131n konstitusiya il\u0259 uy\u011fun olmamas\u0131n\u0131 \u0259sas g\u00f6t\u00fcr\u00fcb l\u0259\u011fv ed\u0259c\u0259k\u201d.<\/p>\n<p><strong>H\u00fcquq\u015f\u00fcnas\u0131n s\u00f6zl\u0259rin\u0259 g\u00f6r\u0259, bu s\u0259b\u0259bd\u0259n d\u0259 Az\u0259rbaycan t\u0259r\u0259fi d\u0259f\u0259l\u0259rl\u0259 b\u0259yan edib ki, Az\u0259rbaycan d\u00f6vl\u0259ti Pa\u015finyanla deyil, Erm\u0259nistanla m\u00fcqavil\u0259 ba\u011flamal\u0131d\u0131r:<\/strong>\u00a0\u201cPa\u015finyan hakimiyy\u0259td\u0259n getdikd\u0259n sonra hakimiyy\u0259t\u0259 g\u0259l\u0259n ist\u0259nil\u0259n q\u00fcvv\u0259 bu halda s\u00fclh m\u00fcqavil\u0259sini \u015f\u00fcbh\u0259 alt\u0131na alacaq. Ona g\u00f6r\u0259 konstitusiyaya d\u0259yi\u015fiklik Az\u0259rbaycan t\u0259r\u0259fi \u00fc\u00e7\u00fcn prinsipial m\u0259s\u0259l\u0259dir. Son deportasiya zaman\u0131 Erm\u0259nistandan zorak\u0131 yolla qovulmu\u015f insanlar\u0131n \u00f6z tarixi v\u0259t\u0259nl\u0259rin\u0259 dinc yolla qay\u0131tmaq haqq\u0131 da Az\u0259rbaycan d\u00f6vl\u0259tinin diqq\u0259t m\u0259rk\u0259zind\u0259 olan m\u0259s\u0259l\u0259dir. Burada h\u0259lli vacib olan \u00e7ox m\u0259s\u0259l\u0259l\u0259r var. Erm\u0259nistan bununla ba\u011fl\u0131 ayd\u0131n h\u00fcquqi mexanizml\u0259r yaratmal\u0131d\u0131r. G\u00f6r\u00fcn\u0259n budur ki, Erm\u0259nistan verdiyi b\u0259yanatlara r\u0259\u011fm\u0259n, bu \u015f\u0259rtl\u0259rin he\u00e7 birin\u0259 haz\u0131r deyil\u201d.<\/p>\n<p><img loading=\"lazy\" src=\"https:\/\/hurriyyet.az\/frontend\/uploads\/miles\/mehemmed%20esedullazadeee.jpg\" alt=\"Art\u0131q Tehranda s\u0259firliyimizin a\u00e7\u0131lmas\u0131 g\u00f6zl\u0259nilmir&quot; - M\u018fH\u018fMM\u018fD \u018fS\u018fDULLAZAD\u018f\" width=\"820\" height=\"523\" \/><\/p>\n<p><strong>M\u0259h\u0259mm\u0259d \u018fs\u0259dullazad\u0259<\/strong><\/p>\n<p><strong>Politoloq M\u0259h\u0259mm\u0259d \u018fs\u0259dullazad\u0259 is\u0259 \u00f6z n\u00f6vb\u0259sind\u0259 qeyd etdi ki, Erm\u0259nistanla Az\u0259rbaycan aras\u0131nda s\u00fclh m\u00fcqavil\u0259sinin 17 b\u0259ndinin 15-i raz\u0131la\u015fd\u0131r\u0131l\u0131b:<\/strong>\u00a0\u201cErm\u0259nistan r\u0259hb\u0259rliyinin bir ne\u00e7\u0259 \u015f\u0259rti s\u00fclh\u00fcn gecikdirilm\u0259sin\u0259 g\u0259tirib \u00e7\u0131xar\u0131r. Birinci, Erm\u0259nistan t\u0259r\u0259finin qar\u015f\u0131l\u0131ql\u0131 silahlara n\u0259zar\u0259t mexanizmini t\u0259klif etm\u0259si q\u0259buledilm\u0259zdir. \u0130kincisi, Avropa \u0130ttifaq\u0131n\u0131n yar\u0131mh\u0259rbi m\u00fclki missiyas\u0131n\u0131n s\u0259rh\u0259dd\u0259n mandat\u0131n\u0131 iki il uzatmas\u0131. \u00dc\u00e7\u00fcnc\u00fc, Z\u0259ng\u0259zur d\u0259hlizinin statusunun \u0130randan ke\u00e7\u0259c\u0259k yol statusunda olmas\u0131n\u0131. Halbuki Az\u0259rbaycan Nax\u00e7\u0131vana mane\u0259siz gedi\u015f-g\u0259li\u015fin t\u0259min olunmas\u0131n\u0131 t\u0259l\u0259b edir. Az\u0259rbaycan\u0131n t\u0259klifl\u0259ri m\u0259qbuldur v\u0259 beyn\u0259lxalq h\u00fcquqa s\u00f6yk\u0259nir\u201d. M.\u018fs\u0259dullazad\u0259 qeyd etdi ki, Az\u0259rbaycan qalib oldu\u011fu halda, m\u0259\u011flub \u00f6lk\u0259 Erm\u0259nistanla g\u00fcc dili il\u0259 dan\u0131\u015fm\u0131r: \u201cHaz\u0131rda beyn\u0259lxalq m\u00fcst\u0259vid\u0259 g\u00fcc h\u00fcquqdan \u00f6nd\u0259 gedir. Nikol Pa\u015finyan is\u0259 s\u00fclh\u00fc gecikdirir. Guya m\u0259qs\u0259d konstitusiya d\u0259yi\u015fikliyin\u0259 gedib, se\u00e7kil\u0259rd\u0259n sonra s\u00fclh m\u00fcqavil\u0259sini imzalamaqd\u0131r. Amma Erm\u0259nistan silahlan\u0131r. \u0130ndiki halda d\u00fc\u015f\u00fcnm\u00fcr\u0259m ki, Erm\u0259nistan h\u0259rbi t\u0259xribatlara c\u0259sar\u0259t etsin. \u00c7\u00fcnki regional \u015f\u0259rtl\u0259r bu \u00f6lk\u0259nin ist\u0259kl\u0259rinin \u0259leyhin\u0259dir. AB\u015e v\u0259 Avropa \u0130ttifaq\u0131 Rusiya v\u0259 Ukrayna m\u0259s\u0259l\u0259si il\u0259 m\u0259\u015f\u011ful olur. Erm\u0259nistan Q\u0259rb \u00fc\u00e7\u00fcn prioritet deyil. Ona g\u00f6r\u0259 d\u0259 Az\u0259rbaycan\u0131n cavab add\u0131mlar\u0131 Pa\u015finyan\u0131n m\u00f6vqeyini z\u0259ifl\u0259d\u0259r. Bundan sonra is\u0259 xalq se\u00e7kid\u0259 ona etimad etm\u0259z. Fransa v\u0259 bir ne\u00e7\u0259 \u00f6lk\u0259 silahlar verm\u0259kl\u0259 s\u00fclh\u00fcn imzalanmas\u0131nda maraql\u0131 olmad\u0131qlar\u0131n\u0131 n\u00fcmayi\u015f etdirirl\u0259r. Nikol Pa\u015finyan\u0131n \u00f6lk\u0259sini xilas etm\u0259k \u00fc\u00e7\u00fcn yol var. O, m\u00fcst\u0259qil siyas\u0259t ortaya qoyub, avant\u00fcraya getm\u0259y\u0259 bil\u0259r. \u00c7\u00fcnki Qaraba\u011f m\u0259s\u0259l\u0259si onlar \u00fc\u00e7\u00fcn avant\u00fcra idi. Sonu Erm\u0259nistan \u00fc\u00e7\u00fcn qanl\u0131 v\u0259 biab\u0131r\u00e7\u0131 oldu. \u018fg\u0259r yenid\u0259n ba\u015f qald\u0131rsalar, Az\u0259rbaycan Z\u0259ng\u0259zur d\u0259hlizini g\u00fcc yolu il\u0259 a\u00e7a bil\u0259r. Bundan \u0259lav\u0259, Erm\u0259nistan konstitusiya d\u0259yi\u015fikliyin\u0259 gedir. \u00c7\u00fcnki Nikol Pa\u015finyan bu konstitusiyan\u0131n m\u00fcasir \u00e7a\u011f\u0131r\u0131\u015flara cavab verm\u0259diyini, \u00f6lk\u0259sini inki\u015fafdan saxlad\u0131\u011f\u0131n\u0131 etiraf edib\u201d. \u00dcmumi g\u00f6t\u00fcr\u0259nd\u0259 ekspert hesab edir ki, bu il Erm\u0259nistanla s\u00fclh m\u00fcqavil\u0259si ba\u011flanmas\u0131 g\u00f6zl\u0259nilmir: \u201cDan\u0131\u015f\u0131qlar davam ed\u0259c\u0259k. N\u0259tic\u0259d\u0259 Erm\u0259nistan Z\u0259ng\u0259zur d\u0259hlizinin mane\u0259siz gedi\u015f-g\u0259li\u015fin\u0259 raz\u0131 olacaq\u201d.<\/p>\n","protected":false},"excerpt":{"rendered":"<p>Erm\u0259nistan\u0131n h\u00f6kum\u0259t ba\u015f\u00e7\u0131s\u0131 n\u00f6vb\u0259ti d\u0259f\u0259 \u201cval\u201d\u0131 d\u0259yi\u015fdi, s\u00fclh na\u011f\u0131llar\u0131na ba\u015flad\u0131; STM-in icra\u00e7\u0131 direktoru: \u201cBizim t\u0259l\u0259b odur ki&#8230;\u201d \u0130r\u0259van s\u00fclh m\u00fcqavil\u0259si il\u0259 ba\u011fl\u0131 Az\u0259rbaycan\u0131n cavab\u0131n\u0131 al\u0131b, dig\u0259r sah\u0259l\u0259rd\u0259 &#8211; kommunikasiyalar\u0131n a\u00e7\u0131lmas\u0131, silahlar\u0131n qar\u015f\u0131l\u0131ql\u0131 n\u0259zar\u0259ti v\u0259 yoxlan\u0131lmas\u0131 mexanizmi &#8211; h\u0259l\u0259 d\u0259 cavabs\u0131z qal\u0131b. \u201cYeni M\u00fcsavat\u201d bildirir ki, bunu Erm\u0259nistan\u0131n Xarici \u0130\u015fl\u0259r Nazirliyinin m\u0259tbuat katibi Ani Badalyan deyib. Qeyd ed\u0259k ki, Az\u0259rbaycan 2024-c\u00fc ilin noyabr\u0131nda s\u00fclh m\u00fcqavil\u0259sinin m\u0259tnin\u0259 dair 11-ci t\u0259klifl\u0259r paketini Erm\u0259nistana g\u00f6nd\u0259rib. \u201cErm\u0259nistan\u0131n konstitusiyaya d\u00fcz\u0259li\u015fl\u0259r vasit\u0259sil\u0259 Az\u0259rbaycana qar\u015f\u0131 \u0259razi iddialar\u0131ndan qanuni \u015f\u0259kild\u0259 imtina etm\u0259kl\u0259 normalla\u015fma prosesind\u0259 \u0259sas mane\u0259ni aradan qald\u0131raca\u011f\u0131n\u0131 g\u00f6zl\u0259yirik.&hellip;<\/p>\n","protected":false},"author":2,"featured_media":790618,"comment_status":"closed","ping_status":"closed","sticky":false,"template":"","format":"standard","meta":{"om_disable_all_campaigns":false,"_monsterinsights_skip_tracking":false,"_monsterinsights_sitenote_active":false,"_monsterinsights_sitenote_note":"","_monsterinsights_sitenote_category":0},"categories":[4],"tags":[],"aioseo_notices":[],"gutentor_comment":0,"rttpg_featured_image_url":{"full":["https:\/\/arantv.az\/wp-content\/uploads\/2025\/02\/daf6202745e93bc8b491ff58562bb469.jpg",750,500,false],"landscape":["https:\/\/arantv.az\/wp-content\/uploads\/2025\/02\/daf6202745e93bc8b491ff58562bb469.jpg",750,500,false],"portraits":["https:\/\/arantv.az\/wp-content\/uploads\/2025\/02\/daf6202745e93bc8b491ff58562bb469.jpg",750,500,false],"thumbnail":["https:\/\/arantv.az\/wp-content\/uploads\/2025\/02\/daf6202745e93bc8b491ff58562bb469-500x280.jpg",500,280,true],"medium":["https:\/\/arantv.az\/wp-content\/uploads\/2025\/02\/daf6202745e93bc8b491ff58562bb469-548x365.jpg",548,365,true],"large":["https:\/\/arantv.az\/wp-content\/uploads\/2025\/02\/daf6202745e93bc8b491ff58562bb469.jpg",640,427,false],"1536x1536":["https:\/\/arantv.az\/wp-content\/uploads\/2025\/02\/daf6202745e93bc8b491ff58562bb469.jpg",750,500,false],"2048x2048":["https:\/\/arantv.az\/wp-content\/uploads\/2025\/02\/daf6202745e93bc8b491ff58562bb469.jpg",750,500,false],"post-thumbnail":["https:\/\/arantv.az\/wp-content\/uploads\/2025\/02\/daf6202745e93bc8b491ff58562bb469-240x172.jpg",240,172,true],"advps-thumb-one":["https:\/\/arantv.az\/wp-content\/uploads\/2025\/02\/daf6202745e93bc8b491ff58562bb469.jpg",750,500,false]},"rttpg_author":{"display_name":"V\u00fcsal Rafiqo\u011flu","author_link":"https:\/\/arantv.az\/?author=2"},"rttpg_comment":0,"rttpg_category":"<a href=\"https:\/\/arantv.az\/?cat=4\" rel=\"category\">Siyas\u0259t<\/a>","rttpg_excerpt":"Erm\u0259nistan\u0131n h\u00f6kum\u0259t ba\u015f\u00e7\u0131s\u0131 n\u00f6vb\u0259ti d\u0259f\u0259 \u201cval\u201d\u0131 d\u0259yi\u015fdi, s\u00fclh na\u011f\u0131llar\u0131na ba\u015flad\u0131; STM-in icra\u00e7\u0131 direktoru: \u201cBizim t\u0259l\u0259b odur ki&#8230;\u201d \u0130r\u0259van s\u00fclh m\u00fcqavil\u0259si il\u0259 ba\u011fl\u0131 Az\u0259rbaycan\u0131n cavab\u0131n\u0131 al\u0131b, dig\u0259r sah\u0259l\u0259rd\u0259 &#8211; kommunikasiyalar\u0131n a\u00e7\u0131lmas\u0131, silahlar\u0131n qar\u015f\u0131l\u0131ql\u0131 n\u0259zar\u0259ti v\u0259 yoxlan\u0131lmas\u0131 mexanizmi &#8211; h\u0259l\u0259 d\u0259 cavabs\u0131z qal\u0131b. \u201cYeni M\u00fcsavat\u201d bildirir ki, bunu Erm\u0259nistan\u0131n Xarici \u0130\u015fl\u0259r Nazirliyinin m\u0259tbuat katibi Ani Badalyan deyib.&hellip;","_links":{"self":[{"href":"https:\/\/arantv.az\/index.php?rest_route=\/wp\/v2\/posts\/790617"}],"collection":[{"href":"https:\/\/arantv.az\/index.php?rest_route=\/wp\/v2\/posts"}],"about":[{"href":"https:\/\/arantv.az\/index.php?rest_route=\/wp\/v2\/types\/post"}],"author":[{"embeddable":true,"href":"https:\/\/arantv.az\/index.php?rest_route=\/wp\/v2\/users\/2"}],"replies":[{"embeddable":true,"href":"https:\/\/arantv.az\/index.php?rest_route=%2Fwp%2Fv2%2Fcomments&post=790617"}],"version-history":[{"count":2,"href":"https:\/\/arantv.az\/index.php?rest_route=\/wp\/v2\/posts\/790617\/revisions"}],"predecessor-version":[{"id":790620,"href":"https:\/\/arantv.az\/index.php?rest_route=\/wp\/v2\/posts\/790617\/revisions\/790620"}],"wp:featuredmedia":[{"embeddable":true,"href":"https:\/\/arantv.az\/index.php?rest_route=\/wp\/v2\/media\/790618"}],"wp:attachment":[{"href":"https:\/\/arantv.az\/index.php?rest_route=%2Fwp%2Fv2%2Fmedia&parent=790617"}],"wp:term":[{"taxonomy":"category","embeddable":true,"href":"https:\/\/arantv.az\/index.php?rest_route=%2Fwp%2Fv2%2Fcategories&post=790617"},{"taxonomy":"post_tag","embeddable":true,"href":"https:\/\/arantv.az\/index.php?rest_route=%2Fwp%2Fv2%2Ftags&post=790617"}],"curies":[{"name":"wp","href":"https:\/\/api.w.org\/{rel}","templated":true}]}}