{"id":790636,"date":"2025-02-28T08:38:38","date_gmt":"2025-02-28T04:38:38","guid":{"rendered":"https:\/\/arantv.az\/?p=790636"},"modified":"2025-02-28T08:38:38","modified_gmt":"2025-02-28T04:38:38","slug":"avropa-ittifaqi-r%c9%99smil%c9%99ri-niy%c9%99-az%c9%99rbaycani-h%c9%99d%c9%99f-alib","status":"publish","type":"post","link":"https:\/\/arantv.az\/?p=790636","title":{"rendered":"Avropa \u0130ttifaq\u0131 r\u0259smil\u0259ri niy\u0259 Az\u0259rbaycan\u0131 h\u0259d\u0259f al\u0131b?"},"content":{"rendered":"<h3><strong>Milli M\u0259clis s\u0259rt b\u0259yanat yayd\u0131: \u201cAvropal\u0131lar\u0131n yana\u015fmas\u0131 iki\u00fczl\u00fcl\u00fckd\u0259n ba\u015fqa bir \u015fey deyil\u201d<\/strong><\/h3>\n<p>C\u0259nubi Qafqaz Rusiya, \u0130ran, T\u00fcrkiy\u0259 v\u0259 Avropa \u0130ttifaq\u0131 (A\u0130) kimi d\u00fcnya oyun\u00e7ular\u0131n\u0131n maraq d\u00fcy\u00fcn\u00fcd\u00fcr. Az\u0259rbaycan bu m\u00fcr\u0259kk\u0259b\u00a0 geosiyasi h\u0259r\u0259k\u0259tlilikd\u0259 \u00e7eviklik, praqmatizm v\u0259 \u00f6z maraqlar\u0131n\u0131 d\u0259qiq anlamaq \u0259sas\u0131nda strategiya qurur. Lakin A\u0130 h\u0259r zaman oldu\u011fu kimi ikili standartlarla oynay\u0131r: bir t\u0259r\u0259fd\u0259n Az\u0259rbaycan qaz\u0131n\u0131 ist\u0259yir, dig\u0259r t\u0259r\u0259fd\u0259n is\u0259 demokratiya v\u0259 insan haqlar\u0131 m\u00f6vzusunda Bak\u0131 qar\u015f\u0131s\u0131nda t\u0259l\u0259bl\u0259r ir\u0259li s\u00fcr\u00fcr. Az\u0259rbaycan is\u0259 bunu art\u0131q narahatl\u0131q kimi yox, t\u0259zyiq formas\u0131 kimi q\u0259bul edir.<\/p>\n<p>Son g\u00fcnl\u0259r A\u0130 r\u0259smil\u0259rinin bu istiqam\u0259td\u0259 a\u00e7\u0131qlamalar\u0131 narahatl\u0131q do\u011furmaqdad\u0131r.\u00a0 M\u0259s\u0259l\u0259n, \u0130r\u0259vanda ke\u00e7iril\u0259n Erm\u0259nistan-A\u0130 Parlament T\u0259r\u0259fda\u015fl\u0131\u011f\u0131 Komit\u0259sinin sessiyas\u0131ndak\u0131 \u00e7\u0131x\u0131\u015f\u0131nda A\u0130-nin Erm\u0259nistandak\u0131 s\u0259firi Vasilis Maraqos erm\u0259nil\u0259rin m\u00fcdafi\u0259sin\u0259 y\u00f6n\u0259lmi\u015f \u00e7\u0131x\u0131\u015f\u0131nda Qaraba\u011fla ba\u011fl\u0131 Az\u0259rbaycan\u0131n \u0259leyhin\u0259 t\u0259xribat\u00e7\u0131 a\u00e7\u0131qlama da verib. Avropal\u0131 diplomat erm\u0259nil\u0259rin Qaraba\u011fdan k\u00f6n\u00fcll\u00fc getm\u0259l\u0259rini \u201czorla k\u00f6\u00e7\u00fcr\u00fclm\u0259\u201d adland\u0131raraq qeyd edib ki, A\u0130 o zamandan Erm\u0259nistan\u0131n yan\u0131ndad\u0131r. Toplant\u0131da \u00e7\u0131x\u0131\u015f ed\u0259n A\u0130-Erm\u0259nistan Parlament T\u0259r\u0259fda\u015fl\u0131\u011f\u0131 Komit\u0259sinin h\u0259ms\u0259dri Nils U\u015fakovs da bu kontekstd\u0259 provokativ a\u00e7\u0131qlamalar\u0131 il\u0259 diqq\u0259t \u00e7\u0259kib. \u201c\u018flb\u0259tt\u0259, Bak\u0131 v\u0259 Moskva bu missiyan\u0131 h\u0259d\u0259f\u0259 al\u0131b, ittihamlar ir\u0259li s\u00fcr\u00fcrl\u0259r. Ancaq sual yaran\u0131r: silahs\u0131z m\u00fclki missiya onlara hans\u0131 t\u0259hl\u00fck\u0259 yarada bil\u0259r? Onlar bunu s\u00fclh sazi\u015fin\u0259 t\u0259hl\u00fck\u0259 v\u0259 ya mane\u0259 kimi baxma\u011fa \u00e7al\u0131\u015f\u0131rlar v\u0259 ba\u015fa d\u00fc\u015fm\u0259k \u00e7ox vacibdir ki, Bak\u0131 bu \u0259m\u0259kda\u015fl\u0131\u011f\u0131 r\u0259dd edir v\u0259 A\u0130-nin Erm\u0259nistandak\u0131 missiyas\u0131n\u0131 dayand\u0131rmaq ist\u0259yir, lakin Erm\u0259nistan silahlara qar\u015f\u0131l\u0131ql\u0131 n\u0259zar\u0259t mexanizmi il\u0259 ba\u011fl\u0131 t\u0259klif t\u0259qdim edib. V\u0259 bu, Erm\u0259nistan\u0131n \u00f6z\u00fcn\u00fcn s\u00fclh g\u00fcnd\u0259min\u0259 g\u00f6t\u00fcrd\u00fcy\u00fc n\u00fcmun\u0259dir v\u0259 biz bunu d\u0259st\u0259kl\u0259yirik. Az\u0259rbaycan\u0131n b\u00fct\u00fcn bunlara reaksiyas\u0131n\u0131 anlamaq v\u0259 \u015f\u0259rh etm\u0259k \u00e7ox \u00e7\u0259tindir\u201d, &#8211; o deyib.<\/p>\n<p>Milli M\u0259clis Avropa \u0130ttifaq\u0131-Erm\u0259nistan Parlament T\u0259r\u0259fda\u015fl\u0131\u011f\u0131 Komit\u0259sinin fevral\u0131n 25-d\u0259 yayd\u0131\u011f\u0131 b\u0259yanat\u0131 \u015fidd\u0259tl\u0259 q\u0131nay\u0131b, bu s\u0259n\u0259di Avropa Parlamenti il\u0259 Erm\u0259nistan\u0131n Az\u0259rbaycana qar\u015f\u0131 apard\u0131\u011f\u0131 qarayaxma kampaniyas\u0131n\u0131n n\u00f6vb\u0259ti n\u00fcmun\u0259si kimi qiym\u0259tl\u0259ndirib.<\/p>\n<p><strong>B\u0259s Avropa \u0130ttifaq\u0131 r\u0259smil\u0259ri\u00a0 niy\u0259 Az\u0259rbaycan\u0131 h\u0259d\u0259f al\u0131b?<\/strong><\/p>\n<p>\u201cAvropal\u0131 siyas\u0259t\u00e7il\u0259r art\u0131q \u00f6zl\u0259rini y\u0131\u011f\u0131\u015fd\u0131rmal\u0131d\u0131rlar. Az\u0259rbaycan tam \u015f\u0259kild\u0259 m\u00fcst\u0259qil siyas\u0259t y\u00fcr\u00fcd\u0259n nadir \u00f6lk\u0259l\u0259rd\u0259n biridir. Son ill\u0259r b\u0259zi d\u00f6vl\u0259tl\u0259rin v\u0259 n\u00fcfuzlu t\u0259\u015fkilatlar\u0131n beyn\u0259lxalq h\u00fcquq normalar\u0131na m\u00fcnasib\u0259td\u0259 siyasi avant\u00fcrizm s\u0259rgil\u0259m\u0259l\u0259ri bel\u0259 bir q\u0259na\u0259tin formala\u015fmas\u0131na g\u0259tirib \u00e7\u0131xar\u0131b ki, Avropa m\u0259kan\u0131nda demokratik d\u0259y\u0259rl\u0259r\u0259 ikili standartlarla yana\u015fmaq tendensiyas\u0131 getdikc\u0259 g\u00fccl\u0259nir. M\u00fcasir d\u00f6vrd\u0259 bir s\u0131ra Q\u0259rb d\u00f6vl\u0259tl\u0259rinin insan h\u00fcquqlar\u0131n\u0131n m\u00fcdafi\u0259si b\u0259han\u0259si il\u0259 \u00f6z maraqlar\u0131n\u0131 ger\u00e7\u0259kl\u0259\u015fdirm\u0259k c\u0259hdl\u0259rinin tez-tez \u015fahidi oluruq. X\u00fcsus\u0259n d\u0259 Erm\u0259nistan\u0131 a\u00e7\u0131q \u015f\u0259kild\u0259 m\u00fcdafi\u0259 ed\u0259n d\u00f6vl\u0259tl\u0259r \u00f6lk\u0259miz\u0259 qar\u015f\u0131 zaman-zaman qarayaxma kampaniyas\u0131 apar\u0131rlar. Erm\u0259nistan\u0131n i\u015f\u011fal\u00e7\u0131 oldu\u011funu el\u0259 erm\u0259ni ideoloqlar\u0131 v\u0259 i\u015f\u011fal\u00e7\u0131 \u00f6lk\u0259nin r\u0259hb\u0259r \u015f\u0259xsl\u0259ri \u00f6zl\u0259ri d\u0259 zaman-zaman etiraf edibl\u0259r. Ancaq d\u00fcnya g\u00fccl\u0259rinin\u00a0 ikili standartlar\u0131 i\u015f\u011fal\u00e7\u0131 t\u0259r\u0259fin layiqli cavab\u0131n\u0131 almas\u0131na imkan verm\u0259yib\u201d.<\/p>\n<p><img src=\"https:\/\/e-huquq.az\/media\/2025\/02\/14\/kamran_bayramov.jpg\" alt=\"Kamran Bayramov: &quot;B\u0259l\u0259diyy\u0259l\u0259rin dayan\u0131ql\u0131 maliyy\u0259 m\u0259nb\u0259l\u0259ri olmal\u0131d\u0131r&quot;\" \/><\/p>\n<p><strong>Kamran Bayramov\u00a0<\/strong><\/p>\n<p><strong>Bu fikirl\u0259ri hakim Yeni Az\u0259rbaycan Partiyas\u0131n\u0131n deputat\u0131 Kamran Bayramov \u201cYeni M\u00fcsavat\u201da a\u00e7\u0131qlamas\u0131nda bildirib.<\/strong><\/p>\n<p>O qeyd edib ki, Erm\u0259nistan t\u0259r\u0259find\u0259n Az\u0259rbaycana m\u0259xsus beyn\u0259lxalq s\u0259viyy\u0259d\u0259 tan\u0131nan suveren \u0259razil\u0259rin t\u0259xmin\u0259n 30 il davam ed\u0259n i\u015f\u011fal\u0131 d\u00f6vr\u00fcnd\u0259 A\u0130 bunu he\u00e7 vaxt q\u0131namam\u0131\u015fd\u0131: \u201cLakin indi Avropa \u0130ttifaq\u0131 t\u0259cav\u00fczkar d\u00f6vl\u0259tin t\u0259r\u0259find\u0259 dayanaraq &#8220;durbin diplomatiyas\u0131&#8221; apar\u0131r, onun h\u0259rbil\u0259\u015fm\u0259sin\u0259 k\u00f6m\u0259k edir v\u0259 bununla da Erm\u0259nistan\u0131n revan\u015fist meyll\u0259rini q\u0131z\u0131\u015fd\u0131r\u0131r. \u00dcst\u0259lik, ittifaq r\u0259smil\u0259ri he\u00e7 vaxt Erm\u0259nistandan qovulan az\u0259rbaycanl\u0131lar\u0131n geri qay\u0131tmas\u0131na d\u0259st\u0259k ifad\u0259 etm\u0259yib, Erm\u0259nistanda Az\u0259rbaycan m\u0259d\u0259ni irsinin q\u0259sd\u0259n m\u0259hv edilm\u0259sini q\u0131namay\u0131b, n\u0259 d\u0259 ki, bunu he\u00e7 vaxt orada dil\u0259 g\u0259tir\u0259n kims\u0259 olmay\u0131b. \u018fg\u0259r s\u00f6hb\u0259t h\u0259qiq\u0259t\u0259n demokratiyadan v\u0259 insan h\u00fcquqlar\u0131ndan gedirs\u0259, Avropa \u0130ttifaq\u0131 bu m\u0259s\u0259l\u0259l\u0259ri d\u0259 i\u015f\u0131qland\u0131rard\u0131, lakin s\u00f6hb\u0259t Az\u0259rbaycan olunca, susma\u011fa, \u00f6z\u00fcn\u00fc g\u00f6rm\u0259zliy\u0259 v\u0259 e\u015fitm\u0259zliy\u0259 vurma\u011fa davam edir. Avropa \u0130ttifaq\u0131 s\u0259firinin a\u00e7\u0131qlamas\u0131 n\u00f6vb\u0259ti d\u0259f\u0259 Az\u0259rbaycana b\u00f6htan atmaqdan ibar\u0259tdir. BMT faktara\u015fd\u0131r\u0131c\u0131 missiyas\u0131 Qaraba\u011fa g\u0259l\u0259r\u0259k etnik t\u0259mizl\u0259m\u0259y\u0259 dair s\u00fcbut a\u015fkarlamam\u0131\u015fd\u0131. Videog\u00f6r\u00fcnt\u00fcl\u0259r d\u0259 arxivd\u0259 qal\u0131r &#8211; erm\u0259nil\u0259r b\u00f6lg\u0259ni g\u00fcl\u0259-g\u00fcl\u0259, \u015fokolad, pe\u00e7enye yey\u0259-yey\u0259 \u00f6z xo\u015fu il\u0259 t\u0259rk edirl\u0259r. Fakt odur ki, Avropa S\u00fclh Fondu Erm\u0259nistan\u0131 silahland\u0131r\u0131r, Br\u00fcssel b\u00f6lg\u0259y\u0259 g\u00f6nd\u0259rdiyi casus \u015f\u0259b\u0259k\u0259sini yerl\u0259\u015fdirm\u0259kl\u0259 s\u0259rh\u0259dl\u0259rimizd\u0259 k\u0259\u015ffiyyat m\u00fc\u015fahid\u0259l\u0259ri apar\u0131r. \u018fslind\u0259 s\u0259firin a\u00e7\u0131qlamas\u0131 t\u0259\u0259cc\u00fcb do\u011furmur. \u00c7\u00fcnki qurumun sabiq ba\u015f diplomat\u0131 Cozef Borrel d\u0259 bel\u0259 c\u0259f\u0259ng ittihamlar s\u0259sl\u0259ndirirdi. Burada s\u00f6zs\u00fcz ki, m\u0259qs\u0259d Az\u0259rbaycana t\u0259zyiq, erm\u0259nil\u0259rin is\u0259 k\u00f6nl\u00fcn\u00fc almaqd\u0131r. Toplant\u0131da \u00e7\u0131x\u0131\u015f ed\u0259n Erm\u0259nistan parlamentinin s\u0259dri Alen Simonyan, A\u0130-Erm\u0259nistan Parlament T\u0259r\u0259fda\u015fl\u0131\u011f\u0131 Komit\u0259sinin h\u0259ms\u0259dri Nils U\u015fakovs v\u0259 dig\u0259r i\u015ftirak\u00e7\u0131lar da bu kontekstd\u0259 provokativ a\u00e7\u0131qlamalar\u0131 il\u0259 diqq\u0259t \u00e7\u0259kibl\u0259r.\u00a0 Avropal\u0131 siyas\u0259t\u00e7il\u0259r art\u0131q \u00f6zl\u0259rini y\u0131\u011f\u0131\u015fd\u0131rmal\u0131d\u0131rlar. \u018fn az\u0131ndan AB\u015e-\u0131n vitse-prezidenti Vensin \u201cqoca qit\u0259\u201dni \u00e7alxalayan \u00e7\u0131x\u0131\u015f\u0131n\u0131 yada sals\u0131nlar&#8221;.<\/p>\n<p><img loading=\"lazy\" src=\"https:\/\/cdn.musavat.com\/news\/thumbnails\/a4bee04756e160d3b2927ba87e269281.jpg\" alt=\"gunay agamali.jpeg (96 KB)\" width=\"800\" height=\"731\" \/><\/p>\n<p><strong>Milli M\u0259clisin deputat\u0131, Ana V\u0259t\u0259n Partiyas\u0131n\u0131n s\u0259dr m\u00fcavini G\u00fcnay A\u011famal\u0131 Br\u00fcsselin m\u0259krli niyy\u0259tinin h\u0259r k\u0259s\u0259 m\u0259lum oldu\u011funu s\u00f6yl\u0259di:<\/strong>\u00a0\u201cAvropa \u0130ttifaq\u0131 h\u0259r zaman Az\u0259rbaycan v\u0259 Erm\u0259nistan m\u00fcnasib\u0259tl\u0259ri fonunda \u00f6z\u00fcn\u00fc prosesl\u0259rin dinc yolla nizamlanmas\u0131n\u0131n t\u0259r\u0259fdar\u0131 kimi g\u00f6st\u0259rib. Lakin m\u00f6vcud reall\u0131qlar tamamil\u0259 f\u0259rqlidir. \u0130st\u0259r ke\u00e7mi\u015f Da\u011fl\u0131q Qaraba\u011f m\u00fcnaqi\u015f\u0259si zaman\u0131, ist\u0259rs\u0259 d\u0259 indiki situasiyada r\u0259smi Br\u00fcsselin riyakar, q\u0259r\u0259zli add\u0131mlar\u0131 v\u0259 yalan v\u0259dl\u0259rinin ard\u0131ndak\u0131 m\u0259kirli niyy\u0259ti h\u0259r k\u0259s\u0259 m\u0259lumdur. Avropa \u0130ttifaq\u0131 30 il \u0259rzind\u0259 Erm\u0259nistan\u0131n i\u015f\u011fal\u00e7\u0131 siyas\u0259tini h\u00fcquqi m\u00fcst\u0259vid\u0259 d\u0259y\u0259rl\u0259ndirm\u0259k \u0259v\u0259zin\u0259, \u0259ksin\u0259, \u0259sass\u0131z t\u0259\u015f\u0259bb\u00fcsl\u0259r v\u0259 formatlarla a\u00e7\u0131q \u015f\u0259kild\u0259 \u0130r\u0259van\u0131n maraqlar\u0131n\u0131 m\u00fcdafi\u0259 edib. \u00c7ox t\u0259\u0259ss\u00fcf ki, eyni rasional yana\u015fma bu g\u00fcn d\u0259 davam etm\u0259kd\u0259dir. Avropal\u0131 siyasil\u0259r 44 g\u00fcnl\u00fck V\u0259t\u0259n m\u00fcharib\u0259sind\u0259n sonra Az\u0259rbaycan\u0131n C\u0259nubi Qafqazda yaratd\u0131\u011f\u0131 yeni geosiyasi reall\u0131qlar\u0131 v\u0259 konfiqurasiyan\u0131 q\u0259bul etm\u0259k ist\u0259mir. M\u0259hz bu s\u0259b\u0259bd\u0259n ard-arda anti-Az\u0259rbaycan ritorikas\u0131n\u0131n \u015fahidi oluruq. Qalib t\u0259r\u0259f kimi r\u0259smi Bak\u0131n\u0131n s\u00fclh dan\u0131\u015f\u0131qlar\u0131 kontekstind\u0259 Erm\u0259nistan qar\u015f\u0131s\u0131nda ir\u0259li s\u00fcrd\u00fcy\u00fc t\u0259l\u0259bl\u0259r beyn\u0259lxalq h\u00fcququn norma v\u0259 prinsipl\u0259ri \u00e7\u0259r\u00e7iv\u0259sind\u0259dir. H\u0259min t\u0259l\u0259bl\u0259ri f\u0259rqli m\u0259nada canland\u0131rmaq spekulyativ yana\u015fmad\u0131r. Fransan\u0131n moderatorlu\u011fu v\u0259 Br\u00fcsselin \u00e7\u0259tiri alt\u0131nda Avropa \u0130ttifaq\u0131 missiyas\u0131 Bak\u0131 v\u0259 \u0130r\u0259van aras\u0131nda \u015f\u0259rti d\u00f6vl\u0259t s\u0259rh\u0259dinin delimitasiyas\u0131, Z\u0259ng\u0259zur d\u0259hlizinin a\u00e7\u0131lmas\u0131, Erm\u0259nistan Konstitusiyas\u0131ndan Az\u0259rbaycana qar\u015f\u0131 \u0259razi iddialar\u0131n\u0131 \u0259ks etdir\u0259n madd\u0259l\u0259rin \u00e7\u0131xar\u0131lmas\u0131 v\u0259 yekun s\u00fclh sazi\u015finin imzalanmas\u0131n\u0131 m\u00fcmk\u00fcn q\u0259d\u0259r gecikdirm\u0259y\u0259 \u00e7al\u0131\u015f\u0131r. Missiyan\u0131n artan provokativ add\u0131mlar\u0131 iki \u00f6lk\u0259 aras\u0131nda g\u0259rginliyin artmas\u0131na xidm\u0259t edir. Bel\u0259 oldu\u011fu t\u0259qdird\u0259 \u0259sass\u0131z iddialarla Az\u0259rbaycan\u0131 ittiham etm\u0259k qar\u015f\u0131la\u015fd\u0131\u011f\u0131m\u0131z n\u00f6vb\u0259ti ikili standartlar n\u00fcmun\u0259sidir. Rusiya-Ukrayna m\u00fcharib\u0259si fonunda \u00fczl\u0259\u015fdikl\u0259ri enerji b\u00f6hran\u0131n\u0131 Az\u0259rbaycan\u0131n resurslar\u0131 hesab\u0131na h\u0259ll etm\u0259y\u0259 \u00e7al\u0131\u015fan avropal\u0131lar\u0131n yana\u015fmas\u0131 iki\u00fczl\u00fcl\u00fckd\u0259n ba\u015fqa bir \u015fey deyil\u201d.<\/p>\n","protected":false},"excerpt":{"rendered":"<p>Milli M\u0259clis s\u0259rt b\u0259yanat yayd\u0131: \u201cAvropal\u0131lar\u0131n yana\u015fmas\u0131 iki\u00fczl\u00fcl\u00fckd\u0259n ba\u015fqa bir \u015fey deyil\u201d C\u0259nubi Qafqaz Rusiya, \u0130ran, T\u00fcrkiy\u0259 v\u0259 Avropa \u0130ttifaq\u0131 (A\u0130) kimi d\u00fcnya oyun\u00e7ular\u0131n\u0131n maraq d\u00fcy\u00fcn\u00fcd\u00fcr. Az\u0259rbaycan bu m\u00fcr\u0259kk\u0259b\u00a0 geosiyasi h\u0259r\u0259k\u0259tlilikd\u0259 \u00e7eviklik, praqmatizm v\u0259 \u00f6z maraqlar\u0131n\u0131 d\u0259qiq anlamaq \u0259sas\u0131nda strategiya qurur. Lakin A\u0130 h\u0259r zaman oldu\u011fu kimi ikili standartlarla oynay\u0131r: bir t\u0259r\u0259fd\u0259n Az\u0259rbaycan qaz\u0131n\u0131 ist\u0259yir, dig\u0259r t\u0259r\u0259fd\u0259n is\u0259 demokratiya v\u0259 insan haqlar\u0131 m\u00f6vzusunda Bak\u0131 qar\u015f\u0131s\u0131nda t\u0259l\u0259bl\u0259r ir\u0259li s\u00fcr\u00fcr. Az\u0259rbaycan is\u0259 bunu art\u0131q narahatl\u0131q kimi yox, t\u0259zyiq formas\u0131 kimi q\u0259bul edir. Son g\u00fcnl\u0259r A\u0130 r\u0259smil\u0259rinin bu istiqam\u0259td\u0259 a\u00e7\u0131qlamalar\u0131 narahatl\u0131q do\u011furmaqdad\u0131r.\u00a0 M\u0259s\u0259l\u0259n,&hellip;<\/p>\n","protected":false},"author":2,"featured_media":790637,"comment_status":"closed","ping_status":"closed","sticky":false,"template":"","format":"standard","meta":{"om_disable_all_campaigns":false,"_monsterinsights_skip_tracking":false,"_monsterinsights_sitenote_active":false,"_monsterinsights_sitenote_note":"","_monsterinsights_sitenote_category":0},"categories":[4],"tags":[],"aioseo_notices":[],"gutentor_comment":0,"rttpg_featured_image_url":{"full":["https:\/\/arantv.az\/wp-content\/uploads\/2025\/02\/b8da625fec095041f90473ceef8bcd60.jpg",600,400,false],"landscape":["https:\/\/arantv.az\/wp-content\/uploads\/2025\/02\/b8da625fec095041f90473ceef8bcd60.jpg",600,400,false],"portraits":["https:\/\/arantv.az\/wp-content\/uploads\/2025\/02\/b8da625fec095041f90473ceef8bcd60.jpg",600,400,false],"thumbnail":["https:\/\/arantv.az\/wp-content\/uploads\/2025\/02\/b8da625fec095041f90473ceef8bcd60-500x280.jpg",500,280,true],"medium":["https:\/\/arantv.az\/wp-content\/uploads\/2025\/02\/b8da625fec095041f90473ceef8bcd60-548x365.jpg",548,365,true],"large":["https:\/\/arantv.az\/wp-content\/uploads\/2025\/02\/b8da625fec095041f90473ceef8bcd60.jpg",600,400,false],"1536x1536":["https:\/\/arantv.az\/wp-content\/uploads\/2025\/02\/b8da625fec095041f90473ceef8bcd60.jpg",600,400,false],"2048x2048":["https:\/\/arantv.az\/wp-content\/uploads\/2025\/02\/b8da625fec095041f90473ceef8bcd60.jpg",600,400,false],"post-thumbnail":["https:\/\/arantv.az\/wp-content\/uploads\/2025\/02\/b8da625fec095041f90473ceef8bcd60-240x172.jpg",240,172,true],"advps-thumb-one":["https:\/\/arantv.az\/wp-content\/uploads\/2025\/02\/b8da625fec095041f90473ceef8bcd60.jpg",600,400,false]},"rttpg_author":{"display_name":"V\u00fcsal Rafiqo\u011flu","author_link":"https:\/\/arantv.az\/?author=2"},"rttpg_comment":0,"rttpg_category":"<a href=\"https:\/\/arantv.az\/?cat=4\" rel=\"category\">Siyas\u0259t<\/a>","rttpg_excerpt":"Milli M\u0259clis s\u0259rt b\u0259yanat yayd\u0131: \u201cAvropal\u0131lar\u0131n yana\u015fmas\u0131 iki\u00fczl\u00fcl\u00fckd\u0259n ba\u015fqa bir \u015fey deyil\u201d C\u0259nubi Qafqaz Rusiya, \u0130ran, T\u00fcrkiy\u0259 v\u0259 Avropa \u0130ttifaq\u0131 (A\u0130) kimi d\u00fcnya oyun\u00e7ular\u0131n\u0131n maraq d\u00fcy\u00fcn\u00fcd\u00fcr. Az\u0259rbaycan bu m\u00fcr\u0259kk\u0259b\u00a0 geosiyasi h\u0259r\u0259k\u0259tlilikd\u0259 \u00e7eviklik, praqmatizm v\u0259 \u00f6z maraqlar\u0131n\u0131 d\u0259qiq anlamaq \u0259sas\u0131nda strategiya qurur. Lakin A\u0130 h\u0259r zaman oldu\u011fu kimi ikili standartlarla oynay\u0131r: bir t\u0259r\u0259fd\u0259n Az\u0259rbaycan qaz\u0131n\u0131 ist\u0259yir,&hellip;","_links":{"self":[{"href":"https:\/\/arantv.az\/index.php?rest_route=\/wp\/v2\/posts\/790636"}],"collection":[{"href":"https:\/\/arantv.az\/index.php?rest_route=\/wp\/v2\/posts"}],"about":[{"href":"https:\/\/arantv.az\/index.php?rest_route=\/wp\/v2\/types\/post"}],"author":[{"embeddable":true,"href":"https:\/\/arantv.az\/index.php?rest_route=\/wp\/v2\/users\/2"}],"replies":[{"embeddable":true,"href":"https:\/\/arantv.az\/index.php?rest_route=%2Fwp%2Fv2%2Fcomments&post=790636"}],"version-history":[{"count":2,"href":"https:\/\/arantv.az\/index.php?rest_route=\/wp\/v2\/posts\/790636\/revisions"}],"predecessor-version":[{"id":790639,"href":"https:\/\/arantv.az\/index.php?rest_route=\/wp\/v2\/posts\/790636\/revisions\/790639"}],"wp:featuredmedia":[{"embeddable":true,"href":"https:\/\/arantv.az\/index.php?rest_route=\/wp\/v2\/media\/790637"}],"wp:attachment":[{"href":"https:\/\/arantv.az\/index.php?rest_route=%2Fwp%2Fv2%2Fmedia&parent=790636"}],"wp:term":[{"taxonomy":"category","embeddable":true,"href":"https:\/\/arantv.az\/index.php?rest_route=%2Fwp%2Fv2%2Fcategories&post=790636"},{"taxonomy":"post_tag","embeddable":true,"href":"https:\/\/arantv.az\/index.php?rest_route=%2Fwp%2Fv2%2Ftags&post=790636"}],"curies":[{"name":"wp","href":"https:\/\/api.w.org\/{rel}","templated":true}]}}