{"id":790685,"date":"2025-02-28T15:18:50","date_gmt":"2025-02-28T11:18:50","guid":{"rendered":"https:\/\/arantv.az\/?p=790685"},"modified":"2025-02-28T15:18:50","modified_gmt":"2025-02-28T11:18:50","slug":"q%c9%99rbi-az%c9%99rbaycanla-bagli-daha-bir-ugur-deputat-brifinq-kecirdi-sensasion-detallar-video","status":"publish","type":"post","link":"https:\/\/arantv.az\/?p=790685","title":{"rendered":"Q\u0259rbi Az\u0259rbaycanla ba\u011fl\u0131 daha bir U\u011eUR &#8211; Deputat brifinq ke\u00e7irdi: SENSAS\u0130ON DETALLAR, V\u0130DEO"},"content":{"rendered":"<div class=\"text-content\" data-id=\"\" data-url=\"\">\n<p><strong>Bu g\u00fcnl\u0259rd\u0259 spiker Sahib\u0259 Qafarovan\u0131n r\u0259hb\u0259rliyi, Milli M\u0259clisin t\u0259\u015fkilat\u00e7\u0131l\u0131\u011f\u0131 il\u0259 Bak\u0131da y\u00fcks\u0259k s\u0259viyy\u0259d\u0259 ke\u00e7iril\u0259n Asiya Parlament Assambleyas\u0131n\u0131n toplant\u0131s\u0131nda \u00f6n\u0259mli q\u0259rarlar q\u0259bul olunub.<\/strong><\/p>\n<p><strong>Musavat.com<\/strong>-un m\u0259lumat\u0131na g\u00f6r\u0259, sessiyan\u0131n Bak\u0131 B\u0259yannam\u0259sind\u0259 Q\u0259rbi Az\u0259rbaycandan olan soyda\u015flar\u0131m\u0131z\u0131n \u00f6z yurdlar\u0131na l\u0259yaq\u0259tli qay\u0131d\u0131\u015f\u0131n\u0131n h\u0259yata ke\u00e7irilm\u0259si il\u0259 ba\u011fl\u0131 m\u00fcdd\u0259alar\u0131n \u0259lav\u0259 olunmas\u0131 da \u00e7ox vacib m\u0259qamd\u0131r.<\/p>\n<p>Bu, h\u0259m d\u0259 Q\u0259rbi Az\u0259rbaycan h\u0259qiq\u0259tl\u0259rinin beyn\u0259lxalq miqyasda yay\u0131lmas\u0131 v\u0259 q\u0259bul olunmas\u0131 istiqam\u0259tind\u0259 n\u00f6vb\u0259ti \u0259h\u0259miyy\u0259tli add\u0131md\u0131r.<\/p>\n<p>Asiya Parlament Assambleyas\u0131n\u0131n toplant\u0131s\u0131nda\u00a0i\u015ftirak ed\u0259n deputat, Milli M\u0259clisin Asiya Parlament Assambleyas\u0131nda (APA) n\u00fcmay\u0259nd\u0259 hey\u0259tinin r\u0259hb\u0259ri Rizvan N\u0259biyev parlamentd\u0259 ke\u00e7iril\u0259n toplant\u0131n\u0131n \u00f6n\u0259mli m\u0259qamlar\u0131, h\u0259m\u00e7inin Q\u0259rbi Az\u0259rbaycan m\u00f6vzusunun Bak\u0131 B\u0259yannam\u0259sind\u0259 \u0259ksini tapmas\u0131 il\u0259 ba\u011fl\u0131 brifinq ke\u00e7irib.<\/p>\n<p><img loading=\"lazy\" src=\"https:\/\/cdn.musavat.com\/news\/thumbnails\/887e5853a0b10f23716047c6bfc6f035.jpg\" alt=\"PASASOY.jpeg (216 KB)\" width=\"700\" height=\"525\" \/><\/p>\n<p><strong>Musavat.com<\/strong>\u00a0brifinql\u0259 ba\u011fl\u0131 videomaterial\u0131 t\u0259qdim edir:<\/p>\n<div id=\"jwplayer_video_1\" class=\"jwplayer jw-reset jw-state-idle jw-skin-seven jw-stretch-uniform jw-breakpoint-4 jw-flag-user-inactive\" tabindex=\"0\">\n<div class=\"jw-media jw-reset\"><\/div>\n<div class=\"jw-preview jw-reset\"><\/div>\n<div class=\"jw-controls jw-reset\">\n<div class=\"jw-nextup-container jw-reset\">\n<div class=\"jw-nextup jw-reset\"><\/div>\n<\/div>\n<\/div>\n<\/div>\n<\/div>\n<div>\n<div class=\"form-group\"><img class=\"img-responsive\" src=\"https:\/\/cdn.musavat.com\/news\/images\/Ayten\/BR%C4%B0F.jpeg\" \/><\/div>\n<\/div>\n","protected":false},"excerpt":{"rendered":"<p>Bu g\u00fcnl\u0259rd\u0259 spiker Sahib\u0259 Qafarovan\u0131n r\u0259hb\u0259rliyi, Milli M\u0259clisin t\u0259\u015fkilat\u00e7\u0131l\u0131\u011f\u0131 il\u0259 Bak\u0131da y\u00fcks\u0259k s\u0259viyy\u0259d\u0259 ke\u00e7iril\u0259n Asiya Parlament Assambleyas\u0131n\u0131n toplant\u0131s\u0131nda \u00f6n\u0259mli q\u0259rarlar q\u0259bul olunub. Musavat.com-un m\u0259lumat\u0131na g\u00f6r\u0259, sessiyan\u0131n Bak\u0131 B\u0259yannam\u0259sind\u0259 Q\u0259rbi Az\u0259rbaycandan olan soyda\u015flar\u0131m\u0131z\u0131n \u00f6z yurdlar\u0131na l\u0259yaq\u0259tli qay\u0131d\u0131\u015f\u0131n\u0131n h\u0259yata ke\u00e7irilm\u0259si il\u0259 ba\u011fl\u0131 m\u00fcdd\u0259alar\u0131n \u0259lav\u0259 olunmas\u0131 da \u00e7ox vacib m\u0259qamd\u0131r. Bu, h\u0259m d\u0259 Q\u0259rbi Az\u0259rbaycan h\u0259qiq\u0259tl\u0259rinin beyn\u0259lxalq miqyasda yay\u0131lmas\u0131 v\u0259 q\u0259bul olunmas\u0131 istiqam\u0259tind\u0259 n\u00f6vb\u0259ti \u0259h\u0259miyy\u0259tli add\u0131md\u0131r. Asiya Parlament Assambleyas\u0131n\u0131n toplant\u0131s\u0131nda\u00a0i\u015ftirak ed\u0259n deputat, Milli M\u0259clisin Asiya Parlament Assambleyas\u0131nda (APA) n\u00fcmay\u0259nd\u0259 hey\u0259tinin r\u0259hb\u0259ri Rizvan N\u0259biyev parlamentd\u0259 ke\u00e7iril\u0259n toplant\u0131n\u0131n \u00f6n\u0259mli m\u0259qamlar\u0131, h\u0259m\u00e7inin Q\u0259rbi Az\u0259rbaycan m\u00f6vzusunun Bak\u0131&hellip;<\/p>\n","protected":false},"author":2,"featured_media":790686,"comment_status":"closed","ping_status":"closed","sticky":false,"template":"","format":"standard","meta":{"om_disable_all_campaigns":false,"_monsterinsights_skip_tracking":false,"_monsterinsights_sitenote_active":false,"_monsterinsights_sitenote_note":"","_monsterinsights_sitenote_category":0},"categories":[4],"tags":[],"aioseo_notices":[],"gutentor_comment":0,"rttpg_featured_image_url":{"full":["https:\/\/arantv.az\/wp-content\/uploads\/2025\/02\/535bd58565f1b1deaabafabbf31494ad.jpg",870,500,false],"landscape":["https:\/\/arantv.az\/wp-content\/uploads\/2025\/02\/535bd58565f1b1deaabafabbf31494ad.jpg",870,500,false],"portraits":["https:\/\/arantv.az\/wp-content\/uploads\/2025\/02\/535bd58565f1b1deaabafabbf31494ad.jpg",870,500,false],"thumbnail":["https:\/\/arantv.az\/wp-content\/uploads\/2025\/02\/535bd58565f1b1deaabafabbf31494ad-500x280.jpg",500,280,true],"medium":["https:\/\/arantv.az\/wp-content\/uploads\/2025\/02\/535bd58565f1b1deaabafabbf31494ad-635x365.jpg",635,365,true],"large":["https:\/\/arantv.az\/wp-content\/uploads\/2025\/02\/535bd58565f1b1deaabafabbf31494ad-840x483.jpg",640,368,true],"1536x1536":["https:\/\/arantv.az\/wp-content\/uploads\/2025\/02\/535bd58565f1b1deaabafabbf31494ad.jpg",870,500,false],"2048x2048":["https:\/\/arantv.az\/wp-content\/uploads\/2025\/02\/535bd58565f1b1deaabafabbf31494ad.jpg",870,500,false],"post-thumbnail":["https:\/\/arantv.az\/wp-content\/uploads\/2025\/02\/535bd58565f1b1deaabafabbf31494ad-240x172.jpg",240,172,true],"advps-thumb-one":["https:\/\/arantv.az\/wp-content\/uploads\/2025\/02\/535bd58565f1b1deaabafabbf31494ad.jpg",870,500,false]},"rttpg_author":{"display_name":"V\u00fcsal Rafiqo\u011flu","author_link":"https:\/\/arantv.az\/?author=2"},"rttpg_comment":0,"rttpg_category":"<a href=\"https:\/\/arantv.az\/?cat=4\" rel=\"category\">Siyas\u0259t<\/a>","rttpg_excerpt":"Bu g\u00fcnl\u0259rd\u0259 spiker Sahib\u0259 Qafarovan\u0131n r\u0259hb\u0259rliyi, Milli M\u0259clisin t\u0259\u015fkilat\u00e7\u0131l\u0131\u011f\u0131 il\u0259 Bak\u0131da y\u00fcks\u0259k s\u0259viyy\u0259d\u0259 ke\u00e7iril\u0259n Asiya Parlament Assambleyas\u0131n\u0131n toplant\u0131s\u0131nda \u00f6n\u0259mli q\u0259rarlar q\u0259bul olunub. Musavat.com-un m\u0259lumat\u0131na g\u00f6r\u0259, sessiyan\u0131n Bak\u0131 B\u0259yannam\u0259sind\u0259 Q\u0259rbi Az\u0259rbaycandan olan soyda\u015flar\u0131m\u0131z\u0131n \u00f6z yurdlar\u0131na l\u0259yaq\u0259tli qay\u0131d\u0131\u015f\u0131n\u0131n h\u0259yata ke\u00e7irilm\u0259si il\u0259 ba\u011fl\u0131 m\u00fcdd\u0259alar\u0131n \u0259lav\u0259 olunmas\u0131 da \u00e7ox vacib m\u0259qamd\u0131r. Bu, h\u0259m d\u0259 Q\u0259rbi Az\u0259rbaycan h\u0259qiq\u0259tl\u0259rinin beyn\u0259lxalq miqyasda&hellip;","_links":{"self":[{"href":"https:\/\/arantv.az\/index.php?rest_route=\/wp\/v2\/posts\/790685"}],"collection":[{"href":"https:\/\/arantv.az\/index.php?rest_route=\/wp\/v2\/posts"}],"about":[{"href":"https:\/\/arantv.az\/index.php?rest_route=\/wp\/v2\/types\/post"}],"author":[{"embeddable":true,"href":"https:\/\/arantv.az\/index.php?rest_route=\/wp\/v2\/users\/2"}],"replies":[{"embeddable":true,"href":"https:\/\/arantv.az\/index.php?rest_route=%2Fwp%2Fv2%2Fcomments&post=790685"}],"version-history":[{"count":1,"href":"https:\/\/arantv.az\/index.php?rest_route=\/wp\/v2\/posts\/790685\/revisions"}],"predecessor-version":[{"id":790687,"href":"https:\/\/arantv.az\/index.php?rest_route=\/wp\/v2\/posts\/790685\/revisions\/790687"}],"wp:featuredmedia":[{"embeddable":true,"href":"https:\/\/arantv.az\/index.php?rest_route=\/wp\/v2\/media\/790686"}],"wp:attachment":[{"href":"https:\/\/arantv.az\/index.php?rest_route=%2Fwp%2Fv2%2Fmedia&parent=790685"}],"wp:term":[{"taxonomy":"category","embeddable":true,"href":"https:\/\/arantv.az\/index.php?rest_route=%2Fwp%2Fv2%2Fcategories&post=790685"},{"taxonomy":"post_tag","embeddable":true,"href":"https:\/\/arantv.az\/index.php?rest_route=%2Fwp%2Fv2%2Ftags&post=790685"}],"curies":[{"name":"wp","href":"https:\/\/api.w.org\/{rel}","templated":true}]}}