{"id":790800,"date":"2025-02-28T22:05:07","date_gmt":"2025-02-28T18:05:07","guid":{"rendered":"https:\/\/arantv.az\/?p=790800"},"modified":"2025-02-28T22:05:07","modified_gmt":"2025-02-28T18:05:07","slug":"k%c9%99skin-hava-s%c9%99raiti-il%c9%99-%c9%99laq%c9%99dar-%c9%99haliy%c9%99-muraci%c9%99t-edildi","status":"publish","type":"post","link":"https:\/\/arantv.az\/?p=790800","title":{"rendered":"K\u0259skin hava \u015f\u0259raiti il\u0259 \u0259laq\u0259dar \u0259haliy\u0259 m\u00fcraci\u0259t edildi"},"content":{"rendered":"<p><em><strong>F\u00f6vq\u0259lad\u0259 Hallar Nazirliyi k\u0259skin hava \u015f\u0259raiti il\u0259 \u0259laq\u0259dar \u0259haliy\u0259 m\u00fcraci\u0259t edib.<\/strong><\/em><\/p>\n<p><em><strong>ARANTV.AZ\u00a0 x\u0259b\u0259r verir ki, m\u00fcraci\u0259td\u0259 deyilir:<\/strong><\/em><\/p>\n<p>&#8220;Milli Hidrometeorologiya Xidm\u0259tinin m\u0259lumat\u0131na g\u00f6r\u0259, haz\u0131rda \u00f6lk\u0259 \u0259razisind\u0259 m\u00fc\u015fahid\u0259 edil\u0259n qeyri-sabit v\u0259 ya\u011f\u0131nt\u0131l\u0131 hava \u015f\u0259raiti mart\u0131n 2-d\u0259k davam ed\u0259c\u0259k.<\/p>\n<p>Qeyd olunanlarla ba\u011fl\u0131 F\u00f6vq\u0259lad\u0259 Hallar Nazirliyi \u0259haliy\u0259 t\u0259krar m\u00fcraci\u0259t ed\u0259r\u0259k, m\u00fcvafiq t\u0259hl\u00fck\u0259sizlik qaydalar\u0131na ciddi \u0259m\u0259l etm\u0259y\u0259 \u00e7a\u011f\u0131r\u0131r.<\/p>\n<p>Bel\u0259 ki, soyuq v\u0259 ya\u011f\u0131nt\u0131l\u0131 hava \u015f\u0259raiti qaz v\u0259 elektrik q\u0131zd\u0131r\u0131c\u0131 cihazlar\u0131ndan istifad\u0259nin xeyli artmas\u0131na s\u0259b\u0259b oldu\u011fundan bu cihazlardan istifad\u0259 zaman\u0131 yan\u011f\u0131n t\u0259hl\u00fck\u0259sizliyi qaydalar\u0131na riay\u0259t etm\u0259yin vacibliyini bir daha diqq\u0259t\u0259 \u00e7atd\u0131r\u0131r\u0131q. Nasaz, qeyri-standart v\u0259 ya kustar \u00fcsulla haz\u0131rlanm\u0131\u015f q\u0131zd\u0131r\u0131c\u0131 cihazlardan istifad\u0259 edilm\u0259m\u0259li, elektrik \u015f\u0259b\u0259k\u0259si h\u0259ddind\u0259n art\u0131q y\u00fckl\u0259nm\u0259m\u0259li, i\u015fl\u0259k v\u0259ziyy\u0259td\u0259 olan q\u0131zd\u0131r\u0131c\u0131 cihazlar n\u0259zar\u0259tsiz qoyulmamal\u0131d\u0131r.<\/p>\n<p>Eyni zamanda, x\u00fcsusil\u0259 da\u011fl\u0131q \u0259razil\u0259rd\u0259 ya\u015fayan, el\u0259c\u0259 d\u0259 da\u011flara s\u0259f\u0259r ed\u0259n insanlara \u015faxtal\u0131 v\u0259 \u00e7ov\u011funlu havada m\u00fcmk\u00fcn q\u0259d\u0259r ya\u015fay\u0131\u015f m\u0259nt\u0259q\u0259sini t\u0259rk etm\u0259m\u0259yi, bel\u0259 bir z\u0259rur\u0259t yarand\u0131qda h\u0259r\u0259k\u0259t istiqam\u0259ti bar\u0259d\u0259 yax\u0131nlar\u0131n\u0131 \u0259vv\u0259lc\u0259d\u0259n m\u0259lumatland\u0131rma\u011f\u0131 t\u00f6vsiy\u0259 edirik. H\u0259r\u0259k\u0259t avtomobill\u0259 olduqda avtomobilin texniki g\u00f6st\u0259ricil\u0259rinin f\u0259sl\u0259 uy\u011funlu\u011fu v\u0259 kifay\u0259t q\u0259d\u0259r yanacaq ehtiyat\u0131 t\u0259min edilm\u0259lidir. Qar u\u00e7qunu ehtimal\u0131 olan yerl\u0259rd\u0259n, o c\u00fcml\u0259d\u0259n dik yamaclardan k\u0259nar g\u0259zm\u0259k v\u0259 g\u00fcn\u00fcn qaranl\u0131q vaxt\u0131na qalmadan ya\u015fay\u0131\u015f m\u0259nt\u0259q\u0259sin\u0259 geri d\u00f6nm\u0259k t\u00f6vsiy\u0259 olunur.<\/p>\n<p>Bununla yana\u015f\u0131, yollar\u0131n buz ba\u011flamas\u0131 hallar\u0131nda piyadalar ayaqqab\u0131n\u0131 s\u00fcr\u00fc\u015fm\u0259y\u0259 qar\u015f\u0131 haz\u0131rlamal\u0131, ehtiyatla, t\u0259l\u0259sm\u0259d\u0259n, ayaqqab\u0131n\u0131 yer\u0259 b\u00fct\u00f6vl\u00fckd\u0259 basaraq h\u0259r\u0259k\u0259t etm\u0259lidirl\u0259r. Buzlu yolda s\u00fcr\u00fc\u015fs\u0259niz, z\u0259rb\u0259nin g\u00fcc\u00fcn\u00fc azaltmaq \u00fc\u00e7\u00fcn oturun, y\u0131x\u0131ld\u0131\u011f\u0131n\u0131z halda is\u0259 qollar\u0131n\u0131z\u0131 b\u00fck\u00fcb diyirl\u0259n\u0259r\u0259k z\u0259d\u0259 almaqdan qorunun. Ya\u015fl\u0131 insanlar\u0131n rezin ucluqlu \u0259sadan, yaxud uclar\u0131 bat\u0131c\u0131 olan x\u00fcsusi \u00e7ubuqdan istifad\u0259 etm\u0259si t\u00f6vsiy\u0259 olunur.<\/p>\n<p>Bundan ba\u015fqa, g\u00fccl\u00fc k\u00fcl\u0259k zaman\u0131 y\u00fcng\u00fcl konstruksiyal\u0131 v\u0259 m\u00fcv\u0259qq\u0259ti tikilil\u0259rd\u0259n, bina v\u0259 reklam l\u00f6vh\u0259l\u0259rind\u0259n uzaq durmaq, elektrik dir\u0259yi v\u0259 naqill\u0259rinin, h\u00fcnd\u00fcr a\u011faclar\u0131n alt\u0131nda dayanmamaq t\u00f6vsiy\u0259 olunur. H\u0259m\u00e7inin, g\u00fccl\u00fc k\u00fcl\u0259yin ba\u015f ver\u0259n yan\u011f\u0131nlar\u0131n s\u00f6nd\u00fcr\u00fclm\u0259si il\u0259 \u0259laq\u0259dar yaratd\u0131\u011f\u0131 \u00e7\u0259tinlikl\u0259ri n\u0259z\u0259r\u0259 alaraq, k\u00fcl\u0259kli hava \u015f\u0259raitind\u0259 yan\u011f\u0131n t\u0259hl\u00fck\u0259sizliyi qaydalar\u0131na x\u00fcsusil\u0259 ciddi riay\u0259t edilm\u0259lidir&#8221;.<\/p>\n","protected":false},"excerpt":{"rendered":"<p>F\u00f6vq\u0259lad\u0259 Hallar Nazirliyi k\u0259skin hava \u015f\u0259raiti il\u0259 \u0259laq\u0259dar \u0259haliy\u0259 m\u00fcraci\u0259t edib. ARANTV.AZ\u00a0 x\u0259b\u0259r verir ki, m\u00fcraci\u0259td\u0259 deyilir: &#8220;Milli Hidrometeorologiya Xidm\u0259tinin m\u0259lumat\u0131na g\u00f6r\u0259, haz\u0131rda \u00f6lk\u0259 \u0259razisind\u0259 m\u00fc\u015fahid\u0259 edil\u0259n qeyri-sabit v\u0259 ya\u011f\u0131nt\u0131l\u0131 hava \u015f\u0259raiti mart\u0131n 2-d\u0259k davam ed\u0259c\u0259k. Qeyd olunanlarla ba\u011fl\u0131 F\u00f6vq\u0259lad\u0259 Hallar Nazirliyi \u0259haliy\u0259 t\u0259krar m\u00fcraci\u0259t ed\u0259r\u0259k, m\u00fcvafiq t\u0259hl\u00fck\u0259sizlik qaydalar\u0131na ciddi \u0259m\u0259l etm\u0259y\u0259 \u00e7a\u011f\u0131r\u0131r. Bel\u0259 ki, soyuq v\u0259 ya\u011f\u0131nt\u0131l\u0131 hava \u015f\u0259raiti qaz v\u0259 elektrik q\u0131zd\u0131r\u0131c\u0131 cihazlar\u0131ndan istifad\u0259nin xeyli artmas\u0131na s\u0259b\u0259b oldu\u011fundan bu cihazlardan istifad\u0259 zaman\u0131 yan\u011f\u0131n t\u0259hl\u00fck\u0259sizliyi qaydalar\u0131na riay\u0259t etm\u0259yin vacibliyini bir daha diqq\u0259t\u0259 \u00e7atd\u0131r\u0131r\u0131q. Nasaz, qeyri-standart v\u0259 ya kustar \u00fcsulla&hellip;<\/p>\n","protected":false},"author":2,"featured_media":790801,"comment_status":"closed","ping_status":"closed","sticky":false,"template":"","format":"standard","meta":{"om_disable_all_campaigns":false,"_monsterinsights_skip_tracking":false,"_monsterinsights_sitenote_active":false,"_monsterinsights_sitenote_note":"","_monsterinsights_sitenote_category":0},"categories":[22],"tags":[],"aioseo_notices":[],"gutentor_comment":0,"rttpg_featured_image_url":{"full":["https:\/\/arantv.az\/wp-content\/uploads\/2025\/02\/fbc8ba3f9a945beb2927de1a3516c095.png",869,500,false],"landscape":["https:\/\/arantv.az\/wp-content\/uploads\/2025\/02\/fbc8ba3f9a945beb2927de1a3516c095.png",869,500,false],"portraits":["https:\/\/arantv.az\/wp-content\/uploads\/2025\/02\/fbc8ba3f9a945beb2927de1a3516c095.png",869,500,false],"thumbnail":["https:\/\/arantv.az\/wp-content\/uploads\/2025\/02\/fbc8ba3f9a945beb2927de1a3516c095-500x280.png",500,280,true],"medium":["https:\/\/arantv.az\/wp-content\/uploads\/2025\/02\/fbc8ba3f9a945beb2927de1a3516c095-634x365.png",634,365,true],"large":["https:\/\/arantv.az\/wp-content\/uploads\/2025\/02\/fbc8ba3f9a945beb2927de1a3516c095-840x483.png",640,368,true],"1536x1536":["https:\/\/arantv.az\/wp-content\/uploads\/2025\/02\/fbc8ba3f9a945beb2927de1a3516c095.png",869,500,false],"2048x2048":["https:\/\/arantv.az\/wp-content\/uploads\/2025\/02\/fbc8ba3f9a945beb2927de1a3516c095.png",869,500,false],"post-thumbnail":["https:\/\/arantv.az\/wp-content\/uploads\/2025\/02\/fbc8ba3f9a945beb2927de1a3516c095-240x172.png",240,172,true],"advps-thumb-one":["https:\/\/arantv.az\/wp-content\/uploads\/2025\/02\/fbc8ba3f9a945beb2927de1a3516c095.png",869,500,false]},"rttpg_author":{"display_name":"V\u00fcsal Rafiqo\u011flu","author_link":"https:\/\/arantv.az\/?author=2"},"rttpg_comment":0,"rttpg_category":"<a href=\"https:\/\/arantv.az\/?cat=22\" rel=\"category\">Hava<\/a>","rttpg_excerpt":"F\u00f6vq\u0259lad\u0259 Hallar Nazirliyi k\u0259skin hava \u015f\u0259raiti il\u0259 \u0259laq\u0259dar \u0259haliy\u0259 m\u00fcraci\u0259t edib. ARANTV.AZ\u00a0 x\u0259b\u0259r verir ki, m\u00fcraci\u0259td\u0259 deyilir: &#8220;Milli Hidrometeorologiya Xidm\u0259tinin m\u0259lumat\u0131na g\u00f6r\u0259, haz\u0131rda \u00f6lk\u0259 \u0259razisind\u0259 m\u00fc\u015fahid\u0259 edil\u0259n qeyri-sabit v\u0259 ya\u011f\u0131nt\u0131l\u0131 hava \u015f\u0259raiti mart\u0131n 2-d\u0259k davam ed\u0259c\u0259k. Qeyd olunanlarla ba\u011fl\u0131 F\u00f6vq\u0259lad\u0259 Hallar Nazirliyi \u0259haliy\u0259 t\u0259krar m\u00fcraci\u0259t ed\u0259r\u0259k, m\u00fcvafiq t\u0259hl\u00fck\u0259sizlik qaydalar\u0131na ciddi \u0259m\u0259l etm\u0259y\u0259 \u00e7a\u011f\u0131r\u0131r. Bel\u0259 ki,&hellip;","_links":{"self":[{"href":"https:\/\/arantv.az\/index.php?rest_route=\/wp\/v2\/posts\/790800"}],"collection":[{"href":"https:\/\/arantv.az\/index.php?rest_route=\/wp\/v2\/posts"}],"about":[{"href":"https:\/\/arantv.az\/index.php?rest_route=\/wp\/v2\/types\/post"}],"author":[{"embeddable":true,"href":"https:\/\/arantv.az\/index.php?rest_route=\/wp\/v2\/users\/2"}],"replies":[{"embeddable":true,"href":"https:\/\/arantv.az\/index.php?rest_route=%2Fwp%2Fv2%2Fcomments&post=790800"}],"version-history":[{"count":1,"href":"https:\/\/arantv.az\/index.php?rest_route=\/wp\/v2\/posts\/790800\/revisions"}],"predecessor-version":[{"id":790802,"href":"https:\/\/arantv.az\/index.php?rest_route=\/wp\/v2\/posts\/790800\/revisions\/790802"}],"wp:featuredmedia":[{"embeddable":true,"href":"https:\/\/arantv.az\/index.php?rest_route=\/wp\/v2\/media\/790801"}],"wp:attachment":[{"href":"https:\/\/arantv.az\/index.php?rest_route=%2Fwp%2Fv2%2Fmedia&parent=790800"}],"wp:term":[{"taxonomy":"category","embeddable":true,"href":"https:\/\/arantv.az\/index.php?rest_route=%2Fwp%2Fv2%2Fcategories&post=790800"},{"taxonomy":"post_tag","embeddable":true,"href":"https:\/\/arantv.az\/index.php?rest_route=%2Fwp%2Fv2%2Ftags&post=790800"}],"curies":[{"name":"wp","href":"https:\/\/api.w.org\/{rel}","templated":true}]}}