{"id":790803,"date":"2025-02-28T22:05:51","date_gmt":"2025-02-28T18:05:51","guid":{"rendered":"https:\/\/arantv.az\/?p=790803"},"modified":"2025-02-28T22:05:51","modified_gmt":"2025-02-28T18:05:51","slug":"uz%c9%99rind%c9%99-200-baliqcinin-oldugu-buz-qopdu-kom%c9%99k-gozl%c9%99yirl%c9%99r-video","status":"publish","type":"post","link":"https:\/\/arantv.az\/?p=790803","title":{"rendered":"\u00dcz\u0259rind\u0259 200 bal\u0131q\u00e7\u0131n\u0131n oldu\u011fu buz qopdu &#8211; K\u00f6m\u0259k g\u00f6zl\u0259yirl\u0259r &#8211; V\u0130DEO"},"content":{"rendered":"<div class=\"text-content\" data-id=\"\" data-url=\"\">\n<p><strong>Rusiyan\u0131n Saxalin vilay\u0259tind\u0259 t\u0259qrib\u0259n\u00a0200 bal\u0131q\u00e7\u0131 buz par\u00e7as\u0131n\u0131n qopmas\u0131 n\u0259tic\u0259sind\u0259 k\u00f6m\u0259ksiz qal\u0131b.<\/strong><\/p>\n<p>Bu bar\u0259d\u0259 m\u0259lumat\u0131 Rusiyan\u0131n F\u00f6vq\u0259lad\u0259 Hallar Nazirliyi yay\u0131b.<\/p>\n<p>Bildirilib ki, haz\u0131rda h\u0259min bal\u0131q\u00e7\u0131lar\u0131n xilas edilm\u0259si \u00fczr\u0259 \u0259m\u0259liyyat h\u0259yata ke\u00e7irilir.<\/p>\n<p>Buz par\u00e7as\u0131 v\u0259 sahil aras\u0131nda 700 metr m\u0259saf\u0259 var.<\/p>\n<p>\u018fn son m\u0259lumata g\u00f6r\u0259, h\u0259l\u0259 ki 66 bal\u0131q\u00e7\u0131 xilas edilib.\/Milli.az\/<\/p>\n<p><iframe loading=\"lazy\" src=\"https:\/\/newstube.az\/embed\/178925\" width=\"670\" height=\"400\" frameborder=\"0\" allowfullscreen=\"allowfullscreen\" data-mce-fragment=\"1\"><\/iframe><\/p>\n<\/div>\n<div><\/div>\n<div><\/div>\n<div class=\"inner-social-box\">\n<div class=\"subs-in-social subs-whatsapp\"><\/div>\n<\/div>\n","protected":false},"excerpt":{"rendered":"<p>Rusiyan\u0131n Saxalin vilay\u0259tind\u0259 t\u0259qrib\u0259n\u00a0200 bal\u0131q\u00e7\u0131 buz par\u00e7as\u0131n\u0131n qopmas\u0131 n\u0259tic\u0259sind\u0259 k\u00f6m\u0259ksiz qal\u0131b. Bu bar\u0259d\u0259 m\u0259lumat\u0131 Rusiyan\u0131n F\u00f6vq\u0259lad\u0259 Hallar Nazirliyi yay\u0131b. Bildirilib ki, haz\u0131rda h\u0259min bal\u0131q\u00e7\u0131lar\u0131n xilas edilm\u0259si \u00fczr\u0259 \u0259m\u0259liyyat h\u0259yata ke\u00e7irilir. Buz par\u00e7as\u0131 v\u0259 sahil aras\u0131nda 700 metr m\u0259saf\u0259 var. \u018fn son m\u0259lumata g\u00f6r\u0259, h\u0259l\u0259 ki 66 bal\u0131q\u00e7\u0131 xilas edilib.\/Milli.az\/<\/p>\n","protected":false},"author":2,"featured_media":790804,"comment_status":"closed","ping_status":"closed","sticky":false,"template":"","format":"standard","meta":{"om_disable_all_campaigns":false,"_monsterinsights_skip_tracking":false,"_monsterinsights_sitenote_active":false,"_monsterinsights_sitenote_note":"","_monsterinsights_sitenote_category":0},"categories":[7],"tags":[],"aioseo_notices":[],"gutentor_comment":0,"rttpg_featured_image_url":{"full":["https:\/\/arantv.az\/wp-content\/uploads\/2025\/02\/e1fabbae491fdb829f7ee4d915856db6.jpg",720,500,false],"landscape":["https:\/\/arantv.az\/wp-content\/uploads\/2025\/02\/e1fabbae491fdb829f7ee4d915856db6.jpg",720,500,false],"portraits":["https:\/\/arantv.az\/wp-content\/uploads\/2025\/02\/e1fabbae491fdb829f7ee4d915856db6.jpg",720,500,false],"thumbnail":["https:\/\/arantv.az\/wp-content\/uploads\/2025\/02\/e1fabbae491fdb829f7ee4d915856db6-500x280.jpg",500,280,true],"medium":["https:\/\/arantv.az\/wp-content\/uploads\/2025\/02\/e1fabbae491fdb829f7ee4d915856db6-526x365.jpg",526,365,true],"large":["https:\/\/arantv.az\/wp-content\/uploads\/2025\/02\/e1fabbae491fdb829f7ee4d915856db6.jpg",640,444,false],"1536x1536":["https:\/\/arantv.az\/wp-content\/uploads\/2025\/02\/e1fabbae491fdb829f7ee4d915856db6.jpg",720,500,false],"2048x2048":["https:\/\/arantv.az\/wp-content\/uploads\/2025\/02\/e1fabbae491fdb829f7ee4d915856db6.jpg",720,500,false],"post-thumbnail":["https:\/\/arantv.az\/wp-content\/uploads\/2025\/02\/e1fabbae491fdb829f7ee4d915856db6-240x172.jpg",240,172,true],"advps-thumb-one":["https:\/\/arantv.az\/wp-content\/uploads\/2025\/02\/e1fabbae491fdb829f7ee4d915856db6.jpg",720,500,false]},"rttpg_author":{"display_name":"V\u00fcsal Rafiqo\u011flu","author_link":"https:\/\/arantv.az\/?author=2"},"rttpg_comment":0,"rttpg_category":"<a href=\"https:\/\/arantv.az\/?cat=7\" rel=\"category\">D\u00fcnya<\/a>","rttpg_excerpt":"Rusiyan\u0131n Saxalin vilay\u0259tind\u0259 t\u0259qrib\u0259n\u00a0200 bal\u0131q\u00e7\u0131 buz par\u00e7as\u0131n\u0131n qopmas\u0131 n\u0259tic\u0259sind\u0259 k\u00f6m\u0259ksiz qal\u0131b. Bu bar\u0259d\u0259 m\u0259lumat\u0131 Rusiyan\u0131n F\u00f6vq\u0259lad\u0259 Hallar Nazirliyi yay\u0131b. Bildirilib ki, haz\u0131rda h\u0259min bal\u0131q\u00e7\u0131lar\u0131n xilas edilm\u0259si \u00fczr\u0259 \u0259m\u0259liyyat h\u0259yata ke\u00e7irilir. Buz par\u00e7as\u0131 v\u0259 sahil aras\u0131nda 700 metr m\u0259saf\u0259 var. \u018fn son m\u0259lumata g\u00f6r\u0259, h\u0259l\u0259 ki 66 bal\u0131q\u00e7\u0131 xilas edilib.\/Milli.az\/","_links":{"self":[{"href":"https:\/\/arantv.az\/index.php?rest_route=\/wp\/v2\/posts\/790803"}],"collection":[{"href":"https:\/\/arantv.az\/index.php?rest_route=\/wp\/v2\/posts"}],"about":[{"href":"https:\/\/arantv.az\/index.php?rest_route=\/wp\/v2\/types\/post"}],"author":[{"embeddable":true,"href":"https:\/\/arantv.az\/index.php?rest_route=\/wp\/v2\/users\/2"}],"replies":[{"embeddable":true,"href":"https:\/\/arantv.az\/index.php?rest_route=%2Fwp%2Fv2%2Fcomments&post=790803"}],"version-history":[{"count":2,"href":"https:\/\/arantv.az\/index.php?rest_route=\/wp\/v2\/posts\/790803\/revisions"}],"predecessor-version":[{"id":790806,"href":"https:\/\/arantv.az\/index.php?rest_route=\/wp\/v2\/posts\/790803\/revisions\/790806"}],"wp:featuredmedia":[{"embeddable":true,"href":"https:\/\/arantv.az\/index.php?rest_route=\/wp\/v2\/media\/790804"}],"wp:attachment":[{"href":"https:\/\/arantv.az\/index.php?rest_route=%2Fwp%2Fv2%2Fmedia&parent=790803"}],"wp:term":[{"taxonomy":"category","embeddable":true,"href":"https:\/\/arantv.az\/index.php?rest_route=%2Fwp%2Fv2%2Fcategories&post=790803"},{"taxonomy":"post_tag","embeddable":true,"href":"https:\/\/arantv.az\/index.php?rest_route=%2Fwp%2Fv2%2Ftags&post=790803"}],"curies":[{"name":"wp","href":"https:\/\/api.w.org\/{rel}","templated":true}]}}