{"id":790867,"date":"2025-03-01T10:33:37","date_gmt":"2025-03-01T06:33:37","guid":{"rendered":"https:\/\/arantv.az\/?p=790867"},"modified":"2025-03-01T10:33:37","modified_gmt":"2025-03-01T06:33:37","slug":"martda-nec%c9%99-gun-evd%c9%99yik","status":"publish","type":"post","link":"https:\/\/arantv.az\/?p=790867","title":{"rendered":"Martda ne\u00e7\u0259 g\u00fcn evd\u0259yik?"},"content":{"rendered":"<p>Bu ay \u015f\u0259nb\u0259-bazar g\u00fcnl\u0259ri d\u0259 daxil 18 g\u00fcn qeyri-i\u015f g\u00fcn\u00fc olacaq.<\/p>\n<p><strong>ARANTV.AZ<\/strong> \u00a0<a title=\"xeberler son xeberler 2025\" href=\"https:\/\/big.az\/\" target=\"_blank\" rel=\"noopener\">x\u0259b\u0259r<\/a>\u00a0verir ki, Ba\u015f nazirin Q\u0259rar\u0131na \u0259sas\u0259n, 27 v\u0259 28 mart i\u015f g\u00fcnl\u0259ri il\u0259 m\u00fcvafiq olaraq 10 mart v\u0259 1 aprel istirah\u0259t g\u00fcnl\u0259rinin yerl\u0259ri d\u0259yi\u015fdirilib.<\/p>\n<p>Bel\u0259likl\u0259, \u00f6lk\u0259mizd\u0259 ard\u0131c\u0131l 12 g\u00fcn &#8211; mart\u0131n 20-d\u0259n aprelin 1-d\u0259k qeyri-i\u015f g\u00fcnl\u0259ridir.<\/p>\n<p>1, 2, 8, 9, 15 v\u0259 16 mart tarixl\u0259ri d\u0259 \u015f\u0259nb\u0259-bazara t\u0259sad\u00fcf etdiyind\u0259n mart ay\u0131nda qeyri-i\u015f g\u00fcnl\u0259rinin say\u0131 18 g\u00fcn t\u0259\u015fkil ed\u0259c\u0259k.<\/p>\n<p>Qeyd ed\u0259k ki, mart\u0131n 30 v\u0259 31-i Ramazan bayram\u0131 qeyd olunacaq.<\/p>\n<p>Bayramdan sonra ilk i\u015f g\u00fcn\u00fc is\u0259 aprelin 1-i olacaq.<\/p>\n","protected":false},"excerpt":{"rendered":"<p>Bu ay \u015f\u0259nb\u0259-bazar g\u00fcnl\u0259ri d\u0259 daxil 18 g\u00fcn qeyri-i\u015f g\u00fcn\u00fc olacaq. ARANTV.AZ \u00a0x\u0259b\u0259r\u00a0verir ki, Ba\u015f nazirin Q\u0259rar\u0131na \u0259sas\u0259n, 27 v\u0259 28 mart i\u015f g\u00fcnl\u0259ri il\u0259 m\u00fcvafiq olaraq 10 mart v\u0259 1 aprel istirah\u0259t g\u00fcnl\u0259rinin yerl\u0259ri d\u0259yi\u015fdirilib. Bel\u0259likl\u0259, \u00f6lk\u0259mizd\u0259 ard\u0131c\u0131l 12 g\u00fcn &#8211; mart\u0131n 20-d\u0259n aprelin 1-d\u0259k qeyri-i\u015f g\u00fcnl\u0259ridir. 1, 2, 8, 9, 15 v\u0259 16 mart tarixl\u0259ri d\u0259 \u015f\u0259nb\u0259-bazara t\u0259sad\u00fcf etdiyind\u0259n mart ay\u0131nda qeyri-i\u015f g\u00fcnl\u0259rinin say\u0131 18 g\u00fcn t\u0259\u015fkil ed\u0259c\u0259k. Qeyd ed\u0259k ki, mart\u0131n 30 v\u0259 31-i Ramazan bayram\u0131 qeyd olunacaq. Bayramdan sonra ilk i\u015f g\u00fcn\u00fc is\u0259 aprelin 1-i olacaq.<\/p>\n","protected":false},"author":2,"featured_media":790868,"comment_status":"closed","ping_status":"closed","sticky":false,"template":"","format":"standard","meta":{"om_disable_all_campaigns":false,"_monsterinsights_skip_tracking":false,"_monsterinsights_sitenote_active":false,"_monsterinsights_sitenote_note":"","_monsterinsights_sitenote_category":0},"categories":[1],"tags":[],"aioseo_notices":[],"gutentor_comment":0,"rttpg_featured_image_url":{"full":["https:\/\/arantv.az\/wp-content\/uploads\/2025\/03\/mart_81740809808.jpg",637,400,false],"landscape":["https:\/\/arantv.az\/wp-content\/uploads\/2025\/03\/mart_81740809808.jpg",637,400,false],"portraits":["https:\/\/arantv.az\/wp-content\/uploads\/2025\/03\/mart_81740809808.jpg",637,400,false],"thumbnail":["https:\/\/arantv.az\/wp-content\/uploads\/2025\/03\/mart_81740809808-500x280.jpg",500,280,true],"medium":["https:\/\/arantv.az\/wp-content\/uploads\/2025\/03\/mart_81740809808-581x365.jpg",581,365,true],"large":["https:\/\/arantv.az\/wp-content\/uploads\/2025\/03\/mart_81740809808.jpg",637,400,false],"1536x1536":["https:\/\/arantv.az\/wp-content\/uploads\/2025\/03\/mart_81740809808.jpg",637,400,false],"2048x2048":["https:\/\/arantv.az\/wp-content\/uploads\/2025\/03\/mart_81740809808.jpg",637,400,false],"post-thumbnail":["https:\/\/arantv.az\/wp-content\/uploads\/2025\/03\/mart_81740809808-240x172.jpg",240,172,true],"advps-thumb-one":["https:\/\/arantv.az\/wp-content\/uploads\/2025\/03\/mart_81740809808.jpg",637,400,false]},"rttpg_author":{"display_name":"V\u00fcsal Rafiqo\u011flu","author_link":"https:\/\/arantv.az\/?author=2"},"rttpg_comment":0,"rttpg_category":"<a href=\"https:\/\/arantv.az\/?cat=1\" rel=\"category\">C\u0259miyy\u0259t<\/a>","rttpg_excerpt":"Bu ay \u015f\u0259nb\u0259-bazar g\u00fcnl\u0259ri d\u0259 daxil 18 g\u00fcn qeyri-i\u015f g\u00fcn\u00fc olacaq. ARANTV.AZ \u00a0x\u0259b\u0259r\u00a0verir ki, Ba\u015f nazirin Q\u0259rar\u0131na \u0259sas\u0259n, 27 v\u0259 28 mart i\u015f g\u00fcnl\u0259ri il\u0259 m\u00fcvafiq olaraq 10 mart v\u0259 1 aprel istirah\u0259t g\u00fcnl\u0259rinin yerl\u0259ri d\u0259yi\u015fdirilib. Bel\u0259likl\u0259, \u00f6lk\u0259mizd\u0259 ard\u0131c\u0131l 12 g\u00fcn &#8211; mart\u0131n 20-d\u0259n aprelin 1-d\u0259k qeyri-i\u015f g\u00fcnl\u0259ridir. 1, 2, 8, 9, 15 v\u0259 16&hellip;","_links":{"self":[{"href":"https:\/\/arantv.az\/index.php?rest_route=\/wp\/v2\/posts\/790867"}],"collection":[{"href":"https:\/\/arantv.az\/index.php?rest_route=\/wp\/v2\/posts"}],"about":[{"href":"https:\/\/arantv.az\/index.php?rest_route=\/wp\/v2\/types\/post"}],"author":[{"embeddable":true,"href":"https:\/\/arantv.az\/index.php?rest_route=\/wp\/v2\/users\/2"}],"replies":[{"embeddable":true,"href":"https:\/\/arantv.az\/index.php?rest_route=%2Fwp%2Fv2%2Fcomments&post=790867"}],"version-history":[{"count":1,"href":"https:\/\/arantv.az\/index.php?rest_route=\/wp\/v2\/posts\/790867\/revisions"}],"predecessor-version":[{"id":790869,"href":"https:\/\/arantv.az\/index.php?rest_route=\/wp\/v2\/posts\/790867\/revisions\/790869"}],"wp:featuredmedia":[{"embeddable":true,"href":"https:\/\/arantv.az\/index.php?rest_route=\/wp\/v2\/media\/790868"}],"wp:attachment":[{"href":"https:\/\/arantv.az\/index.php?rest_route=%2Fwp%2Fv2%2Fmedia&parent=790867"}],"wp:term":[{"taxonomy":"category","embeddable":true,"href":"https:\/\/arantv.az\/index.php?rest_route=%2Fwp%2Fv2%2Fcategories&post=790867"},{"taxonomy":"post_tag","embeddable":true,"href":"https:\/\/arantv.az\/index.php?rest_route=%2Fwp%2Fv2%2Ftags&post=790867"}],"curies":[{"name":"wp","href":"https:\/\/api.w.org\/{rel}","templated":true}]}}