{"id":790876,"date":"2025-03-01T10:36:35","date_gmt":"2025-03-01T06:36:35","guid":{"rendered":"https:\/\/arantv.az\/?p=790876"},"modified":"2025-03-01T10:36:35","modified_gmt":"2025-03-01T06:36:35","slug":"ramazan-%c9%99n%c9%99n%c9%99l%c9%99ri-kecmisd%c9%99n-bu-gun%c9%99-muxt%c9%99lif-bolg%c9%99l%c9%99rd%c9%99-ramazan-ayi-nec%c9%99-qeyd-olunur","status":"publish","type":"post","link":"https:\/\/arantv.az\/?p=790876","title":{"rendered":"Ramazan \u0259n\u0259n\u0259l\u0259ri ke\u00e7mi\u015fd\u0259n bu g\u00fcn\u0259 &#8211; M\u00fcxt\u0259lif b\u00f6lg\u0259l\u0259rd\u0259 Ramazan ay\u0131 nec\u0259 qeyd olunur?"},"content":{"rendered":"<p>Ramazan ay\u0131 \u0259srl\u0259r boyu Az\u0259rbaycanda dini v\u0259 m\u0259n\u0259vi d\u0259y\u0259rl\u0259rl\u0259 yana\u015f\u0131, h\u0259m d\u0259 m\u0259d\u0259ni \u0259n\u0259n\u0259l\u0259rin formala\u015fmas\u0131na s\u0259b\u0259b olub.<\/p>\n<p>BAKU.WS\u00a0<a title=\"xeberler son xeberler 2025\" href=\"https:\/\/big.az\/\" target=\"_blank\" rel=\"noopener\">x\u0259b\u0259r<\/a>\u00a0verir ki, h\u0259r b\u00f6lg\u0259nin \u00f6z\u00fcn\u0259m\u0259xsus Ramazan ad\u0259tl\u0259ri var v\u0259 bu ad\u0259tl\u0259r zamanla d\u0259yi\u015fs\u0259 d\u0259, \u00f6z mahiyy\u0259tini qoruyub saxlay\u0131r.<\/p>\n<p><b>Quba v\u0259 \u015e\u0259ki: X\u00fcsusi Ramazan s\u00fcfr\u0259l\u0259ri<br \/>\n<\/b><br \/>\nQuba v\u0259 \u015e\u0259ki b\u00f6lg\u0259l\u0259ri q\u0259dim Ramazan \u0259n\u0259n\u0259l\u0259ri il\u0259 se\u00e7ilir. Bu b\u00f6lg\u0259l\u0259rd\u0259 iftar s\u00fcfr\u0259l\u0259ri x\u00fcsusi yem\u0259kl\u0259rl\u0259 b\u0259z\u0259dilir. \u015e\u0259kid\u0259 iftarda m\u00fctl\u0259q paxlava v\u0259 piti verilir. Qubada is\u0259 l\u0259v\u0259ngi dolmas\u0131, sac\u00fcst\u00fc yem\u0259kl\u0259r v\u0259 m\u00fcxt\u0259lif \u015firniyyatlar s\u00fcfr\u0259nin ayr\u0131lmaz hiss\u0259sidir.<\/p>\n<p>\u018fvv\u0259ll\u0259r k\u0259ndl\u0259rd\u0259 insanlar azan s\u0259si il\u0259 deyil, k\u0259ndin a\u011fsaqqal\u0131 v\u0259 ya din xadimi t\u0259r\u0259find\u0259n veril\u0259n i\u015far\u0259 il\u0259 oruclar\u0131n\u0131 a\u00e7\u0131rd\u0131lar. \u0130ftar s\u00fcfr\u0259sin\u0259 qon\u015fular v\u0259 ehtiyac\u0131 olan insanlar d\u0259v\u0259t edilirdi.<\/p>\n<p><b>Nax\u00e7\u0131van: Ramazan qonaqp\u0259rv\u0259rliyi v\u0259 xeyriyy\u0259 \u0259n\u0259n\u0259l\u0259ri<br \/>\n<\/b><br \/>\nNax\u00e7\u0131van\u0131n k\u0259ndl\u0259rind\u0259 Ramazan ay\u0131nda imkans\u0131z ail\u0259l\u0259r\u0259 x\u00fcsusi yard\u0131mlar edilir. Ke\u00e7mi\u015fd\u0259 varl\u0131 ail\u0259l\u0259r bayram \u0259r\u0259f\u0259sind\u0259 ehtiyac\u0131 olanlara \u0259rzaq v\u0259 geyim paylay\u0131rd\u0131lar. Bu g\u00fcn d\u0259 bu \u0259n\u0259n\u0259 qorunub saxlan\u0131r v\u0259 xeyriyy\u0259 aksiyalar\u0131 geni\u015f \u015f\u0259kild\u0259 t\u0259\u015fkil edilir.<\/p>\n<p>Ramazan bayram\u0131nda evl\u0259rd\u0259 x\u00fcsusi \u015firniyyatlar bi\u015firilir v\u0259 qohum-\u0259qr\u0259ba, qon\u015fular aras\u0131nda paylan\u0131r. \u018fn\u0259n\u0259y\u0259 g\u00f6r\u0259, bayram g\u00fcn\u00fc ev\u0259 g\u0259l\u0259n ilk qonaq bolluq v\u0259 b\u0259r\u0259k\u0259t g\u0259tirir.<\/p>\n<p><b>L\u0259nk\u0259ran: Ramazan gec\u0259l\u0259ri v\u0259 iftar ad\u0259tl\u0259ri<br \/>\n<\/b><br \/>\nL\u0259nk\u0259randa Ramazan gec\u0259l\u0259ri x\u00fcsusi atmosferi il\u0259 se\u00e7ilir. Ke\u00e7mi\u015fd\u0259 insanlar s\u00fcbh namaz\u0131ndan sonra bir yer\u0259 y\u0131\u011f\u0131\u015far, Ramazan haqq\u0131nda s\u00f6hb\u0259tl\u0259r ed\u0259rdil\u0259r. Burada \u0259n \u00e7ox sevil\u0259n Ramazan yem\u0259kl\u0259rind\u0259n biri d\u0259 bal\u0131q v\u0259 d\u00fcy\u00fc x\u00f6r\u0259kl\u0259ridir.<\/p>\n<p>\u018fvv\u0259ll\u0259r iftar vaxt\u0131 m\u0259scidl\u0259rd\u0259n t\u0259kc\u0259 azan s\u0259sl\u0259nm\u0259zdi, h\u0259m d\u0259 b\u00f6y\u00fck davul \u00e7al\u0131naraq insanlara oruc a\u00e7ma vaxt\u0131n\u0131n g\u0259ldiyi bildiril\u0259rdi. Bu \u0259n\u0259n\u0259 b\u0259zi k\u0259ndl\u0259rd\u0259 h\u0259l\u0259 d\u0259 davam etdirilir.<\/p>\n<p><b>Qaraba\u011f: Ke\u00e7mi\u015fin Ramazan s\u00fcfr\u0259l\u0259ri<br \/>\n<\/b><br \/>\nQaraba\u011f b\u00f6lg\u0259sind\u0259 Ramazan ay\u0131 x\u00fcsusil\u0259 b\u00f6y\u00fck h\u00f6rm\u0259tl\u0259 qar\u015f\u0131lan\u0131rd\u0131. Ke\u00e7mi\u015fd\u0259 burada insanlar sahur v\u0259 iftar zaman\u0131 birlikd\u0259 dua edir, bir-birinin s\u00fcfr\u0259sin\u0259 qonaq ged\u0259rdil\u0259r. X\u00fcsusil\u0259, qovurma, a\u015f v\u0259 qutab s\u00fcfr\u0259l\u0259rd\u0259 \u0259sas yer tuturdu.<\/p>\n<p>Ramazan bayram\u0131nda is\u0259 Qaraba\u011f\u0131n k\u0259ndl\u0259rind\u0259 qurban k\u0259sil\u0259r, bayram namaz\u0131ndan sonra qohumlar bir-birini ziyar\u0259t ed\u0259rdi. Bayram g\u00fcn\u00fc ya\u015fl\u0131 insanlar\u0131n xeyir-duas\u0131n\u0131 almaq b\u00f6y\u00fck \u0259n\u0259n\u0259 idi.<\/p>\n<p><b>Bak\u0131 v\u0259 Ab\u015feron: M\u00fcasir Ramazan \u0259n\u0259n\u0259l\u0259ri<br \/>\n<\/b><br \/>\nBak\u0131da v\u0259 Ab\u015feron k\u0259ndl\u0259rind\u0259 Ramazan ay\u0131na haz\u0131rl\u0131q \u0259vv\u0259ld\u0259n ba\u015flay\u0131rd\u0131. \u0130nsanlar evl\u0259rini t\u0259mizl\u0259yir, bayrama x\u00fcsusi \u015firniyyatlar bi\u015firirdil\u0259r. \u018fvv\u0259ll\u0259r iftar \u00fc\u00e7\u00fcn insanlar bir-birini d\u0259v\u0259t ed\u0259r v\u0259 b\u00f6y\u00fck m\u0259clisl\u0259r t\u0259\u015fkil olunard\u0131.<\/p>\n<p>Bu g\u00fcn Bak\u0131da Ramazan ay\u0131 daha m\u00fcasir formada qeyd olunur. M\u0259scidl\u0259rd\u0259 k\u00fctl\u0259vi iftar s\u00fcfr\u0259l\u0259ri a\u00e7\u0131l\u0131r, ehtiyac\u0131 olanlara yard\u0131mlar edilir. Ramazan bazarlar\u0131 t\u0259\u015fkil olunur v\u0259 insanlar bayramqaba\u011f\u0131 al\u0131\u015f-veri\u015f edirl\u0259r.<\/p>\n<p><b>Ke\u00e7mi\u015fd\u0259n bu g\u00fcn\u0259 \u2013 Ramazan \u0259n\u0259n\u0259l\u0259rinin qorunmas\u0131<br \/>\n<\/b><br \/>\nZaman ke\u00e7dikc\u0259 Ramazan ay\u0131n\u0131n qeyd olunma formas\u0131 d\u0259yi\u015fs\u0259 d\u0259, onun \u0259sas prinsipl\u0259ri \u2013 insanl\u0131q, yard\u0131mla\u015fma v\u0259 m\u0259n\u0259vi safl\u0131q qorunub saxlan\u0131r. \u018fn\u0259n\u0259vi iftar s\u00fcfr\u0259l\u0259ri, bayram namaz\u0131, xeyriyy\u0259 aksiyalar\u0131 v\u0259 Ramazan ay\u0131n\u0131n g\u0259tirdiyi birlik ruhu bu g\u00fcn d\u0259 Az\u0259rbaycan c\u0259miyy\u0259tinin \u0259sas d\u0259y\u0259rl\u0259rind\u0259n biri olaraq qal\u0131r.<\/p>\n<p>Ramazan ay\u0131 t\u0259kc\u0259 dini ibad\u0259t d\u00f6vr\u00fc deyil, h\u0259m d\u0259 milli-m\u0259n\u0259vi d\u0259y\u0259rl\u0259rin ya\u015fad\u0131ld\u0131\u011f\u0131, ail\u0259 v\u0259 c\u0259miyy\u0259t ba\u011flar\u0131n\u0131n daha da m\u00f6hk\u0259ml\u0259ndiyi bir zamand\u0131r. Az\u0259rbaycan\u0131n m\u00fcxt\u0259lif b\u00f6lg\u0259l\u0259rind\u0259 formala\u015fm\u0131\u015f bu ad\u0259t-\u0259n\u0259n\u0259l\u0259r is\u0259 xalq\u0131m\u0131z\u0131n q\u0259dim irsinin bir hiss\u0259si olaraq g\u0259l\u0259c\u0259k n\u0259sill\u0259r\u0259 \u00f6t\u00fcr\u00fclm\u0259kd\u0259 davam edir.<\/p>\n","protected":false},"excerpt":{"rendered":"<p>Ramazan ay\u0131 \u0259srl\u0259r boyu Az\u0259rbaycanda dini v\u0259 m\u0259n\u0259vi d\u0259y\u0259rl\u0259rl\u0259 yana\u015f\u0131, h\u0259m d\u0259 m\u0259d\u0259ni \u0259n\u0259n\u0259l\u0259rin formala\u015fmas\u0131na s\u0259b\u0259b olub. BAKU.WS\u00a0x\u0259b\u0259r\u00a0verir ki, h\u0259r b\u00f6lg\u0259nin \u00f6z\u00fcn\u0259m\u0259xsus Ramazan ad\u0259tl\u0259ri var v\u0259 bu ad\u0259tl\u0259r zamanla d\u0259yi\u015fs\u0259 d\u0259, \u00f6z mahiyy\u0259tini qoruyub saxlay\u0131r. Quba v\u0259 \u015e\u0259ki: X\u00fcsusi Ramazan s\u00fcfr\u0259l\u0259ri Quba v\u0259 \u015e\u0259ki b\u00f6lg\u0259l\u0259ri q\u0259dim Ramazan \u0259n\u0259n\u0259l\u0259ri il\u0259 se\u00e7ilir. Bu b\u00f6lg\u0259l\u0259rd\u0259 iftar s\u00fcfr\u0259l\u0259ri x\u00fcsusi yem\u0259kl\u0259rl\u0259 b\u0259z\u0259dilir. \u015e\u0259kid\u0259 iftarda m\u00fctl\u0259q paxlava v\u0259 piti verilir. Qubada is\u0259 l\u0259v\u0259ngi dolmas\u0131, sac\u00fcst\u00fc yem\u0259kl\u0259r v\u0259 m\u00fcxt\u0259lif \u015firniyyatlar s\u00fcfr\u0259nin ayr\u0131lmaz hiss\u0259sidir. \u018fvv\u0259ll\u0259r k\u0259ndl\u0259rd\u0259 insanlar azan s\u0259si il\u0259 deyil, k\u0259ndin a\u011fsaqqal\u0131 v\u0259 ya din xadimi t\u0259r\u0259find\u0259n&hellip;<\/p>\n","protected":false},"author":2,"featured_media":790877,"comment_status":"closed","ping_status":"closed","sticky":false,"template":"","format":"standard","meta":{"om_disable_all_campaigns":false,"_monsterinsights_skip_tracking":false,"_monsterinsights_sitenote_active":false,"_monsterinsights_sitenote_note":"","_monsterinsights_sitenote_category":0},"categories":[1],"tags":[],"aioseo_notices":[],"gutentor_comment":0,"rttpg_featured_image_url":{"full":["https:\/\/arantv.az\/wp-content\/uploads\/2025\/03\/iftar.png",650,423,false],"landscape":["https:\/\/arantv.az\/wp-content\/uploads\/2025\/03\/iftar.png",650,423,false],"portraits":["https:\/\/arantv.az\/wp-content\/uploads\/2025\/03\/iftar.png",650,423,false],"thumbnail":["https:\/\/arantv.az\/wp-content\/uploads\/2025\/03\/iftar-500x280.png",500,280,true],"medium":["https:\/\/arantv.az\/wp-content\/uploads\/2025\/03\/iftar-561x365.png",561,365,true],"large":["https:\/\/arantv.az\/wp-content\/uploads\/2025\/03\/iftar.png",640,416,false],"1536x1536":["https:\/\/arantv.az\/wp-content\/uploads\/2025\/03\/iftar.png",650,423,false],"2048x2048":["https:\/\/arantv.az\/wp-content\/uploads\/2025\/03\/iftar.png",650,423,false],"post-thumbnail":["https:\/\/arantv.az\/wp-content\/uploads\/2025\/03\/iftar-240x172.png",240,172,true],"advps-thumb-one":["https:\/\/arantv.az\/wp-content\/uploads\/2025\/03\/iftar.png",650,423,false]},"rttpg_author":{"display_name":"V\u00fcsal Rafiqo\u011flu","author_link":"https:\/\/arantv.az\/?author=2"},"rttpg_comment":0,"rttpg_category":"<a href=\"https:\/\/arantv.az\/?cat=1\" rel=\"category\">C\u0259miyy\u0259t<\/a>","rttpg_excerpt":"Ramazan ay\u0131 \u0259srl\u0259r boyu Az\u0259rbaycanda dini v\u0259 m\u0259n\u0259vi d\u0259y\u0259rl\u0259rl\u0259 yana\u015f\u0131, h\u0259m d\u0259 m\u0259d\u0259ni \u0259n\u0259n\u0259l\u0259rin formala\u015fmas\u0131na s\u0259b\u0259b olub. BAKU.WS\u00a0x\u0259b\u0259r\u00a0verir ki, h\u0259r b\u00f6lg\u0259nin \u00f6z\u00fcn\u0259m\u0259xsus Ramazan ad\u0259tl\u0259ri var v\u0259 bu ad\u0259tl\u0259r zamanla d\u0259yi\u015fs\u0259 d\u0259, \u00f6z mahiyy\u0259tini qoruyub saxlay\u0131r. Quba v\u0259 \u015e\u0259ki: X\u00fcsusi Ramazan s\u00fcfr\u0259l\u0259ri Quba v\u0259 \u015e\u0259ki b\u00f6lg\u0259l\u0259ri q\u0259dim Ramazan \u0259n\u0259n\u0259l\u0259ri il\u0259 se\u00e7ilir. Bu b\u00f6lg\u0259l\u0259rd\u0259 iftar s\u00fcfr\u0259l\u0259ri x\u00fcsusi&hellip;","_links":{"self":[{"href":"https:\/\/arantv.az\/index.php?rest_route=\/wp\/v2\/posts\/790876"}],"collection":[{"href":"https:\/\/arantv.az\/index.php?rest_route=\/wp\/v2\/posts"}],"about":[{"href":"https:\/\/arantv.az\/index.php?rest_route=\/wp\/v2\/types\/post"}],"author":[{"embeddable":true,"href":"https:\/\/arantv.az\/index.php?rest_route=\/wp\/v2\/users\/2"}],"replies":[{"embeddable":true,"href":"https:\/\/arantv.az\/index.php?rest_route=%2Fwp%2Fv2%2Fcomments&post=790876"}],"version-history":[{"count":2,"href":"https:\/\/arantv.az\/index.php?rest_route=\/wp\/v2\/posts\/790876\/revisions"}],"predecessor-version":[{"id":790879,"href":"https:\/\/arantv.az\/index.php?rest_route=\/wp\/v2\/posts\/790876\/revisions\/790879"}],"wp:featuredmedia":[{"embeddable":true,"href":"https:\/\/arantv.az\/index.php?rest_route=\/wp\/v2\/media\/790877"}],"wp:attachment":[{"href":"https:\/\/arantv.az\/index.php?rest_route=%2Fwp%2Fv2%2Fmedia&parent=790876"}],"wp:term":[{"taxonomy":"category","embeddable":true,"href":"https:\/\/arantv.az\/index.php?rest_route=%2Fwp%2Fv2%2Fcategories&post=790876"},{"taxonomy":"post_tag","embeddable":true,"href":"https:\/\/arantv.az\/index.php?rest_route=%2Fwp%2Fv2%2Ftags&post=790876"}],"curies":[{"name":"wp","href":"https:\/\/api.w.org\/{rel}","templated":true}]}}