{"id":790884,"date":"2025-03-01T10:38:15","date_gmt":"2025-03-01T06:38:15","guid":{"rendered":"https:\/\/arantv.az\/?p=790884"},"modified":"2025-03-01T10:38:15","modified_gmt":"2025-03-01T06:38:15","slug":"oval-otaqda-oyun","status":"publish","type":"post","link":"https:\/\/arantv.az\/?p=790884","title":{"rendered":"\u201cOval otaq\u201dda OYUN\u2026"},"content":{"rendered":"<p><strong>AB\u015e-da &#8211; A\u011f Evd\u0259ki \u201cOval Otaq\u201dda ev yiy\u0259si Prezidentl\u0259 Ukrayna Prezidenti Volodimir Zelenskinin m\u0259tbuat brifinqi ilk bax\u0131\u015fda, sad\u0259c\u0259, siyasi kommunikasiya idi; lakin bu, yaln\u0131z s\u0259hn\u0259nin g\u00f6r\u00fcn\u0259n hiss\u0259si olmas\u0131n?.. Ger\u00e7\u0259kd\u0259 n\u0259 ba\u015f verdiyini anlamaq \u00fc\u00e7\u00fcn diplomatiyan\u0131n teatrall\u0131\u011f\u0131n\u0131 v\u0259 g\u00fcc siyas\u0259tinin inc\u0259 mexanizml\u0259rini oxumaq laz\u0131md\u0131r.<\/strong><\/p>\n<p>Donald Tramp v\u0259 AB\u015e vitse-prezidenti Ceyms Devis Vensin jurnalistl\u0259rin g\u00f6z\u00fc qar\u015f\u0131s\u0131nda Zelenskini, sanki (\u0259slind\u0259 \u201csanki\u201dsiz) \u201cs\u0131na\u011fa \u00e7\u0259km\u0259si\u201d bir ne\u00e7\u0259 s\u0259viyy\u0259d\u0259 oxuna bil\u0259r. Birincisi,<br \/>\nbu, ictimai riyakarl\u0131\u011f\u0131n klassik \u00f6rn\u0259yidir \u2013 qapal\u0131 qap\u0131lar arxas\u0131nda veril\u0259n v\u0259dl\u0259rl\u0259 kameralar qar\u015f\u0131s\u0131nda edil\u0259n jestl\u0259r aras\u0131ndak\u0131 f\u0259rqin zirv\u0259 n\u00f6qt\u0259si! (Zirv\u0259 n\u00f6qt\u0259si deyib d\u0259 nida qoyuruq, qoy el\u0259 zirv\u0259 nidas\u0131 olsun)! Bu halda, Zelenskinin o c\u00fcr situasiyaya \u00f6nc\u0259d\u0259n haz\u0131rl\u0131ql\u0131 olub-olmamas\u0131 sual do\u011furur. Ola bil\u0259rmi, AB\u015e r\u0259smil\u0259ri gizli m\u00fczakir\u0259l\u0259rd\u0259 \u201cbu, sad\u0259c\u0259, publika \u00fc\u00e7\u00fcn\u00fcyd\u00fc, rahats\u0131z olma\u201d dey\u0259r\u0259k, Ukrayna liderini n\u00f6vb\u0259ti siyasi psixodraman\u0131n ba\u015f rolunda sabitl\u0259mi\u015f olsunlar?<\/p>\n<p><img loading=\"lazy\" src=\"https:\/\/cdn.musavat.com\/news\/thumbnails\/62f835434039f260816acee504c2ce99.jpg\" alt=\"WhatsApp Image 2025-03-01 at 10.12.46.jpeg (161 KB)\" width=\"1280\" height=\"731\" \/><\/p>\n<p>\u0130kinci m\u00fcmk\u00fcn ssenari \u2013 bu, h\u0259qiq\u0259t\u0259n, Ukraynaya veril\u0259n a\u00e7\u0131q-ayd\u0131n bir siqnald\u0131r: Tramp \u201coyunun qaydas\u0131 d\u0259yi\u015fib\u201d. \u018fg\u0259r bel\u0259dirs\u0259, dem\u0259k, Va\u015finqton art\u0131q Kiyevin strateji aktivini z\u0259ifl\u0259dilmi\u015f, d\u0259y\u0259ri azalan bir kart kimi g\u00f6r\u00fcr. Bu, soyuq ger\u00e7\u0259klikdir: h\u0259rbi v\u0259 maliyy\u0259 d\u0259st\u0259yi il\u0259 ba\u011fl\u0131 a\u00e7\u0131q-a\u015fkar veril\u0259n, amma \u0259slind\u0259, \u201c\u015f\u0259rtl\u0259r d\u0259yi\u015fib\u201d ismar\u0131c\u0131 da\u015f\u0131yan a\u00e7\u0131qlamlar.<\/p>\n<p>\u00dc\u00e7\u00fcnc\u00fc ehtimal is\u0259 daha d\u0259rindir \u2013 AB\u015e Administrasiyas\u0131 Ukraynan\u0131n i\u00e7 siyasi dinamikas\u0131na birba\u015fa giri\u015fir. Zelenskinin qar\u015f\u0131s\u0131nda \u201cbiz s\u0259ni \u00f6z i\u00e7ind\u0259 d\u0259st\u0259kl\u0259y\u0259 bilirik, amma bu, s\u0259n\u0259 n\u0259 q\u0259d\u0259r s\u0259rf edir?\u201d dilemmas\u0131n\u0131 qoyurlar. Y\u0259ni, Ukrayna liderinin i\u00e7\u0259rid\u0259 v\u0259 d\u0131\u015far\u0131da siyasi \u00e7\u0259kisinin nec\u0259 formala\u015faca\u011f\u0131, b\u00f6y\u00fck \u00f6l\u00e7\u00fcd\u0259, onun bu c\u00fcr t\u0259zyiql\u0259r\u0259 nec\u0259 cavab verm\u0259sind\u0259n as\u0131l\u0131 olacaq.<\/p>\n<p>Lakin unudulmamal\u0131d\u0131r ki, \u201cOval Otaq\u201dda n\u0259 ba\u015f verirs\u0259-versin, q\u0259rarlar daha \u00e7ox \u201carxa otaq\u201dlarda verilir. Bu brifinq \u2013 simvolik g\u00fcc n\u00fcmayi\u015fi idi, lakin n\u00fcmayi\u015fin h\u0259d\u0259fi Zelenski idis\u0259, onun cavab\u0131 n\u0259 olacaq? &#8211; sual\u0131 h\u0259l\u0259 tam cavab bulmay\u0131b. &#8211; Ukrayna lideri AB\u015e-\u0131n \u201cB plan\u0131\u201dna \u00e7evrilm\u0259d\u0259n, durumdan \u00e7\u0131x\u0131\u015f yolu tapa bil\u0259c\u0259kmi? Cavab yax\u0131n aylarda, s\u0259hn\u0259nin g\u00f6r\u00fcnm\u0259y\u0259n hiss\u0259sind\u0259 veril\u0259c\u0259k.<\/p>\n<p><img loading=\"lazy\" src=\"https:\/\/cdn.musavat.com\/news\/thumbnails\/647040cfa2226c45754fe8368e824412.jpg\" alt=\"WhatsApp Image 2025-03-01 at 10.12.47.jpeg (54 KB)\" width=\"1253\" height=\"644\" \/><\/p>\n<p>Onu da unutmayaq ki, Aristotel m\u0259ntiqiyl\u0259 yana\u015f\u0131b da, \u201cZelenski (\u0130krayna) uduzdu &#8211; Tramp (AB\u015e) uddu\u201d, \u201cTramp v\u0259 Vens uduzdu &#8211; Zelenski uddu\u201d, \u201cUkraynaya ziyan, Rusiyaya xeyir\u201d oldu\u201d v\u0259 s. kimi ikili d\u00fc\u015f\u00fcnc\u0259 m\u0259ntiqi burada do\u011fru deyil; L\u00fctfizad\u0259 m\u0259ntiqiyl\u0259 daha do\u011fru sonuca vara bil\u0259rik: bu, bir diplomatik s\u00fcr\u0259cdir, h\u0259l\u0259 udan-uduzan yoxdur, \u0259ksin\u0259 imkanlar, alternativl\u0259r \u00e7oxlu\u011fu \u00fcz\u0259rind\u0259 i\u015f gedir\u2026<\/p>\n<p>N\u0259 gizl\u0259dim,<br \/>\n\u201cOval Otaq\u201dda olanlara, b\u0259nz\u0259ri dialoqlara, gedi\u015fatlara v\u0259 s. bax\u0131nca, \u00f6z \u00f6lk\u0259mizin tarixi Z\u0259f\u0259ri, Z\u0259f\u0259rin memar\u0131 g\u00f6zd\u0259, k\u00f6n\u00fcld\u0259 bir daha v\u0259 bir daha y\u00fcks\u0259lir, y\u00fcks\u0259lir! Biz \u201cm\u00fcmk\u00fcn olmayacaq\u201d deyil\u0259ni m\u00fcmk\u00fcn etmi\u015fik!..<\/p>\n<p><img loading=\"lazy\" src=\"https:\/\/cdn.musavat.com\/news\/thumbnails\/326f1efe372385285e48da1562e82d59.jpg\" alt=\"WhatsApp Image 2025-03-01 at 10.12.46 (1).jpeg (125 KB)\" width=\"1024\" height=\"1024\" \/><\/p>\n<p>Bir d\u0259, ax\u0131 \u201cD\u00fcnya be\u015fd\u0259n b\u00f6y\u00fckd\u00fcr\u201d\u2026 V\u0259 bu k\u0259lam\u0131n m\u00fc\u0259llifi olan C\u00fcmhurba\u015fqan\u0131n\u0131n, Sezai Karako\u00e7dan sev\u0259r\u0259k s\u00f6yl\u0259diyi \u015feirin ismar\u0131clar\u0131 yada d\u00fc\u015f\u00fcr:<\/p>\n<p>\u201c\u00d6lk\u0259nd\u0259ki qu\u015flardan n\u0259 x\u0259b\u0259r vard\u0131r?<br \/>\nM\u0259zarlardan bel\u0259 y\u00fcks\u0259l\u0259n bir bahar vard\u0131r.<br \/>\nE\u015fq c\u0259llad\u0131ndan n\u0259 \u00e7\u0131xar, madam ki, yar vard\u0131r,<br \/>\nYoxdan da, vardan da \u00f6t\u0259d\u0259 bir Var vard\u0131r.<br \/>\nH\u0259mi\u015f\u0259 m\u0259nd\u0259 deyil su\u00e7, m\u0259ni yand\u0131ran bir n\u0259z\u0259r vard\u0131r,<br \/>\nO \u015f\u0259rqiy\u0259 \u00f6z\u0259nib s\u00f6yl\u0259n\u0259c\u0259k misralar vard\u0131r.<br \/>\nHe\u00e7 vaxt, q\u0259d\u0259r dem\u0259, q\u0259d\u0259rin \u00fcst\u00fcnd\u0259 bir q\u0259d\u0259r vard\u0131r.<br \/>\nN\u0259 ets\u0259l\u0259r bo\u015f \u2013 g\u00f6yl\u0259rd\u0259n g\u0259l\u0259n bir q\u0259rar vard\u0131r.<br \/>\nG\u00fcn batsa n\u0259 olar? &#8211; Gec\u0259ni onaran bir memar vard\u0131r.<br \/>\nYanm\u0131\u015fsam \u2013 k\u00fcl\u00fcmd\u0259n qurulan bir hisar vard\u0131r.<br \/>\nYenilgi-yenilgi b\u00f6y\u00fcy\u0259n bir Z\u0259f\u0259r vard\u0131r\u201d!<\/p>\n<p><strong>Slava Ukrayna!<\/strong><br \/>\n<strong>\u0421\u043b\u0430\u0432\u0430 \u0423\u043a\u0440\u0430\u0457\u043d\u0456!<\/strong><\/p>\n<p>&nbsp;<\/p>\n<div class=\"news-author text-left\"><a href=\"https:\/\/musavat.com\/author\/ekber-qosali_162\"><img class=\"img-responsive img-author\" src=\"https:\/\/cdn.musavat.com\/authors\/thumbnails\/21ee5cb180be420cce517c09206dce5f.jpg\" \/>\u018fkb\u0259r Qo\u015fal\u0131<\/a><\/div>\n","protected":false},"excerpt":{"rendered":"<p>AB\u015e-da &#8211; A\u011f Evd\u0259ki \u201cOval Otaq\u201dda ev yiy\u0259si Prezidentl\u0259 Ukrayna Prezidenti Volodimir Zelenskinin m\u0259tbuat brifinqi ilk bax\u0131\u015fda, sad\u0259c\u0259, siyasi kommunikasiya idi; lakin bu, yaln\u0131z s\u0259hn\u0259nin g\u00f6r\u00fcn\u0259n hiss\u0259si olmas\u0131n?.. Ger\u00e7\u0259kd\u0259 n\u0259 ba\u015f verdiyini anlamaq \u00fc\u00e7\u00fcn diplomatiyan\u0131n teatrall\u0131\u011f\u0131n\u0131 v\u0259 g\u00fcc siyas\u0259tinin inc\u0259 mexanizml\u0259rini oxumaq laz\u0131md\u0131r. Donald Tramp v\u0259 AB\u015e vitse-prezidenti Ceyms Devis Vensin jurnalistl\u0259rin g\u00f6z\u00fc qar\u015f\u0131s\u0131nda Zelenskini, sanki (\u0259slind\u0259 \u201csanki\u201dsiz) \u201cs\u0131na\u011fa \u00e7\u0259km\u0259si\u201d bir ne\u00e7\u0259 s\u0259viyy\u0259d\u0259 oxuna bil\u0259r. Birincisi, bu, ictimai riyakarl\u0131\u011f\u0131n klassik \u00f6rn\u0259yidir \u2013 qapal\u0131 qap\u0131lar arxas\u0131nda veril\u0259n v\u0259dl\u0259rl\u0259 kameralar qar\u015f\u0131s\u0131nda edil\u0259n jestl\u0259r aras\u0131ndak\u0131 f\u0259rqin zirv\u0259 n\u00f6qt\u0259si! (Zirv\u0259 n\u00f6qt\u0259si deyib d\u0259 nida&hellip;<\/p>\n","protected":false},"author":2,"featured_media":790885,"comment_status":"closed","ping_status":"closed","sticky":false,"template":"","format":"standard","meta":{"om_disable_all_campaigns":false,"_monsterinsights_skip_tracking":false,"_monsterinsights_sitenote_active":false,"_monsterinsights_sitenote_note":"","_monsterinsights_sitenote_category":0},"categories":[19],"tags":[],"aioseo_notices":[],"gutentor_comment":0,"rttpg_featured_image_url":{"full":["https:\/\/arantv.az\/wp-content\/uploads\/2025\/03\/16ae3a89a5d7cbbffe4f8b20958740a6.jpg",870,500,false],"landscape":["https:\/\/arantv.az\/wp-content\/uploads\/2025\/03\/16ae3a89a5d7cbbffe4f8b20958740a6.jpg",870,500,false],"portraits":["https:\/\/arantv.az\/wp-content\/uploads\/2025\/03\/16ae3a89a5d7cbbffe4f8b20958740a6.jpg",870,500,false],"thumbnail":["https:\/\/arantv.az\/wp-content\/uploads\/2025\/03\/16ae3a89a5d7cbbffe4f8b20958740a6-500x280.jpg",500,280,true],"medium":["https:\/\/arantv.az\/wp-content\/uploads\/2025\/03\/16ae3a89a5d7cbbffe4f8b20958740a6-635x365.jpg",635,365,true],"large":["https:\/\/arantv.az\/wp-content\/uploads\/2025\/03\/16ae3a89a5d7cbbffe4f8b20958740a6-840x483.jpg",640,368,true],"1536x1536":["https:\/\/arantv.az\/wp-content\/uploads\/2025\/03\/16ae3a89a5d7cbbffe4f8b20958740a6.jpg",870,500,false],"2048x2048":["https:\/\/arantv.az\/wp-content\/uploads\/2025\/03\/16ae3a89a5d7cbbffe4f8b20958740a6.jpg",870,500,false],"post-thumbnail":["https:\/\/arantv.az\/wp-content\/uploads\/2025\/03\/16ae3a89a5d7cbbffe4f8b20958740a6-240x172.jpg",240,172,true],"advps-thumb-one":["https:\/\/arantv.az\/wp-content\/uploads\/2025\/03\/16ae3a89a5d7cbbffe4f8b20958740a6.jpg",870,500,false]},"rttpg_author":{"display_name":"V\u00fcsal Rafiqo\u011flu","author_link":"https:\/\/arantv.az\/?author=2"},"rttpg_comment":0,"rttpg_category":"<a href=\"https:\/\/arantv.az\/?cat=19\" rel=\"category\">G\u00fcnd\u0259m<\/a>","rttpg_excerpt":"AB\u015e-da &#8211; A\u011f Evd\u0259ki \u201cOval Otaq\u201dda ev yiy\u0259si Prezidentl\u0259 Ukrayna Prezidenti Volodimir Zelenskinin m\u0259tbuat brifinqi ilk bax\u0131\u015fda, sad\u0259c\u0259, siyasi kommunikasiya idi; lakin bu, yaln\u0131z s\u0259hn\u0259nin g\u00f6r\u00fcn\u0259n hiss\u0259si olmas\u0131n?.. Ger\u00e7\u0259kd\u0259 n\u0259 ba\u015f verdiyini anlamaq \u00fc\u00e7\u00fcn diplomatiyan\u0131n teatrall\u0131\u011f\u0131n\u0131 v\u0259 g\u00fcc siyas\u0259tinin inc\u0259 mexanizml\u0259rini oxumaq laz\u0131md\u0131r. Donald Tramp v\u0259 AB\u015e vitse-prezidenti Ceyms Devis Vensin jurnalistl\u0259rin g\u00f6z\u00fc qar\u015f\u0131s\u0131nda Zelenskini,&hellip;","_links":{"self":[{"href":"https:\/\/arantv.az\/index.php?rest_route=\/wp\/v2\/posts\/790884"}],"collection":[{"href":"https:\/\/arantv.az\/index.php?rest_route=\/wp\/v2\/posts"}],"about":[{"href":"https:\/\/arantv.az\/index.php?rest_route=\/wp\/v2\/types\/post"}],"author":[{"embeddable":true,"href":"https:\/\/arantv.az\/index.php?rest_route=\/wp\/v2\/users\/2"}],"replies":[{"embeddable":true,"href":"https:\/\/arantv.az\/index.php?rest_route=%2Fwp%2Fv2%2Fcomments&post=790884"}],"version-history":[{"count":2,"href":"https:\/\/arantv.az\/index.php?rest_route=\/wp\/v2\/posts\/790884\/revisions"}],"predecessor-version":[{"id":790887,"href":"https:\/\/arantv.az\/index.php?rest_route=\/wp\/v2\/posts\/790884\/revisions\/790887"}],"wp:featuredmedia":[{"embeddable":true,"href":"https:\/\/arantv.az\/index.php?rest_route=\/wp\/v2\/media\/790885"}],"wp:attachment":[{"href":"https:\/\/arantv.az\/index.php?rest_route=%2Fwp%2Fv2%2Fmedia&parent=790884"}],"wp:term":[{"taxonomy":"category","embeddable":true,"href":"https:\/\/arantv.az\/index.php?rest_route=%2Fwp%2Fv2%2Fcategories&post=790884"},{"taxonomy":"post_tag","embeddable":true,"href":"https:\/\/arantv.az\/index.php?rest_route=%2Fwp%2Fv2%2Ftags&post=790884"}],"curies":[{"name":"wp","href":"https:\/\/api.w.org\/{rel}","templated":true}]}}