{"id":790967,"date":"2025-03-01T16:49:09","date_gmt":"2025-03-01T12:49:09","guid":{"rendered":"https:\/\/arantv.az\/?p=790967"},"modified":"2025-03-01T16:49:09","modified_gmt":"2025-03-01T12:49:09","slug":"ramazanin-ilk-gununun-duasi-iftar-vaxti","status":"publish","type":"post","link":"https:\/\/arantv.az\/?p=790967","title":{"rendered":"Ramazan\u0131n ilk g\u00fcn\u00fcn\u00fcn duas\u0131 &#8211; \u0130ftar VAXTI"},"content":{"rendered":"<p><strong>X\u0259b\u0259r verildiyi kimi, Ramazan ay\u0131n\u0131n ilk g\u00fcn\u00fcd\u00fcr.\u00a0<\/strong><\/p>\n<p><strong><span class=\"red\">Musavat.com<\/span><\/strong><span class=\"red\">-un<\/span>\u00a0x\u0259b\u0259rin\u0259 g\u00f6r\u0259, Qafqaz M\u00fcs\u0259lmanlar\u0131 \u0130dar\u0259sinin (QM\u0130) Qaz\u0131lar \u015euras\u0131 v\u0259 Elmi-Dini \u015eura m\u00fcq\u0259dd\u0259s Ramazan ay\u0131n\u0131n ba\u015flanmas\u0131 il\u0259 ba\u011fl\u0131 f\u0259tva verib.<\/p>\n<p><span class=\"red\">Ramazan\u0131n il g\u00fcn\u00fc \u00fc\u00e7\u00fcn i<\/span>msak vaxt\u0131 05:49-d\u0259 olub, iftar is\u0259 18:47-d\u0259 olacaq.<\/p>\n<p><strong>Birinci g\u00fcn\u00fcn i<\/strong><strong>ftar duas\u0131:<\/strong><\/p>\n<p>\u201cAllahumm\u0259 l\u0259k\u0259 sumtu v\u0259 \u0259la rizqik\u0259 \u0259ft\u0259rtu v\u0259 \u0259leyk\u0259 t\u0259v\u0259kk\u0259ltu. Bismillahir-R\u0259hmanir-R\u0259him. Ya vasi\u0259l-m\u0259\u011ffir\u0259ti i\u011ffirli\u201d.<\/p>\n<p><strong>T\u0259rc\u00fcm\u0259si:<\/strong><\/p>\n<p>\u201c\u0130lahi, s\u0259nd\u0259n \u00f6tr\u00fc oruc tutdum, s\u0259nin verdiyin ruzi il\u0259 iftar a\u00e7d\u0131m v\u0259 s\u0259n\u0259 t\u0259v\u0259kk\u00fcl etdim. Ba\u011f\u0131\u015flayan v\u0259 mehriban Allah\u0131n ad\u0131 il\u0259. Ey h\u00fcdudsuz ba\u011f\u0131\u015flama sahibi, m\u0259nim g\u00fcnahlar\u0131m\u0131 ba\u011f\u0131\u015fla!\u201d<\/p>\n<p><strong>Allah orucunuzu q\u0259bul etsin!<\/strong><\/p>\n<p><strong><em>Ramazan ay\u0131n\u0131n t\u0259qvimini v\u0259\u00a0g\u00fcnd\u0259lik dualar\u0131 t\u0259qdim edirik:<\/em><\/strong><\/p>\n<p><img title=\"\" src=\"https:\/\/qafqazinfo.az\/uploads\/1740645238\/Imsakiye-Baki-2025-1_1740642635.jpg\" alt=\"\" \/><br \/>\n<img title=\"\" src=\"https:\/\/qafqazinfo.az\/uploads\/1740644774\/dualar1.jpg\" alt=\"\" \/><br \/>\n<img title=\"\" src=\"https:\/\/qafqazinfo.az\/uploads\/1740644774\/dualar2.jpg\" alt=\"\" \/><br \/>\n<img title=\"\" src=\"https:\/\/qafqazinfo.az\/uploads\/1740644774\/dualar3.jpg\" alt=\"\" \/><\/p>\n","protected":false},"excerpt":{"rendered":"<p>X\u0259b\u0259r verildiyi kimi, Ramazan ay\u0131n\u0131n ilk g\u00fcn\u00fcd\u00fcr.\u00a0 Musavat.com-un\u00a0x\u0259b\u0259rin\u0259 g\u00f6r\u0259, Qafqaz M\u00fcs\u0259lmanlar\u0131 \u0130dar\u0259sinin (QM\u0130) Qaz\u0131lar \u015euras\u0131 v\u0259 Elmi-Dini \u015eura m\u00fcq\u0259dd\u0259s Ramazan ay\u0131n\u0131n ba\u015flanmas\u0131 il\u0259 ba\u011fl\u0131 f\u0259tva verib. Ramazan\u0131n il g\u00fcn\u00fc \u00fc\u00e7\u00fcn imsak vaxt\u0131 05:49-d\u0259 olub, iftar is\u0259 18:47-d\u0259 olacaq. Birinci g\u00fcn\u00fcn iftar duas\u0131: \u201cAllahumm\u0259 l\u0259k\u0259 sumtu v\u0259 \u0259la rizqik\u0259 \u0259ft\u0259rtu v\u0259 \u0259leyk\u0259 t\u0259v\u0259kk\u0259ltu. Bismillahir-R\u0259hmanir-R\u0259him. Ya vasi\u0259l-m\u0259\u011ffir\u0259ti i\u011ffirli\u201d. T\u0259rc\u00fcm\u0259si: \u201c\u0130lahi, s\u0259nd\u0259n \u00f6tr\u00fc oruc tutdum, s\u0259nin verdiyin ruzi il\u0259 iftar a\u00e7d\u0131m v\u0259 s\u0259n\u0259 t\u0259v\u0259kk\u00fcl etdim. Ba\u011f\u0131\u015flayan v\u0259 mehriban Allah\u0131n ad\u0131 il\u0259. Ey h\u00fcdudsuz ba\u011f\u0131\u015flama sahibi, m\u0259nim g\u00fcnahlar\u0131m\u0131 ba\u011f\u0131\u015fla!\u201d Allah orucunuzu q\u0259bul etsin! Ramazan&hellip;<\/p>\n","protected":false},"author":2,"featured_media":790968,"comment_status":"closed","ping_status":"closed","sticky":false,"template":"","format":"standard","meta":{"om_disable_all_campaigns":false,"_monsterinsights_skip_tracking":false,"_monsterinsights_sitenote_active":false,"_monsterinsights_sitenote_note":"","_monsterinsights_sitenote_category":0},"categories":[27,25],"tags":[],"aioseo_notices":[],"gutentor_comment":0,"rttpg_featured_image_url":{"full":["https:\/\/arantv.az\/wp-content\/uploads\/2025\/03\/88a8fad4a031a7967ea84a42b4f8f6b4.jpg",650,344,false],"landscape":["https:\/\/arantv.az\/wp-content\/uploads\/2025\/03\/88a8fad4a031a7967ea84a42b4f8f6b4.jpg",650,344,false],"portraits":["https:\/\/arantv.az\/wp-content\/uploads\/2025\/03\/88a8fad4a031a7967ea84a42b4f8f6b4.jpg",650,344,false],"thumbnail":["https:\/\/arantv.az\/wp-content\/uploads\/2025\/03\/88a8fad4a031a7967ea84a42b4f8f6b4-500x280.jpg",500,280,true],"medium":["https:\/\/arantv.az\/wp-content\/uploads\/2025\/03\/88a8fad4a031a7967ea84a42b4f8f6b4.jpg",650,344,false],"large":["https:\/\/arantv.az\/wp-content\/uploads\/2025\/03\/88a8fad4a031a7967ea84a42b4f8f6b4.jpg",640,339,false],"1536x1536":["https:\/\/arantv.az\/wp-content\/uploads\/2025\/03\/88a8fad4a031a7967ea84a42b4f8f6b4.jpg",650,344,false],"2048x2048":["https:\/\/arantv.az\/wp-content\/uploads\/2025\/03\/88a8fad4a031a7967ea84a42b4f8f6b4.jpg",650,344,false],"post-thumbnail":["https:\/\/arantv.az\/wp-content\/uploads\/2025\/03\/88a8fad4a031a7967ea84a42b4f8f6b4-240x172.jpg",240,172,true],"advps-thumb-one":["https:\/\/arantv.az\/wp-content\/uploads\/2025\/03\/88a8fad4a031a7967ea84a42b4f8f6b4.jpg",650,344,false]},"rttpg_author":{"display_name":"V\u00fcsal Rafiqo\u011flu","author_link":"https:\/\/arantv.az\/?author=2"},"rttpg_comment":0,"rttpg_category":"<a href=\"https:\/\/arantv.az\/?cat=27\" rel=\"category\">\u0130SLAM<\/a> <a href=\"https:\/\/arantv.az\/?cat=25\" rel=\"category\">Ramazan<\/a>","rttpg_excerpt":"X\u0259b\u0259r verildiyi kimi, Ramazan ay\u0131n\u0131n ilk g\u00fcn\u00fcd\u00fcr.\u00a0 Musavat.com-un\u00a0x\u0259b\u0259rin\u0259 g\u00f6r\u0259, Qafqaz M\u00fcs\u0259lmanlar\u0131 \u0130dar\u0259sinin (QM\u0130) Qaz\u0131lar \u015euras\u0131 v\u0259 Elmi-Dini \u015eura m\u00fcq\u0259dd\u0259s Ramazan ay\u0131n\u0131n ba\u015flanmas\u0131 il\u0259 ba\u011fl\u0131 f\u0259tva verib. Ramazan\u0131n il g\u00fcn\u00fc \u00fc\u00e7\u00fcn imsak vaxt\u0131 05:49-d\u0259 olub, iftar is\u0259 18:47-d\u0259 olacaq. Birinci g\u00fcn\u00fcn iftar duas\u0131: \u201cAllahumm\u0259 l\u0259k\u0259 sumtu v\u0259 \u0259la rizqik\u0259 \u0259ft\u0259rtu v\u0259 \u0259leyk\u0259 t\u0259v\u0259kk\u0259ltu. Bismillahir-R\u0259hmanir-R\u0259him. Ya vasi\u0259l-m\u0259\u011ffir\u0259ti&hellip;","_links":{"self":[{"href":"https:\/\/arantv.az\/index.php?rest_route=\/wp\/v2\/posts\/790967"}],"collection":[{"href":"https:\/\/arantv.az\/index.php?rest_route=\/wp\/v2\/posts"}],"about":[{"href":"https:\/\/arantv.az\/index.php?rest_route=\/wp\/v2\/types\/post"}],"author":[{"embeddable":true,"href":"https:\/\/arantv.az\/index.php?rest_route=\/wp\/v2\/users\/2"}],"replies":[{"embeddable":true,"href":"https:\/\/arantv.az\/index.php?rest_route=%2Fwp%2Fv2%2Fcomments&post=790967"}],"version-history":[{"count":1,"href":"https:\/\/arantv.az\/index.php?rest_route=\/wp\/v2\/posts\/790967\/revisions"}],"predecessor-version":[{"id":790969,"href":"https:\/\/arantv.az\/index.php?rest_route=\/wp\/v2\/posts\/790967\/revisions\/790969"}],"wp:featuredmedia":[{"embeddable":true,"href":"https:\/\/arantv.az\/index.php?rest_route=\/wp\/v2\/media\/790968"}],"wp:attachment":[{"href":"https:\/\/arantv.az\/index.php?rest_route=%2Fwp%2Fv2%2Fmedia&parent=790967"}],"wp:term":[{"taxonomy":"category","embeddable":true,"href":"https:\/\/arantv.az\/index.php?rest_route=%2Fwp%2Fv2%2Fcategories&post=790967"},{"taxonomy":"post_tag","embeddable":true,"href":"https:\/\/arantv.az\/index.php?rest_route=%2Fwp%2Fv2%2Ftags&post=790967"}],"curies":[{"name":"wp","href":"https:\/\/api.w.org\/{rel}","templated":true}]}}