{"id":790973,"date":"2025-03-01T16:50:29","date_gmt":"2025-03-01T12:50:29","guid":{"rendered":"https:\/\/arantv.az\/?p=790973"},"modified":"2025-03-01T16:50:29","modified_gmt":"2025-03-01T12:50:29","slug":"hakan-fidan-ukraynaya-gor%c9%99-londona-ged%c9%99c%c9%99k","status":"publish","type":"post","link":"https:\/\/arantv.az\/?p=790973","title":{"rendered":"Hakan Fidan Ukraynaya g\u00f6r\u0259 Londona ged\u0259c\u0259k"},"content":{"rendered":"<p>T\u00fcrkiy\u0259nin xarici i\u015fl\u0259r naziri Hakan Fidan Londona ged\u0259c\u0259k.<\/p>\n<p>S\u0259f\u0259rd\u0259 m\u0259qs\u0259d B\u00f6y\u00fck Britaniyan\u0131n Ba\u015f naziri Kir Stamerin t\u0259\u015fkil etdiyi Avropa liderl\u0259rinin g\u00f6r\u00fc\u015f\u00fcnd\u0259 i\u015ftirak etm\u0259kdir.<\/p>\n<p>G\u00f6r\u00fc\u015fd\u0259 Ukrayna m\u00f6vzusunun m\u00fczakir\u0259si g\u00f6zl\u0259nilir.<\/p>\n<p>AB\u015e-\u0259 u\u011fursuz s\u0259f\u0259rd\u0259n sonra Ukrayna Prezidenti Volodimir Zelenski d\u0259 Londonda ba\u015f tutacaq m\u00fczakir\u0259l\u0259r\u0259 qat\u0131lacaq. (Report)<\/p>\n","protected":false},"excerpt":{"rendered":"<p>T\u00fcrkiy\u0259nin xarici i\u015fl\u0259r naziri Hakan Fidan Londona ged\u0259c\u0259k. S\u0259f\u0259rd\u0259 m\u0259qs\u0259d B\u00f6y\u00fck Britaniyan\u0131n Ba\u015f naziri Kir Stamerin t\u0259\u015fkil etdiyi Avropa liderl\u0259rinin g\u00f6r\u00fc\u015f\u00fcnd\u0259 i\u015ftirak etm\u0259kdir. G\u00f6r\u00fc\u015fd\u0259 Ukrayna m\u00f6vzusunun m\u00fczakir\u0259si g\u00f6zl\u0259nilir. AB\u015e-\u0259 u\u011fursuz s\u0259f\u0259rd\u0259n sonra Ukrayna Prezidenti Volodimir Zelenski d\u0259 Londonda ba\u015f tutacaq m\u00fczakir\u0259l\u0259r\u0259 qat\u0131lacaq. (Report)<\/p>\n","protected":false},"author":2,"featured_media":790974,"comment_status":"closed","ping_status":"closed","sticky":false,"template":"","format":"standard","meta":{"om_disable_all_campaigns":false,"_monsterinsights_skip_tracking":false,"_monsterinsights_sitenote_active":false,"_monsterinsights_sitenote_note":"","_monsterinsights_sitenote_category":0},"categories":[4],"tags":[],"aioseo_notices":[],"gutentor_comment":0,"rttpg_featured_image_url":{"full":["https:\/\/arantv.az\/wp-content\/uploads\/2025\/03\/884664f2659aec000a147d73e190177b.jpg",850,500,false],"landscape":["https:\/\/arantv.az\/wp-content\/uploads\/2025\/03\/884664f2659aec000a147d73e190177b.jpg",850,500,false],"portraits":["https:\/\/arantv.az\/wp-content\/uploads\/2025\/03\/884664f2659aec000a147d73e190177b.jpg",850,500,false],"thumbnail":["https:\/\/arantv.az\/wp-content\/uploads\/2025\/03\/884664f2659aec000a147d73e190177b-500x280.jpg",500,280,true],"medium":["https:\/\/arantv.az\/wp-content\/uploads\/2025\/03\/884664f2659aec000a147d73e190177b-621x365.jpg",621,365,true],"large":["https:\/\/arantv.az\/wp-content\/uploads\/2025\/03\/884664f2659aec000a147d73e190177b-840x494.jpg",640,376,true],"1536x1536":["https:\/\/arantv.az\/wp-content\/uploads\/2025\/03\/884664f2659aec000a147d73e190177b.jpg",850,500,false],"2048x2048":["https:\/\/arantv.az\/wp-content\/uploads\/2025\/03\/884664f2659aec000a147d73e190177b.jpg",850,500,false],"post-thumbnail":["https:\/\/arantv.az\/wp-content\/uploads\/2025\/03\/884664f2659aec000a147d73e190177b-240x172.jpg",240,172,true],"advps-thumb-one":["https:\/\/arantv.az\/wp-content\/uploads\/2025\/03\/884664f2659aec000a147d73e190177b.jpg",850,500,false]},"rttpg_author":{"display_name":"V\u00fcsal Rafiqo\u011flu","author_link":"https:\/\/arantv.az\/?author=2"},"rttpg_comment":0,"rttpg_category":"<a href=\"https:\/\/arantv.az\/?cat=4\" rel=\"category\">Siyas\u0259t<\/a>","rttpg_excerpt":"T\u00fcrkiy\u0259nin xarici i\u015fl\u0259r naziri Hakan Fidan Londona ged\u0259c\u0259k. S\u0259f\u0259rd\u0259 m\u0259qs\u0259d B\u00f6y\u00fck Britaniyan\u0131n Ba\u015f naziri Kir Stamerin t\u0259\u015fkil etdiyi Avropa liderl\u0259rinin g\u00f6r\u00fc\u015f\u00fcnd\u0259 i\u015ftirak etm\u0259kdir. G\u00f6r\u00fc\u015fd\u0259 Ukrayna m\u00f6vzusunun m\u00fczakir\u0259si g\u00f6zl\u0259nilir. AB\u015e-\u0259 u\u011fursuz s\u0259f\u0259rd\u0259n sonra Ukrayna Prezidenti Volodimir Zelenski d\u0259 Londonda ba\u015f tutacaq m\u00fczakir\u0259l\u0259r\u0259 qat\u0131lacaq. (Report)","_links":{"self":[{"href":"https:\/\/arantv.az\/index.php?rest_route=\/wp\/v2\/posts\/790973"}],"collection":[{"href":"https:\/\/arantv.az\/index.php?rest_route=\/wp\/v2\/posts"}],"about":[{"href":"https:\/\/arantv.az\/index.php?rest_route=\/wp\/v2\/types\/post"}],"author":[{"embeddable":true,"href":"https:\/\/arantv.az\/index.php?rest_route=\/wp\/v2\/users\/2"}],"replies":[{"embeddable":true,"href":"https:\/\/arantv.az\/index.php?rest_route=%2Fwp%2Fv2%2Fcomments&post=790973"}],"version-history":[{"count":2,"href":"https:\/\/arantv.az\/index.php?rest_route=\/wp\/v2\/posts\/790973\/revisions"}],"predecessor-version":[{"id":790976,"href":"https:\/\/arantv.az\/index.php?rest_route=\/wp\/v2\/posts\/790973\/revisions\/790976"}],"wp:featuredmedia":[{"embeddable":true,"href":"https:\/\/arantv.az\/index.php?rest_route=\/wp\/v2\/media\/790974"}],"wp:attachment":[{"href":"https:\/\/arantv.az\/index.php?rest_route=%2Fwp%2Fv2%2Fmedia&parent=790973"}],"wp:term":[{"taxonomy":"category","embeddable":true,"href":"https:\/\/arantv.az\/index.php?rest_route=%2Fwp%2Fv2%2Fcategories&post=790973"},{"taxonomy":"post_tag","embeddable":true,"href":"https:\/\/arantv.az\/index.php?rest_route=%2Fwp%2Fv2%2Ftags&post=790973"}],"curies":[{"name":"wp","href":"https:\/\/api.w.org\/{rel}","templated":true}]}}