{"id":791341,"date":"2025-03-03T18:11:07","date_gmt":"2025-03-03T14:11:07","guid":{"rendered":"https:\/\/arantv.az\/?p=791341"},"modified":"2025-03-03T18:11:07","modified_gmt":"2025-03-03T14:11:07","slug":"ai-il%c9%99-bagli-qanun-erm%c9%99nistan-parlamentinin-gund%c9%99liyin%c9%99-daxil-edilm%c9%99di","status":"publish","type":"post","link":"https:\/\/arantv.az\/?p=791341","title":{"rendered":"A\u0130 il\u0259 ba\u011fl\u0131 qanun Erm\u0259nistan parlamentinin g\u00fcnd\u0259liyin\u0259 daxil edilm\u0259di"},"content":{"rendered":"<p><strong>\u201cErm\u0259nistan\u0131n Avropa \u0130ttifaq\u0131na q\u0259bulu prosesinin ba\u015flanmas\u0131 haqq\u0131nda qanun layih\u0259si parlamentin 4 g\u00fcnl\u00fck sessiyas\u0131n\u0131n g\u00fcnd\u0259liyin\u0259 daxil edilm\u0259yib\u201d.<\/strong><\/p>\n<p>Bunu layih\u0259ni haz\u0131rlayan komissiyan\u0131n s\u0259dri Arman Yeqoyan deyib.<\/p>\n<p>O bildirib ki, buna s\u0259b\u0259b layih\u0259nin m\u00fczakir\u0259sin\u0259 t\u0259l\u0259b edil\u0259nd\u0259n daha \u00e7ox vaxt\u0131n s\u0259rf olunmas\u0131d\u0131r:<\/p>\n<p>\u201cM\u00fczakir\u0259l\u0259rimiz qanunla m\u00fc\u0259yy\u0259n edil\u0259n m\u00fcdd\u0259td\u0259n daha \u00e7ox \u00e7\u0259kdiyi \u00fc\u00e7\u00fcn layih\u0259ni bud\u0259f\u0259ki d\u00f6rdg\u00fcnl\u00fck sessiyaya daxil etm\u0259k m\u00fcmk\u00fcn olmad\u0131. M\u0259n t\u0259klif edir\u0259m ki, s\u0259n\u0259d ya n\u00f6vb\u0259ti sessiya, ya da n\u00f6vb\u0259d\u0259nk\u0259nar iclas zaman\u0131 m\u00fczakir\u0259 \u00e7\u0131xar\u0131ls\u0131n\u201d.<\/p>\n<p>S\u0259n\u0259din komissiyadak\u0131 m\u00fczakir\u0259sinin mart\u0131n 25-d\u0259 davam etdiril\u0259c\u0259yi q\u0259rara al\u0131n\u0131b.\\\\apa<\/p>\n","protected":false},"excerpt":{"rendered":"<p>\u201cErm\u0259nistan\u0131n Avropa \u0130ttifaq\u0131na q\u0259bulu prosesinin ba\u015flanmas\u0131 haqq\u0131nda qanun layih\u0259si parlamentin 4 g\u00fcnl\u00fck sessiyas\u0131n\u0131n g\u00fcnd\u0259liyin\u0259 daxil edilm\u0259yib\u201d. Bunu layih\u0259ni haz\u0131rlayan komissiyan\u0131n s\u0259dri Arman Yeqoyan deyib. O bildirib ki, buna s\u0259b\u0259b layih\u0259nin m\u00fczakir\u0259sin\u0259 t\u0259l\u0259b edil\u0259nd\u0259n daha \u00e7ox vaxt\u0131n s\u0259rf olunmas\u0131d\u0131r: \u201cM\u00fczakir\u0259l\u0259rimiz qanunla m\u00fc\u0259yy\u0259n edil\u0259n m\u00fcdd\u0259td\u0259n daha \u00e7ox \u00e7\u0259kdiyi \u00fc\u00e7\u00fcn layih\u0259ni bud\u0259f\u0259ki d\u00f6rdg\u00fcnl\u00fck sessiyaya daxil etm\u0259k m\u00fcmk\u00fcn olmad\u0131. M\u0259n t\u0259klif edir\u0259m ki, s\u0259n\u0259d ya n\u00f6vb\u0259ti sessiya, ya da n\u00f6vb\u0259d\u0259nk\u0259nar iclas zaman\u0131 m\u00fczakir\u0259 \u00e7\u0131xar\u0131ls\u0131n\u201d. S\u0259n\u0259din komissiyadak\u0131 m\u00fczakir\u0259sinin mart\u0131n 25-d\u0259 davam etdiril\u0259c\u0259yi q\u0259rara al\u0131n\u0131b.\\\\apa<\/p>\n","protected":false},"author":2,"featured_media":791342,"comment_status":"closed","ping_status":"closed","sticky":false,"template":"","format":"standard","meta":{"om_disable_all_campaigns":false,"_monsterinsights_skip_tracking":false,"_monsterinsights_sitenote_active":false,"_monsterinsights_sitenote_note":"","_monsterinsights_sitenote_category":0},"categories":[4],"tags":[],"aioseo_notices":[],"gutentor_comment":0,"rttpg_featured_image_url":{"full":["https:\/\/arantv.az\/wp-content\/uploads\/2025\/03\/22ec4ff82e7e9a09ffc82eff3b777832.jpg",870,500,false],"landscape":["https:\/\/arantv.az\/wp-content\/uploads\/2025\/03\/22ec4ff82e7e9a09ffc82eff3b777832.jpg",870,500,false],"portraits":["https:\/\/arantv.az\/wp-content\/uploads\/2025\/03\/22ec4ff82e7e9a09ffc82eff3b777832.jpg",870,500,false],"thumbnail":["https:\/\/arantv.az\/wp-content\/uploads\/2025\/03\/22ec4ff82e7e9a09ffc82eff3b777832-500x280.jpg",500,280,true],"medium":["https:\/\/arantv.az\/wp-content\/uploads\/2025\/03\/22ec4ff82e7e9a09ffc82eff3b777832-635x365.jpg",635,365,true],"large":["https:\/\/arantv.az\/wp-content\/uploads\/2025\/03\/22ec4ff82e7e9a09ffc82eff3b777832-840x483.jpg",640,368,true],"1536x1536":["https:\/\/arantv.az\/wp-content\/uploads\/2025\/03\/22ec4ff82e7e9a09ffc82eff3b777832.jpg",870,500,false],"2048x2048":["https:\/\/arantv.az\/wp-content\/uploads\/2025\/03\/22ec4ff82e7e9a09ffc82eff3b777832.jpg",870,500,false],"post-thumbnail":["https:\/\/arantv.az\/wp-content\/uploads\/2025\/03\/22ec4ff82e7e9a09ffc82eff3b777832-240x172.jpg",240,172,true],"advps-thumb-one":["https:\/\/arantv.az\/wp-content\/uploads\/2025\/03\/22ec4ff82e7e9a09ffc82eff3b777832.jpg",870,500,false]},"rttpg_author":{"display_name":"V\u00fcsal Rafiqo\u011flu","author_link":"https:\/\/arantv.az\/?author=2"},"rttpg_comment":0,"rttpg_category":"<a href=\"https:\/\/arantv.az\/?cat=4\" rel=\"category\">Siyas\u0259t<\/a>","rttpg_excerpt":"\u201cErm\u0259nistan\u0131n Avropa \u0130ttifaq\u0131na q\u0259bulu prosesinin ba\u015flanmas\u0131 haqq\u0131nda qanun layih\u0259si parlamentin 4 g\u00fcnl\u00fck sessiyas\u0131n\u0131n g\u00fcnd\u0259liyin\u0259 daxil edilm\u0259yib\u201d. Bunu layih\u0259ni haz\u0131rlayan komissiyan\u0131n s\u0259dri Arman Yeqoyan deyib. O bildirib ki, buna s\u0259b\u0259b layih\u0259nin m\u00fczakir\u0259sin\u0259 t\u0259l\u0259b edil\u0259nd\u0259n daha \u00e7ox vaxt\u0131n s\u0259rf olunmas\u0131d\u0131r: \u201cM\u00fczakir\u0259l\u0259rimiz qanunla m\u00fc\u0259yy\u0259n edil\u0259n m\u00fcdd\u0259td\u0259n daha \u00e7ox \u00e7\u0259kdiyi \u00fc\u00e7\u00fcn layih\u0259ni bud\u0259f\u0259ki d\u00f6rdg\u00fcnl\u00fck sessiyaya daxil etm\u0259k m\u00fcmk\u00fcn olmad\u0131.&hellip;","_links":{"self":[{"href":"https:\/\/arantv.az\/index.php?rest_route=\/wp\/v2\/posts\/791341"}],"collection":[{"href":"https:\/\/arantv.az\/index.php?rest_route=\/wp\/v2\/posts"}],"about":[{"href":"https:\/\/arantv.az\/index.php?rest_route=\/wp\/v2\/types\/post"}],"author":[{"embeddable":true,"href":"https:\/\/arantv.az\/index.php?rest_route=\/wp\/v2\/users\/2"}],"replies":[{"embeddable":true,"href":"https:\/\/arantv.az\/index.php?rest_route=%2Fwp%2Fv2%2Fcomments&post=791341"}],"version-history":[{"count":2,"href":"https:\/\/arantv.az\/index.php?rest_route=\/wp\/v2\/posts\/791341\/revisions"}],"predecessor-version":[{"id":791344,"href":"https:\/\/arantv.az\/index.php?rest_route=\/wp\/v2\/posts\/791341\/revisions\/791344"}],"wp:featuredmedia":[{"embeddable":true,"href":"https:\/\/arantv.az\/index.php?rest_route=\/wp\/v2\/media\/791342"}],"wp:attachment":[{"href":"https:\/\/arantv.az\/index.php?rest_route=%2Fwp%2Fv2%2Fmedia&parent=791341"}],"wp:term":[{"taxonomy":"category","embeddable":true,"href":"https:\/\/arantv.az\/index.php?rest_route=%2Fwp%2Fv2%2Fcategories&post=791341"},{"taxonomy":"post_tag","embeddable":true,"href":"https:\/\/arantv.az\/index.php?rest_route=%2Fwp%2Fv2%2Ftags&post=791341"}],"curies":[{"name":"wp","href":"https:\/\/api.w.org\/{rel}","templated":true}]}}