{"id":791387,"date":"2025-03-03T21:38:32","date_gmt":"2025-03-03T17:38:32","guid":{"rendered":"https:\/\/arantv.az\/?p=791387"},"modified":"2025-03-03T21:38:32","modified_gmt":"2025-03-03T17:38:32","slug":"az%c9%99rbaycan-pakistan-munasib%c9%99tl%c9%99ri-strateji-t%c9%99r%c9%99fdasliq-v%c9%99-qardasliq-baglari","status":"publish","type":"post","link":"https:\/\/arantv.az\/?p=791387","title":{"rendered":"Az\u0259rbaycan-Pakistan m\u00fcnasib\u0259tl\u0259ri: Strateji t\u0259r\u0259fda\u015fl\u0131q v\u0259 qarda\u015fl\u0131q ba\u011flar\u0131"},"content":{"rendered":"<div class=\"content lead font-weight-normal\">\n<p>Az\u0259rbaycan v\u0259 Pakistan aras\u0131ndak\u0131 m\u00fcnasib\u0259tl\u0259r tarixi dostluq v\u0259 strateji t\u0259r\u0259fda\u015fl\u0131q \u00fcz\u0259rind\u0259 qurulmu\u015fdur. H\u0259r iki \u00f6lk\u0259 ortaq d\u0259y\u0259rl\u0259ri, qar\u015f\u0131l\u0131ql\u0131 d\u0259st\u0259k v\u0259 \u0259m\u0259kda\u015fl\u0131q ruhunu qoruyaraq m\u00fcxt\u0259lif sah\u0259l\u0259rd\u0259 s\u0131x \u0259laq\u0259l\u0259r qurmu\u015fdur. Son d\u00f6vrl\u0259rd\u0259 y\u00fcks\u0259k s\u0259viyy\u0259li s\u0259f\u0259rl\u0259r v\u0259 imzalanm\u0131\u015f sazi\u015fl\u0259r bu \u0259laq\u0259l\u0259rin daha da g\u00fccl\u0259nm\u0259sin\u0259 xidm\u0259t edir.<\/p>\n<p><em><strong>Y\u00fcks\u0259k S\u0259viyy\u0259li S\u0259f\u0259rl\u0259r v\u0259 Siyasi \u018flaq\u0259l\u0259r<\/strong><\/em><\/p>\n<p>Pakistan \u0130slam Respublikas\u0131n\u0131n Ba\u015f naziri M\u0259h\u0259mm\u0259d \u015eahbaz \u015e\u0259rifin Az\u0259rbaycana d\u00f6vl\u0259t s\u0259f\u0259ri v\u0259 Az\u0259rbaycan Prezidenti \u0130lham \u018fliyevin Pakistana r\u0259smi s\u0259f\u0259ri iki \u00f6lk\u0259 aras\u0131ndak\u0131 \u0259laq\u0259l\u0259rin dinamik inki\u015faf\u0131n\u0131 \u0259ks etdirir. Bu s\u0259f\u0259rl\u0259r zaman\u0131 liderl\u0259r strateji \u0259m\u0259kda\u015fl\u0131q sah\u0259l\u0259rini m\u00fczakir\u0259 etmi\u015f, m\u00fcxt\u0259lif sektorlarda \u0259m\u0259kda\u015fl\u0131\u011f\u0131n geni\u015fl\u0259ndirilm\u0259sini vur\u011fulam\u0131\u015flar.<\/p>\n<p>H\u0259r iki \u00f6lk\u0259 beyn\u0259lxalq arenada bir-birin\u0259 d\u0259st\u0259k verir. Pakistan Az\u0259rbaycan\u0131n \u0259razi b\u00fct\u00f6vl\u00fcy\u00fcn\u00fc v\u0259 Qaraba\u011f m\u0259s\u0259l\u0259sind\u0259 haql\u0131 m\u00f6vqeyini daim d\u0259st\u0259kl\u0259yib. Eyni zamanda, Az\u0259rbaycan da K\u0259\u015fmir m\u0259s\u0259l\u0259sind\u0259 Pakistan\u0131n m\u00f6vqeyin\u0259 a\u00e7\u0131q d\u0259st\u0259k ifad\u0259 edib. Bu qar\u015f\u0131l\u0131ql\u0131 d\u0259st\u0259k beyn\u0259lxalq t\u0259\u015fkilatlarda da \u00f6z \u0259ksini tap\u0131r.<\/p>\n<p><em><strong>\u0130qtisadi \u018fm\u0259kda\u015fl\u0131q v\u0259 \u0130nvestisiyalar<\/strong><\/em><\/p>\n<p>Az\u0259rbaycan v\u0259 Pakistan iqtisadi \u0259laq\u0259l\u0259rin geni\u015fl\u0259ndirilm\u0259sin\u0259 x\u00fcsusi \u00f6n\u0259m verir. Ticar\u0259t d\u00f6vriyy\u0259sinin art\u0131r\u0131lmas\u0131 v\u0259 qar\u015f\u0131l\u0131ql\u0131 s\u0259rmay\u0259l\u0259rin t\u0259\u015fviqi m\u00fch\u00fcm h\u0259d\u0259fl\u0259r aras\u0131ndad\u0131r. Prezident \u0130lham \u018fliyev Az\u0259rbaycan\u0131n Pakistan iqtisadiyyat\u0131na 2 milyard AB\u015e dollar\u0131 h\u0259cmind\u0259 s\u0259rmay\u0259 qoymaq niyy\u0259tind\u0259 oldu\u011funu b\u0259yan edib. Bu investisiyalar infrastrukturun inki\u015faf\u0131, energetika, m\u0259d\u0259n\u00e7ilik v\u0259 dig\u0259r sah\u0259l\u0259ri \u0259hat\u0259 ed\u0259c\u0259k.<\/p>\n<p>SOCAR v\u0259 Pakistan\u0131n m\u00fcvafiq qurumlar\u0131 s\u0131x\u0131lm\u0131\u015f maye qaz raz\u0131la\u015fmas\u0131n\u0131 \u0259lav\u0259 iki il m\u00fcdd\u0259tin\u0259 uzad\u0131b. Bundan \u0259lav\u0259, iki \u00f6lk\u0259 aras\u0131nda ticar\u0259t \u015firk\u0259tinin yarad\u0131lmas\u0131 v\u0259 iqtisadi sah\u0259d\u0259 dig\u0259r m\u00fch\u00fcm raz\u0131la\u015fmalar imzalan\u0131b. H\u0259m\u00e7inin, beyn\u0259lxalq n\u0259qliyyat v\u0259 logistika sah\u0259sind\u0259 \u0259m\u0259kda\u015fl\u0131q geni\u015fl\u0259ndirilir v\u0259 \u015eimal-C\u0259nub, \u015e\u0259rq-Q\u0259rb d\u0259hlizl\u0259ri \u00e7\u0259r\u00e7iv\u0259sind\u0259 Pakistan\u0131n Qvadar liman\u0131n\u0131n \u00f6n\u0259mi vur\u011fulan\u0131r.<\/p>\n<p><em><strong>M\u00fcdafi\u0259 v\u0259 H\u0259rbi S\u0259naye Sah\u0259sind\u0259 \u018fm\u0259kda\u015fl\u0131q<\/strong><\/em><\/p>\n<p>Az\u0259rbaycan v\u0259 Pakistan aras\u0131nda m\u00fcdafi\u0259 sah\u0259sind\u0259 \u0259m\u0259kda\u015fl\u0131q strateji \u0259h\u0259miyy\u0259t k\u0259sb edir. Az\u0259rbaycan art\u0131q Pakistan\u0131n istehsal etdiyi m\u00fcdafi\u0259 s\u0259nayesi m\u0259hsullar\u0131n\u0131 al\u0131b v\u0259 keyfiyy\u0259tind\u0259n m\u0259mnunluq ifad\u0259 edib. \u0130ki \u00f6lk\u0259 aras\u0131nda h\u0259rbi texnologiyalar\u0131n birg\u0259 istehsal\u0131 v\u0259 ixrac\u0131 m\u0259s\u0259l\u0259l\u0259ri d\u0259 m\u00fczakir\u0259 olunub. Pakistan\u0131n inki\u015faf etmi\u015f m\u00fcdafi\u0259 s\u0259nayesi il\u0259 Az\u0259rbaycan\u0131n artan h\u0259rbi potensial\u0131 birlikd\u0259 daha geni\u015f \u0259m\u0259kda\u015fl\u0131q imkanlar\u0131 yarad\u0131r.<\/p>\n<p><em><strong>\u00a0M\u0259d\u0259ni v\u0259 Humanitar \u018flaq\u0259l\u0259r<\/strong><\/em><\/p>\n<p>Az\u0259rbaycan v\u0259 Pakistan xalqlar\u0131 aras\u0131nda m\u0259d\u0259ni v\u0259 humanitar sah\u0259d\u0259 \u0259laq\u0259l\u0259r d\u0259 inki\u015faf etm\u0259kd\u0259dir. H\u0259r iki \u00f6lk\u0259d\u0259n qar\u015f\u0131l\u0131ql\u0131 s\u0259f\u0259rl\u0259rin v\u0259 turizmin artmas\u0131 bu sah\u0259d\u0259 inki\u015faf\u0131n g\u00f6st\u0259ricisidir. Bak\u0131da v\u0259 \u0130slamabadda ke\u00e7iril\u0259n m\u00fcxt\u0259lif t\u0259dbirl\u0259r xalqlar aras\u0131nda \u0259laq\u0259l\u0259ri g\u00fccl\u0259ndirm\u0259kd\u0259 m\u00fch\u00fcm rol oynay\u0131r.<\/p>\n<p>Az\u0259rbaycan-Pakistan m\u00fcnasib\u0259tl\u0259ri strateji m\u00fctt\u0259fiqlik, qarda\u015fl\u0131q v\u0259 dostluq prinsipl\u0259rin\u0259 \u0259saslan\u0131r. Y\u00fcks\u0259k s\u0259viyy\u0259li g\u00f6r\u00fc\u015fl\u0259r, iqtisadi v\u0259 h\u0259rbi \u0259m\u0259kda\u015fl\u0131q, beyn\u0259lxalq arenada qar\u015f\u0131l\u0131ql\u0131 d\u0259st\u0259k bu m\u00fcnasib\u0259tl\u0259rin m\u00f6hk\u0259ml\u0259ndirilm\u0259sin\u0259 xidm\u0259t edir. H\u0259r iki t\u0259r\u0259f \u0259laq\u0259l\u0259ri daha da geni\u015fl\u0259ndirm\u0259k \u00fc\u00e7\u00fcn s\u0259yl\u0259rini davam etdirir v\u0259 yax\u0131n g\u0259l\u0259c\u0259kd\u0259 daha b\u00f6y\u00fck u\u011furlar \u0259ld\u0259 etm\u0259yi h\u0259d\u0259fl\u0259yir.<\/p>\n<p><strong>Az\u0259r S\u00fcleymanov,\u00a0<\/strong><br \/>\n<em>YAP N\u0259simi rayon t\u0259\u015fkilat\u0131n\u0131n s\u0259dri\u00a0<\/em><\/p>\n<div class=\"clearfix\"><\/div>\n<\/div>\n<div class=\"fotorama--hidden\"><\/div>\n<div id=\"galleryList\" class=\"fotorama fotorama1741023460737\" data-nav=\"thumbs\" data-width=\"100%\" data-thumbwidth=\"90\" data-thumbheight=\"60\" data-allowfullscreen=\"true\" data-autoplay=\"3000\" data-ratio=\"1.5\" data-keyboard=\"true\" data-fit=\"contain\">\n<div class=\"fotorama__wrap fotorama__wrap--css3 fotorama__wrap--slide fotorama__wrap--toggle-arrows fotorama__wrap--no-controls\">\n<div class=\"fotorama__stage\">\n<div class=\"fotorama__fullscreen-icon\" tabindex=\"0\" role=\"button\"><\/div>\n<div class=\"fotorama__stage__shaft\">\n<div class=\"fotorama__stage__frame fotorama__loaded fotorama__loaded--img fotorama__active\"><img class=\"fotorama__img\" src=\"https:\/\/ikisahil.az\/photo\/0x0_2\/upload\/gallery\/2025\/03\/03\/-426ea289174100634143859470110936303.jpg\" \/><\/div>\n<\/div>\n<div class=\"fotorama__video-close\"><\/div>\n<\/div>\n<\/div>\n<\/div>\n<div class=\"sharing my-2 row no-gutters d-print-none\"><\/div>\n<div class=\"d-none d-sm-block\"><\/div>\n","protected":false},"excerpt":{"rendered":"<p>Az\u0259rbaycan v\u0259 Pakistan aras\u0131ndak\u0131 m\u00fcnasib\u0259tl\u0259r tarixi dostluq v\u0259 strateji t\u0259r\u0259fda\u015fl\u0131q \u00fcz\u0259rind\u0259 qurulmu\u015fdur. H\u0259r iki \u00f6lk\u0259 ortaq d\u0259y\u0259rl\u0259ri, qar\u015f\u0131l\u0131ql\u0131 d\u0259st\u0259k v\u0259 \u0259m\u0259kda\u015fl\u0131q ruhunu qoruyaraq m\u00fcxt\u0259lif sah\u0259l\u0259rd\u0259 s\u0131x \u0259laq\u0259l\u0259r qurmu\u015fdur. Son d\u00f6vrl\u0259rd\u0259 y\u00fcks\u0259k s\u0259viyy\u0259li s\u0259f\u0259rl\u0259r v\u0259 imzalanm\u0131\u015f sazi\u015fl\u0259r bu \u0259laq\u0259l\u0259rin daha da g\u00fccl\u0259nm\u0259sin\u0259 xidm\u0259t edir. Y\u00fcks\u0259k S\u0259viyy\u0259li S\u0259f\u0259rl\u0259r v\u0259 Siyasi \u018flaq\u0259l\u0259r Pakistan \u0130slam Respublikas\u0131n\u0131n Ba\u015f naziri M\u0259h\u0259mm\u0259d \u015eahbaz \u015e\u0259rifin Az\u0259rbaycana d\u00f6vl\u0259t s\u0259f\u0259ri v\u0259 Az\u0259rbaycan Prezidenti \u0130lham \u018fliyevin Pakistana r\u0259smi s\u0259f\u0259ri iki \u00f6lk\u0259 aras\u0131ndak\u0131 \u0259laq\u0259l\u0259rin dinamik inki\u015faf\u0131n\u0131 \u0259ks etdirir. Bu s\u0259f\u0259rl\u0259r zaman\u0131 liderl\u0259r strateji \u0259m\u0259kda\u015fl\u0131q sah\u0259l\u0259rini m\u00fczakir\u0259 etmi\u015f, m\u00fcxt\u0259lif sektorlarda \u0259m\u0259kda\u015fl\u0131\u011f\u0131n geni\u015fl\u0259ndirilm\u0259sini vur\u011fulam\u0131\u015flar.&hellip;<\/p>\n","protected":false},"author":2,"featured_media":791388,"comment_status":"closed","ping_status":"closed","sticky":false,"template":"","format":"standard","meta":{"om_disable_all_campaigns":false,"_monsterinsights_skip_tracking":false,"_monsterinsights_sitenote_active":false,"_monsterinsights_sitenote_note":"","_monsterinsights_sitenote_category":0},"categories":[19],"tags":[],"aioseo_notices":[],"gutentor_comment":0,"rttpg_featured_image_url":{"full":["https:\/\/arantv.az\/wp-content\/uploads\/2025\/03\/8b838818174032414822202877710169171.jpg",975,540,false],"landscape":["https:\/\/arantv.az\/wp-content\/uploads\/2025\/03\/8b838818174032414822202877710169171.jpg",975,540,false],"portraits":["https:\/\/arantv.az\/wp-content\/uploads\/2025\/03\/8b838818174032414822202877710169171.jpg",975,540,false],"thumbnail":["https:\/\/arantv.az\/wp-content\/uploads\/2025\/03\/8b838818174032414822202877710169171-500x280.jpg",500,280,true],"medium":["https:\/\/arantv.az\/wp-content\/uploads\/2025\/03\/8b838818174032414822202877710169171-660x365.jpg",660,365,true],"large":["https:\/\/arantv.az\/wp-content\/uploads\/2025\/03\/8b838818174032414822202877710169171-840x465.jpg",640,354,true],"1536x1536":["https:\/\/arantv.az\/wp-content\/uploads\/2025\/03\/8b838818174032414822202877710169171.jpg",975,540,false],"2048x2048":["https:\/\/arantv.az\/wp-content\/uploads\/2025\/03\/8b838818174032414822202877710169171.jpg",975,540,false],"post-thumbnail":["https:\/\/arantv.az\/wp-content\/uploads\/2025\/03\/8b838818174032414822202877710169171-240x172.jpg",240,172,true],"advps-thumb-one":["https:\/\/arantv.az\/wp-content\/uploads\/2025\/03\/8b838818174032414822202877710169171.jpg",975,540,false]},"rttpg_author":{"display_name":"V\u00fcsal Rafiqo\u011flu","author_link":"https:\/\/arantv.az\/?author=2"},"rttpg_comment":0,"rttpg_category":"<a href=\"https:\/\/arantv.az\/?cat=19\" rel=\"category\">G\u00fcnd\u0259m<\/a>","rttpg_excerpt":"Az\u0259rbaycan v\u0259 Pakistan aras\u0131ndak\u0131 m\u00fcnasib\u0259tl\u0259r tarixi dostluq v\u0259 strateji t\u0259r\u0259fda\u015fl\u0131q \u00fcz\u0259rind\u0259 qurulmu\u015fdur. H\u0259r iki \u00f6lk\u0259 ortaq d\u0259y\u0259rl\u0259ri, qar\u015f\u0131l\u0131ql\u0131 d\u0259st\u0259k v\u0259 \u0259m\u0259kda\u015fl\u0131q ruhunu qoruyaraq m\u00fcxt\u0259lif sah\u0259l\u0259rd\u0259 s\u0131x \u0259laq\u0259l\u0259r qurmu\u015fdur. Son d\u00f6vrl\u0259rd\u0259 y\u00fcks\u0259k s\u0259viyy\u0259li s\u0259f\u0259rl\u0259r v\u0259 imzalanm\u0131\u015f sazi\u015fl\u0259r bu \u0259laq\u0259l\u0259rin daha da g\u00fccl\u0259nm\u0259sin\u0259 xidm\u0259t edir. Y\u00fcks\u0259k S\u0259viyy\u0259li S\u0259f\u0259rl\u0259r v\u0259 Siyasi \u018flaq\u0259l\u0259r Pakistan \u0130slam Respublikas\u0131n\u0131n Ba\u015f naziri M\u0259h\u0259mm\u0259d&hellip;","_links":{"self":[{"href":"https:\/\/arantv.az\/index.php?rest_route=\/wp\/v2\/posts\/791387"}],"collection":[{"href":"https:\/\/arantv.az\/index.php?rest_route=\/wp\/v2\/posts"}],"about":[{"href":"https:\/\/arantv.az\/index.php?rest_route=\/wp\/v2\/types\/post"}],"author":[{"embeddable":true,"href":"https:\/\/arantv.az\/index.php?rest_route=\/wp\/v2\/users\/2"}],"replies":[{"embeddable":true,"href":"https:\/\/arantv.az\/index.php?rest_route=%2Fwp%2Fv2%2Fcomments&post=791387"}],"version-history":[{"count":1,"href":"https:\/\/arantv.az\/index.php?rest_route=\/wp\/v2\/posts\/791387\/revisions"}],"predecessor-version":[{"id":791389,"href":"https:\/\/arantv.az\/index.php?rest_route=\/wp\/v2\/posts\/791387\/revisions\/791389"}],"wp:featuredmedia":[{"embeddable":true,"href":"https:\/\/arantv.az\/index.php?rest_route=\/wp\/v2\/media\/791388"}],"wp:attachment":[{"href":"https:\/\/arantv.az\/index.php?rest_route=%2Fwp%2Fv2%2Fmedia&parent=791387"}],"wp:term":[{"taxonomy":"category","embeddable":true,"href":"https:\/\/arantv.az\/index.php?rest_route=%2Fwp%2Fv2%2Fcategories&post=791387"},{"taxonomy":"post_tag","embeddable":true,"href":"https:\/\/arantv.az\/index.php?rest_route=%2Fwp%2Fv2%2Ftags&post=791387"}],"curies":[{"name":"wp","href":"https:\/\/api.w.org\/{rel}","templated":true}]}}