{"id":792156,"date":"2025-03-06T17:00:00","date_gmt":"2025-03-06T13:00:00","guid":{"rendered":"https:\/\/arantv.az\/?p=792156"},"modified":"2025-03-06T17:00:00","modified_gmt":"2025-03-06T13:00:00","slug":"az%c9%99rbaycan-turkiy%c9%99-israil-masasinda-y%c9%99hudil%c9%99r%c9%99-deyir-ki-haaretz-daily-sensasion-m%c9%99qamlari-aciqladi","status":"publish","type":"post","link":"https:\/\/arantv.az\/?p=792156","title":{"rendered":"Az\u0259rbaycan T\u00fcrkiy\u0259-\u0130srail masas\u0131nda y\u0259hudil\u0259r\u0259 deyir ki&#8230; &#8211; \u201cHaaretz Daily\u201d sensasion m\u0259qamlar\u0131 a\u00e7\u0131qlad\u0131"},"content":{"rendered":"<h3><strong>Rusiya Suriyada girov kimi qal\u0131b<\/strong><\/h3>\n<p><strong>II Qaraba\u011f M\u00fcharib\u0259sind\u0259 T\u00fcrkiy\u0259 v\u0259 \u0130srail Az\u0259rbaycan\u0131n \u0259sas m\u00fctt\u0259fiqi kimi \u00e7\u0131x\u0131\u015f edib. H\u0259r iki \u00f6lk\u0259 bizim \u00fc\u00e7\u00fcn strateji \u00f6n\u0259m da\u015f\u0131y\u0131r. T\u0259\u0259ss\u00fcf ki, bu \u00f6lk\u0259l\u0259r aras\u0131nda m\u00fcnasib\u0259tl\u0259r son d\u0259r\u0259c\u0259 g\u0259rgindir. Q\u0259rb medias\u0131 T\u00fcrkiy\u0259-\u0130srail m\u00fcharib\u0259sinin m\u00fcmk\u00fcnl\u00fcy\u00fc bar\u0259d\u0259 d\u0259 d\u0259f\u0259l\u0259rl\u0259 yaz\u0131b. Prosesl\u0259rin m\u00fcharib\u0259y\u0259 do\u011fru istiqam\u0259t almas\u0131 Az\u0259rbaycan\u0131n d\u00f6vl\u0259t maraqlar\u0131n\u0131 t\u0259hl\u00fck\u0259 alt\u0131na at\u0131r. R\u0259smi Bak\u0131 bu t\u0259hl\u00fck\u0259nin reall\u0131\u011f\u0131n\u0131 n\u0259z\u0259r\u0259 alaraq t\u0259r\u0259fl\u0259r aras\u0131nda vasit\u0259\u00e7i qismind\u0259 \u00e7\u0131x\u0131\u015f edir. Bu bar\u0259d\u0259 ad\u0131 \u00e7\u0259kil\u0259n \u00f6lk\u0259l\u0259r d\u0259 daxil olmaqla d\u00fcnya m\u0259tbuat\u0131nda d\u0259f\u0259l\u0259rl\u0259 yaz\u0131l\u0131b. T\u0259qdim etdiyimiz bu yaz\u0131 da o q\u0259bild\u0259ndir.<\/strong><\/p>\n<p>\u018fsas\u0131 1918-ci ild\u0259 qoyulmu\u015f, haz\u0131rda \u0130srailin g\u00fcnd\u0259lik q\u0259zeti kimi tan\u0131nan \u201cHaaretz Daily\u201d Az\u0259rbaycan\u0131n h\u0259yata ke\u00e7irdiyi vasit\u0259\u00e7ilik missiyas\u0131n\u0131n b\u0259zi detallar\u0131n\u0131 a\u00e7\u0131qlay\u0131b. \u201cAs local powers tangle in Syria, Azerbaijan strives to prevent an Israel-Turkey clash\u201d (Suriyada yerli g\u00fccl\u0259r bir-birin\u0259 qar\u0131\u015fd\u0131\u011f\u0131 bir vaxtda Az\u0259rbaycan \u0130srail-T\u00fcrkiy\u0259 qar\u015f\u0131durmas\u0131n\u0131n qar\u015f\u0131s\u0131n\u0131 alma\u011fa \u00e7al\u0131\u015f\u0131r) adl\u0131 m\u0259qal\u0259d\u0259 deyilir ki, son iki h\u0259ft\u0259 \u0259rzind\u0259 \u0130srail Suriyada h\u0259m h\u0259rbi \u0259m\u0259liyyatlar\u0131n\u0131, h\u0259m d\u0259 diplomatik s\u0259yl\u0259rini g\u00fccl\u0259ndir\u0259r\u0259k, D\u0259m\u0259\u015fqd\u0259ki yeni rejimin himay\u0259dar\u0131 olan T\u00fcrkiy\u0259 il\u0259 toqqu\u015fma t\u0259hl\u00fck\u0259sin\u0259 q\u0259d\u0259r ir\u0259li gedib. Bu is\u0259 Az\u0259rbaycana vasit\u0259\u00e7ilik \u015fans\u0131 verib.<\/p>\n<p><img loading=\"lazy\" src=\"https:\/\/cdn.musavat.com\/news\/thumbnails\/163d09e08d44df47af963609b02d06ef.jpg\" alt=\"920f766dc7eb95e2e7d73d690e7f3e30.jpg (81 KB)\" width=\"686\" height=\"386\" \/><\/p>\n<p>Ke\u00e7\u0259n ay\u0131n sonlar\u0131nda ba\u015f nazir Benyamin Netanyahu \u0130srailin Suriyan\u0131n yeni rejiminin q\u00fcvv\u0259l\u0259rinin D\u0259m\u0259\u015fqin c\u0259nubundak\u0131 \u0259razil\u0259r\u0259 daxil olmas\u0131na icaz\u0259 verm\u0259y\u0259c\u0259yini dem\u0259si il\u0259 g\u0259rginlik artd\u0131. Bu, Suriyada \u00f6l\u00fcml\u0259 n\u0259tic\u0259l\u0259n\u0259n anti-\u0130srail n\u00fcmayi\u015fl\u0259rinin alovlanmas\u0131na s\u0259b\u0259b oldu.<\/p>\n<p>Daha sonra Netanyahu v\u0259 m\u00fcdafi\u0259 naziri \u0130srail Katz t\u0259r\u0259find\u0259n Suriyan\u0131n yeni rejimin\u0259 qar\u015f\u0131 f\u00f6vq\u0259lad\u0259 t\u0259hdid g\u0259ldi. \u0130srail Suriyadak\u0131 druz azl\u0131\u011f\u0131n\u0131 m\u00fcdafi\u0259 ed\u0259c\u0259yini bildirdi. Haz\u0131rda \u0130srail Suriyan\u0131 z\u0259ifl\u0259tm\u0259k \u00fc\u00e7\u00fcn Va\u015finqtonda lobbi\u00e7ilik edir. T\u00fcrkiy\u0259nin Suriyadak\u0131 t\u0259sirin\u0259 qar\u015f\u0131 \u00e7\u0131xmaq \u00fc\u00e7\u00fcn Rusiyan\u0131n yerli bazalar\u0131n\u0131 orada saxlama\u011fa \u00e7al\u0131\u015f\u0131r.<\/p>\n<p>Bundan ba\u015fqa \u0130srail Suriyadak\u0131 k\u00fcrdl\u0259r\u0259 d\u0259st\u0259k verm\u0259kl\u0259 T\u00fcrkiy\u0259nin t\u0259sirini azaltma\u011fa c\u0259hd edir. M\u0259qal\u0259nin m\u00fc\u0259llifi olan Liza Rozovsky yaz\u0131r ki, Az\u0259rbaycan t\u0259r\u0259fi \u0130srail\u0259 deyir ki, Rusiyan\u0131n Suriyada m\u00f6vcudlu\u011funu saxlamaq c\u0259hdi vaxt itkisind\u0259n ba\u015fqa bir \u015fey deyil. \u018fg\u0259r Rusiya h\u0259rbi bazalar\u0131n\u0131 Suriyada saxlamaq ist\u0259yirs\u0259, T\u00fcrkiy\u0259 prezidenti R\u0259c\u0259b Tayyib \u018frdo\u011fanla anla\u015fmal\u0131d\u0131r.<\/p>\n<p><img loading=\"lazy\" src=\"https:\/\/cdn.musavat.com\/news\/thumbnails\/4172d10da4353edec5e9e7626bd1eeae.jpg\" alt=\"1739167953_erdogan-yeni.jpg (41 KB)\" width=\"770\" height=\"415\" \/><\/p>\n<p>Ruslar da Suriyada h\u0259rbi bazalar\u0131n\u0131 saxlamaq \u015fanslar\u0131n\u0131n az oldu\u011funu etiraf edirl\u0259r.<\/p>\n<p><strong>Az\u0259rbaycan\u0131n mill\u0259t v\u0259kili, \u0130srail-Az\u0259rbaycan Parlament Dostluq Qrupunun \u00fczv\u00fc Rasim Musab\u0259yov \u201cHaaretz\u201d\u0259 deyib:<\/strong>\u00a0\u201cStrateji m\u00fctt\u0259fiqimiz T\u00fcrkiy\u0259 il\u0259 strateji t\u0259r\u0259fda\u015f\u0131m\u0131z \u0130srail aras\u0131nda anla\u015f\u0131lmazl\u0131\u011f\u0131 azaltma\u011fa \u00e7al\u0131\u015faca\u011f\u0131q\u201d.<\/p>\n<p><strong>K\u00fcrdl\u0259ri d\u0259st\u0259kl\u0259m\u0259y\u0259 g\u0259linc\u0259, az\u0259rbaycanl\u0131lar\u0131n tonu f\u0259rqlidir. Musab\u0259yov separat\u00e7\u0131 PKK-ya istinad ed\u0259r\u0259k deyir:<\/strong>\u00a0\u201cXat\u0131rlatmaq ist\u0259rdim ki, o vaxtlar \u0130srail Abdullah \u00d6calan\u0131n h\u0259bsind\u0259 T\u00fcrkiy\u0259y\u0259 k\u00f6m\u0259k edib\u201d. \u00d6calan 1999-cu ild\u0259 Keniyada \u0259l\u0259 ke\u00e7ib, m\u00fchakim\u0259 olunub v\u0259 \u00f6m\u00fcrl\u00fck h\u0259bs c\u0259zas\u0131 \u00e7\u0259kir.<\/p>\n<p>1999-cu ild\u0259 ilk d\u0259f\u0259 ba\u015f nazir olan Netanyahu \u00d6calan\u0131n h\u0259bsin\u0259 \u0130srailin k\u00f6m\u0259k etdiyin\u0259 dair x\u0259b\u0259rl\u0259ri q\u0259ti \u015f\u0259kild\u0259 t\u0259kzib edib.<\/p>\n<p><img loading=\"lazy\" src=\"https:\/\/cdn.musavat.com\/news\/thumbnails\/9ba61658d15ae53728b140cccaec8c78.jpg\" alt=\"1735552896_173486986115880551676.jpg (76 KB)\" width=\"900\" height=\"506\" \/><\/p>\n<p>\u201c\u0130ndi T\u00fcrkiy\u0259y\u0259 m\u0259lumdur ki, t\u00fcrk d\u00f6vl\u0259t\u0259in\u0259 qar\u015f\u0131 terror yolu il\u0259 m\u00fcbariz\u0259d\u0259 \u0130srail PKK-ya f\u0259al \u015f\u0259kild\u0259 k\u00f6m\u0259k edir. Bu, T\u00fcrkiy\u0259nin q\u0259tiyy\u0259n ba\u011f\u0131\u015flamayaca\u011f\u0131 bir \u015feydir\u201d, &#8211; Musab\u0259yov deyir.<\/p>\n<p>\u201c\u0130srail T\u00fcrkiy\u0259 il\u0259 m\u00fcnasib\u0259tl\u0259ri normalla\u015fd\u0131rmaqda v\u0259 h\u0259rb meydan\u0131nda \u00fcz-\u00fcz\u0259 g\u0259lm\u0259kd\u0259n qa\u00e7maqda maraql\u0131d\u0131rsa, T\u00fcrkiy\u0259 v\u0259 \u0130ran\u0131n maraqlar\u0131na zidd olacaq k\u00fcrd d\u00f6vl\u0259tinin yarad\u0131lmas\u0131n\u0131 unutmal\u0131d\u0131r. Amerikal\u0131lar bu t\u0259\u015f\u0259bb\u00fcs\u00fcn arxas\u0131nda dursalar bel\u0259, bu, ba\u015f verm\u0259y\u0259c\u0259k. \u0130ran v\u0259 T\u00fcrkiy\u0259 k\u00fcrd d\u00f6vl\u0259tinin yaranmas\u0131n\u0131n qar\u015f\u0131s\u0131n\u0131 alacaq\u201d.<\/p>\n<p>Az\u0259rbaycan\u0131n xarici siyas\u0259t idar\u0259sinin r\u0259hb\u0259ri v\u0259 \u00f6lk\u0259 prezidentinin k\u00f6m\u0259k\u00e7isi Hikm\u0259t Hac\u0131yev son aylarda \u0130srail\u0259 iki d\u0259f\u0259 s\u0259f\u0259r edib. Sonuncu d\u0259f\u0259 c\u0259nab Hac\u0131yev Netanyahu il\u0259 g\u00f6r\u00fc\u015f\u00fcb, bir ne\u00e7\u0259 g\u00fcn sonra is\u0259 Kiprin Larnaka \u015f\u0259h\u0259rin\u0259 gedib v\u0259 orada T\u00fcrkiy\u0259nin xarici i\u015fl\u0259r naziri Hakan Fidanla bir araya g\u0259lib.<\/p>\n<p>C\u0259nubi Qafqaz Ara\u015fd\u0131rmalar M\u0259rk\u0259zinin r\u0259hb\u0259ri, Az\u0259rbaycan Prezidenti yan\u0131nda Strateji Ara\u015fd\u0131rmalar M\u0259rk\u0259zinin ke\u00e7mi\u015f direktoru F\u0259rhad M\u0259mm\u0259dov deyir ki, \u201cAz\u0259rbaycan \u0130srail v\u0259 T\u00fcrkiy\u0259 aras\u0131nda m\u00fcnasib\u0259tl\u0259rin sistem\u0259 sal\u0131nmas\u0131n\u0131 ist\u0259yir\u201d.<\/p>\n<p><img loading=\"lazy\" src=\"https:\/\/cdn.musavat.com\/news\/thumbnails\/7d202300b4a1ddef63f023e413bd2f75.jpg\" alt=\"75d20ba8-cb9f-3f2a-a59e-a9ce530c.jpg (81 KB)\" width=\"850\" height=\"530\" \/><\/p>\n<p>\u201cM\u00fctt\u0259fiqimizl\u0259 \u0259n yax\u0131n t\u0259r\u0259fda\u015f\u0131m\u0131z aras\u0131nda d\u00fc\u015fm\u0259n\u00e7ilik olmas\u0131 bizim mara\u011f\u0131m\u0131zda deyil\u201d.<\/p>\n<p><strong>F\u0259rhad M\u0259mm\u0259dov da deyir ki, Aral\u0131q d\u0259nizinin \u015f\u0259rqind\u0259 \u00f6z varl\u0131\u011f\u0131n\u0131 saxlamaq \u00fc\u00e7\u00fcn Moskva Ankara il\u0259 dan\u0131\u015f\u0131qlar aparmal\u0131d\u0131r:<\/strong>\u00a0\u201dRusiyan\u0131n b\u00f6lg\u0259d\u0259 ba\u015fqa h\u0259rbi bazalar\u0131 yoxdur. Ona g\u00f6r\u0259 d\u0259 Rusiya Aral\u0131q d\u0259nizind\u0259 i\u015ftirak etm\u0259d\u0259n \u015eimali v\u0259 M\u0259rk\u0259zi Afrikadak\u0131 aktivl\u0259rini saxlamaqda b\u00f6y\u00fck \u00e7\u0259tinlikl\u0259rl\u0259 \u00fczl\u0259\u015f\u0259c\u0259k. D\u00fc\u015f\u00fcn\u00fcr\u0259m ki, T\u00fcrkiy\u0259 v\u0259ziyy\u0259td\u0259n istifad\u0259 ed\u0259r\u0259k t\u0259dric\u0259n h\u0259min aktivl\u0259r\u0259 n\u0259zar\u0259ti \u0259l\u0259 ke\u00e7ir\u0259c\u0259k v\u0259 Rusiyan\u0131 orada cilovlayacaq\u201d.<\/p>\n<p>\u201cRusiyan\u0131n Suriyadak\u0131 bazalar\u0131 art\u0131q baza deyil, dem\u0259k olar ki, ruslar girov v\u0259ziyy\u0259tin\u0259 d\u00fc\u015f\u00fcbl\u0259r. Rusiyaya qa\u00e7\u0131\u015f yolu yoxdur. \u018fvv\u0259ll\u0259r ruslar Suriya v\u0259 \u0130raq \u00fcz\u0259rind\u0259n u\u00e7a bilirdil\u0259r. &#8230; \u0130ndi o yol bloklan\u0131b v\u0259 T\u00fcrkiy\u0259 g\u0259mil\u0259rin v\u0259 d\u00f6y\u00fc\u015f t\u0259yyar\u0259l\u0259rinin ke\u00e7m\u0259sin\u0259 icaz\u0259 vermir. Rusiyan\u0131n he\u00e7 bir variant\u0131 yoxdur. Suriyadak\u0131 h\u0259rbi bazada oturublar v\u0259 oradan nec\u0259 \u00e7\u0131xacaqlar\u0131n\u0131 bilmirl\u0259r\u201d.<\/p>\n<p><strong>Maraql\u0131d\u0131r ki, ruslar az\u0259rbaycanl\u0131lar\u0131n v\u0259ziyy\u0259ti d\u0259y\u0259rl\u0259ndirm\u0259si il\u0259 raz\u0131la\u015f\u0131rlar&#8230;<\/strong><\/p>\n<p>Az\u0259rbaycanl\u0131lar deyirl\u0259r ki, \u0130srail Suriyada separatizmi v\u0259 v\u0259t\u0259nda\u015f m\u00fcharib\u0259sini t\u0259\u015fviq edir. Ancaq T\u00fcrkiy\u0259nin Suriyaya n\u0259zar\u0259ti birlik v\u0259 sabitliyi qoruyub saxlayacaq. Bu is\u0259 son n\u0259tic\u0259d\u0259 \u0130srailin xeyrin\u0259 olacaq.<\/p>\n<p>Lakin \u0130srail n\u0259 T\u00fcrkiy\u0259y\u0259, n\u0259 d\u0259 Suriyadak\u0131 yeni rejim\u0259 g\u00fcv\u0259nmir. \u0130srail deyir ki, Ankara Livanda Hizbullah\u0131 canland\u0131rmaq \u00fc\u00e7\u00fcn Tehranla \u0259m\u0259kda\u015fl\u0131q edir. \u00d6t\u0259n h\u0259ft\u0259 buna dair b\u0259zi s\u00fcbutlar oraya \u00e7\u0131x\u0131b: T\u00fcrkiy\u0259d\u0259n Beyruta u\u00e7an bir s\u0259rni\u015finind\u0259n 2,5 milyon dollar m\u00fcsadir\u0259 olub. Bu pul Hizbullah \u00fc\u00e7\u00fcn Tehrandan g\u00f6nd\u0259rilib.<\/p>\n<p>\u0130srail r\u0259smil\u0259ri Tayyib \u018frdo\u011fan\u0131n H\u018fMAS-a a\u00e7\u0131q d\u0259st\u0259yini d\u0259 \u00f6zl\u0259ri \u00fc\u00e7\u00fcn t\u0259hl\u00fck\u0259 hesab edirl\u0259r.<\/p>\n<p>\u0130srail\u0259 ba\u011fl\u0131 bir m\u0259nb\u0259 Suriyan\u0131n yeni rejimi haqq\u0131nda \u201cBunlar fanatik ideologiyaya malik cihad\u00e7\u0131lard\u0131r\u201d deyir. \u201cOnlar\u0131n h\u0259r\u0259k\u0259tl\u0259ri ifratd\u0131r, ke\u00e7mi\u015fl\u0259ri qara, indil\u0259ri ondan da qarad\u0131r. G\u00f6r\u00fcn onlar k\u00fcrdl\u0259r\u0259 n\u0259 edirl\u0259r\u201d, o, Suriyan\u0131n \u015fimal\u0131nda k\u00fcrdl\u0259r il\u0259 T\u00fcrkiy\u0259y\u0259 ba\u011fl\u0131 q\u00fcvv\u0259l\u0259r aras\u0131nda ged\u0259n d\u00f6y\u00fc\u015fl\u0259r\u0259 i\u015far\u0259 ed\u0259r\u0259k deyir. \u201c\u0130ndi deyirl\u0259r ki, cihad\u00e7\u0131lar kostyum geyinibl\u0259r. Ancaq sad\u0259l\u00f6vh olma\u011f\u0131n da \u00f6z s\u0259rh\u0259di var\u201d.<\/p>\n<p>Lakin T\u0259l-\u018fvivd\u0259ki (Q\u00fcds) \u015ealem Kollecind\u0259 T\u00fcrkiy\u0259 \u00fczr\u0259 ekspert olan Tsameret Levy-Daphny deyir ki, \u201c\u0130srailin T\u00fcrkiy\u0259 anlay\u0131\u015f\u0131 q\u00fcsurludur. Suriyaya m\u00fcnasib\u0259td\u0259 is\u0259 \u0130srail isteriya v\u0259 panika i\u00e7ind\u0259dir\u201d.<\/p>\n<p>O, T\u00fcrkiy\u0259nin imperialist meyll\u0259ri bar\u0259d\u0259 s\u00f6hb\u0259tin \u015fi\u015firdildiyini deyir. T\u00fcrkiy\u0259 ard\u0131c\u0131l \u015f\u0259kild\u0259 m\u00f6vqeyini ortaya qoyub: F\u0259l\u0259stin d\u00f6vl\u0259tinin yarad\u0131lmas\u0131 il\u0259 yana\u015f\u0131, \u0130sraili d\u0259 d\u00f6vl\u0259t kimi tan\u0131y\u0131r. (El\u0259 Az\u0259rbaycan da bu m\u00f6vqed\u0259dir.)<\/p>\n<p><strong><a title=\"https:\/\/www.haaretz.com\/israel-news\/2025-03-05\/ty-article-magazine\/.premium\/as-local-powers-tangle-in-syria-azerbaijan-strives-to-prevent-an-israel-turkey-clash\/00000195-66d5-d20b-a1b7-f7df45720000\" href=\"https:\/\/www.haaretz.com\/israel-news\/2025-03-05\/ty-article-magazine\/.premium\/as-local-powers-tangle-in-syria-azerbaijan-strives-to-prevent-an-israel-turkey-clash\/00000195-66d5-d20b-a1b7-f7df45720000\">https:\/\/www.haaretz.com\/israel-news\/2025-03-05\/ty-article-magazine\/.premium\/as-local-powers-tangle-in-syria-azerbaijan-strives-to-prevent-an-israel-turkey-clash\/00000195-66d5-d20b-a1b7-f7df45720000<\/a><\/strong><\/p>\n<div class=\"news-author text-left\"><a href=\"https:\/\/musavat.com\/author\/elbeyi-hesenli-surix_27\"><img class=\"img-responsive img-author\" src=\"https:\/\/cdn.musavat.com\/authors\/thumbnails\/cfd7ef3a106a8fd69652aadefe26de73.jpg\" \/>Elb\u0259yi H\u018fS\u018fNL\u0130, S\u00dcR\u0130X<\/a><\/div>\n","protected":false},"excerpt":{"rendered":"<p>Rusiya Suriyada girov kimi qal\u0131b II Qaraba\u011f M\u00fcharib\u0259sind\u0259 T\u00fcrkiy\u0259 v\u0259 \u0130srail Az\u0259rbaycan\u0131n \u0259sas m\u00fctt\u0259fiqi kimi \u00e7\u0131x\u0131\u015f edib. H\u0259r iki \u00f6lk\u0259 bizim \u00fc\u00e7\u00fcn strateji \u00f6n\u0259m da\u015f\u0131y\u0131r. T\u0259\u0259ss\u00fcf ki, bu \u00f6lk\u0259l\u0259r aras\u0131nda m\u00fcnasib\u0259tl\u0259r son d\u0259r\u0259c\u0259 g\u0259rgindir. Q\u0259rb medias\u0131 T\u00fcrkiy\u0259-\u0130srail m\u00fcharib\u0259sinin m\u00fcmk\u00fcnl\u00fcy\u00fc bar\u0259d\u0259 d\u0259 d\u0259f\u0259l\u0259rl\u0259 yaz\u0131b. Prosesl\u0259rin m\u00fcharib\u0259y\u0259 do\u011fru istiqam\u0259t almas\u0131 Az\u0259rbaycan\u0131n d\u00f6vl\u0259t maraqlar\u0131n\u0131 t\u0259hl\u00fck\u0259 alt\u0131na at\u0131r. R\u0259smi Bak\u0131 bu t\u0259hl\u00fck\u0259nin reall\u0131\u011f\u0131n\u0131 n\u0259z\u0259r\u0259 alaraq t\u0259r\u0259fl\u0259r aras\u0131nda vasit\u0259\u00e7i qismind\u0259 \u00e7\u0131x\u0131\u015f edir. Bu bar\u0259d\u0259 ad\u0131 \u00e7\u0259kil\u0259n \u00f6lk\u0259l\u0259r d\u0259 daxil olmaqla d\u00fcnya m\u0259tbuat\u0131nda d\u0259f\u0259l\u0259rl\u0259 yaz\u0131l\u0131b. T\u0259qdim etdiyimiz bu yaz\u0131 da o q\u0259bild\u0259ndir. \u018fsas\u0131 1918-ci ild\u0259 qoyulmu\u015f,&hellip;<\/p>\n","protected":false},"author":2,"featured_media":792157,"comment_status":"closed","ping_status":"closed","sticky":false,"template":"","format":"standard","meta":{"om_disable_all_campaigns":false,"_monsterinsights_skip_tracking":false,"_monsterinsights_sitenote_active":false,"_monsterinsights_sitenote_note":"","_monsterinsights_sitenote_category":0},"categories":[19],"tags":[],"aioseo_notices":[],"gutentor_comment":0,"rttpg_featured_image_url":{"full":["https:\/\/arantv.az\/wp-content\/uploads\/2025\/03\/98cb2fc98c205066d1075dc31e4ac13a.jpg",480,236,false],"landscape":["https:\/\/arantv.az\/wp-content\/uploads\/2025\/03\/98cb2fc98c205066d1075dc31e4ac13a.jpg",480,236,false],"portraits":["https:\/\/arantv.az\/wp-content\/uploads\/2025\/03\/98cb2fc98c205066d1075dc31e4ac13a.jpg",480,236,false],"thumbnail":["https:\/\/arantv.az\/wp-content\/uploads\/2025\/03\/98cb2fc98c205066d1075dc31e4ac13a.jpg",480,236,false],"medium":["https:\/\/arantv.az\/wp-content\/uploads\/2025\/03\/98cb2fc98c205066d1075dc31e4ac13a.jpg",480,236,false],"large":["https:\/\/arantv.az\/wp-content\/uploads\/2025\/03\/98cb2fc98c205066d1075dc31e4ac13a.jpg",480,236,false],"1536x1536":["https:\/\/arantv.az\/wp-content\/uploads\/2025\/03\/98cb2fc98c205066d1075dc31e4ac13a.jpg",480,236,false],"2048x2048":["https:\/\/arantv.az\/wp-content\/uploads\/2025\/03\/98cb2fc98c205066d1075dc31e4ac13a.jpg",480,236,false],"post-thumbnail":["https:\/\/arantv.az\/wp-content\/uploads\/2025\/03\/98cb2fc98c205066d1075dc31e4ac13a-240x172.jpg",240,172,true],"advps-thumb-one":["https:\/\/arantv.az\/wp-content\/uploads\/2025\/03\/98cb2fc98c205066d1075dc31e4ac13a.jpg",480,236,false]},"rttpg_author":{"display_name":"V\u00fcsal Rafiqo\u011flu","author_link":"https:\/\/arantv.az\/?author=2"},"rttpg_comment":0,"rttpg_category":"<a href=\"https:\/\/arantv.az\/?cat=19\" rel=\"category\">G\u00fcnd\u0259m<\/a>","rttpg_excerpt":"Rusiya Suriyada girov kimi qal\u0131b II Qaraba\u011f M\u00fcharib\u0259sind\u0259 T\u00fcrkiy\u0259 v\u0259 \u0130srail Az\u0259rbaycan\u0131n \u0259sas m\u00fctt\u0259fiqi kimi \u00e7\u0131x\u0131\u015f edib. H\u0259r iki \u00f6lk\u0259 bizim \u00fc\u00e7\u00fcn strateji \u00f6n\u0259m da\u015f\u0131y\u0131r. T\u0259\u0259ss\u00fcf ki, bu \u00f6lk\u0259l\u0259r aras\u0131nda m\u00fcnasib\u0259tl\u0259r son d\u0259r\u0259c\u0259 g\u0259rgindir. Q\u0259rb medias\u0131 T\u00fcrkiy\u0259-\u0130srail m\u00fcharib\u0259sinin m\u00fcmk\u00fcnl\u00fcy\u00fc bar\u0259d\u0259 d\u0259 d\u0259f\u0259l\u0259rl\u0259 yaz\u0131b. Prosesl\u0259rin m\u00fcharib\u0259y\u0259 do\u011fru istiqam\u0259t almas\u0131 Az\u0259rbaycan\u0131n d\u00f6vl\u0259t maraqlar\u0131n\u0131 t\u0259hl\u00fck\u0259 alt\u0131na at\u0131r. R\u0259smi&hellip;","_links":{"self":[{"href":"https:\/\/arantv.az\/index.php?rest_route=\/wp\/v2\/posts\/792156"}],"collection":[{"href":"https:\/\/arantv.az\/index.php?rest_route=\/wp\/v2\/posts"}],"about":[{"href":"https:\/\/arantv.az\/index.php?rest_route=\/wp\/v2\/types\/post"}],"author":[{"embeddable":true,"href":"https:\/\/arantv.az\/index.php?rest_route=\/wp\/v2\/users\/2"}],"replies":[{"embeddable":true,"href":"https:\/\/arantv.az\/index.php?rest_route=%2Fwp%2Fv2%2Fcomments&post=792156"}],"version-history":[{"count":2,"href":"https:\/\/arantv.az\/index.php?rest_route=\/wp\/v2\/posts\/792156\/revisions"}],"predecessor-version":[{"id":792160,"href":"https:\/\/arantv.az\/index.php?rest_route=\/wp\/v2\/posts\/792156\/revisions\/792160"}],"wp:featuredmedia":[{"embeddable":true,"href":"https:\/\/arantv.az\/index.php?rest_route=\/wp\/v2\/media\/792157"}],"wp:attachment":[{"href":"https:\/\/arantv.az\/index.php?rest_route=%2Fwp%2Fv2%2Fmedia&parent=792156"}],"wp:term":[{"taxonomy":"category","embeddable":true,"href":"https:\/\/arantv.az\/index.php?rest_route=%2Fwp%2Fv2%2Fcategories&post=792156"},{"taxonomy":"post_tag","embeddable":true,"href":"https:\/\/arantv.az\/index.php?rest_route=%2Fwp%2Fv2%2Ftags&post=792156"}],"curies":[{"name":"wp","href":"https:\/\/api.w.org\/{rel}","templated":true}]}}