{"id":79299,"date":"2019-09-16T14:02:18","date_gmt":"2019-09-16T11:02:18","guid":{"rendered":"http:\/\/arantv.az\/?p=79299"},"modified":"2019-09-16T14:02:18","modified_gmt":"2019-09-16T11:02:18","slug":"bes-ildir-bu-ani-gozl%c9%99yirdil%c9%99r-foto","status":"publish","type":"post","link":"https:\/\/arantv.az\/?p=79299","title":{"rendered":"Be\u015f ildir bu an\u0131 g\u00f6zl\u0259yirdil\u0259r \u2013 Foto"},"content":{"rendered":"<p>Az\u0259rbaycanl\u0131 \u015fair\u0259 Leyli Erol v\u0259 t\u00fcrkiy\u0259li b\u0259st\u0259kar Hakan Erol be\u015f illik arzusuna \u00e7at\u0131b. <strong>ARANTV.AZ<\/strong> x\u0259b\u0259r verir ki, \u00f6t\u0259n g\u00fcn onlar\u0131n \u00f6vlad\u0131 d\u00fcnyaya g\u0259lib. Bu bar\u0259d\u0259 H. Erol \u0130nstaqramda m\u0259lumat verib. \u201cKaan Erol, ail\u0259miz\u0259 xo\u015f g\u0259ldin\u201d dey\u0259, o, yaz\u0131b. Qeyd ed\u0259k ki, haz\u0131rda T\u00fcrkiy\u0259d\u0259 ya\u015fayan c\u00fctl\u00fck 2014-c\u00fc ilin aprelind\u0259 ail\u0259 h\u0259yat\u0131 qurub. Onlar uzun m\u00fcdd\u0259tdir valideyn olmaq ist\u0259yirdi.<\/p>\n<p><img loading=\"lazy\" class=\"alignnone size-medium wp-image-79300\" src=\"https:\/\/arantv.az\/wp-content\/uploads\/2019\/09\/71077656_384087785856708_539721894111215616_n-300x300.jpg\" alt=\"\" width=\"300\" height=\"300\" \/><\/p>\n","protected":false},"excerpt":{"rendered":"<p>Az\u0259rbaycanl\u0131 \u015fair\u0259 Leyli Erol v\u0259 t\u00fcrkiy\u0259li b\u0259st\u0259kar Hakan Erol be\u015f illik arzusuna \u00e7at\u0131b. ARANTV.AZ x\u0259b\u0259r verir ki, \u00f6t\u0259n g\u00fcn onlar\u0131n \u00f6vlad\u0131 d\u00fcnyaya g\u0259lib. Bu bar\u0259d\u0259 H. Erol \u0130nstaqramda m\u0259lumat verib. \u201cKaan Erol, ail\u0259miz\u0259 xo\u015f g\u0259ldin\u201d dey\u0259, o, yaz\u0131b. Qeyd ed\u0259k ki, haz\u0131rda T\u00fcrkiy\u0259d\u0259 ya\u015fayan c\u00fctl\u00fck 2014-c\u00fc ilin aprelind\u0259 ail\u0259 h\u0259yat\u0131 qurub. Onlar uzun m\u00fcdd\u0259tdir valideyn olmaq ist\u0259yirdi.<\/p>\n","protected":false},"author":2,"featured_media":79301,"comment_status":"closed","ping_status":"closed","sticky":false,"template":"","format":"standard","meta":{"om_disable_all_campaigns":false,"_monsterinsights_skip_tracking":false,"_monsterinsights_sitenote_active":false,"_monsterinsights_sitenote_note":"","_monsterinsights_sitenote_category":0},"categories":[24],"tags":[],"aioseo_notices":[],"gutentor_comment":0,"rttpg_featured_image_url":{"full":["https:\/\/arantv.az\/wp-content\/uploads\/2019\/09\/70124727_525326008042829_1644292061354000384_n.jpg",1685,1123,false],"landscape":["https:\/\/arantv.az\/wp-content\/uploads\/2019\/09\/70124727_525326008042829_1644292061354000384_n.jpg",1685,1123,false],"portraits":["https:\/\/arantv.az\/wp-content\/uploads\/2019\/09\/70124727_525326008042829_1644292061354000384_n.jpg",1685,1123,false],"thumbnail":["https:\/\/arantv.az\/wp-content\/uploads\/2019\/09\/70124727_525326008042829_1644292061354000384_n-150x150.jpg",150,150,true],"medium":["https:\/\/arantv.az\/wp-content\/uploads\/2019\/09\/70124727_525326008042829_1644292061354000384_n-300x200.jpg",300,200,true],"large":["https:\/\/arantv.az\/wp-content\/uploads\/2019\/09\/70124727_525326008042829_1644292061354000384_n-1024x682.jpg",640,426,true],"1536x1536":["https:\/\/arantv.az\/wp-content\/uploads\/2019\/09\/70124727_525326008042829_1644292061354000384_n.jpg",1536,1024,false],"2048x2048":["https:\/\/arantv.az\/wp-content\/uploads\/2019\/09\/70124727_525326008042829_1644292061354000384_n.jpg",1685,1123,false],"post-thumbnail":["https:\/\/arantv.az\/wp-content\/uploads\/2019\/09\/70124727_525326008042829_1644292061354000384_n-240x172.jpg",240,172,true],"advps-thumb-one":["https:\/\/arantv.az\/wp-content\/uploads\/2019\/09\/70124727_525326008042829_1644292061354000384_n-1200x620.jpg",1200,620,true]},"rttpg_author":{"display_name":"V\u00fcsal Rafiqo\u011flu","author_link":"https:\/\/arantv.az\/?author=2"},"rttpg_comment":0,"rttpg_category":"<a href=\"https:\/\/arantv.az\/?cat=24\" rel=\"category\">Maraql\u0131<\/a>","rttpg_excerpt":"Az\u0259rbaycanl\u0131 \u015fair\u0259 Leyli Erol v\u0259 t\u00fcrkiy\u0259li b\u0259st\u0259kar Hakan Erol be\u015f illik arzusuna \u00e7at\u0131b. ARANTV.AZ x\u0259b\u0259r verir ki, \u00f6t\u0259n g\u00fcn onlar\u0131n \u00f6vlad\u0131 d\u00fcnyaya g\u0259lib. Bu bar\u0259d\u0259 H. Erol \u0130nstaqramda m\u0259lumat verib. \u201cKaan Erol, ail\u0259miz\u0259 xo\u015f g\u0259ldin\u201d dey\u0259, o, yaz\u0131b. Qeyd ed\u0259k ki, haz\u0131rda T\u00fcrkiy\u0259d\u0259 ya\u015fayan c\u00fctl\u00fck 2014-c\u00fc ilin aprelind\u0259 ail\u0259 h\u0259yat\u0131 qurub. Onlar uzun m\u00fcdd\u0259tdir valideyn&hellip;","_links":{"self":[{"href":"https:\/\/arantv.az\/index.php?rest_route=\/wp\/v2\/posts\/79299"}],"collection":[{"href":"https:\/\/arantv.az\/index.php?rest_route=\/wp\/v2\/posts"}],"about":[{"href":"https:\/\/arantv.az\/index.php?rest_route=\/wp\/v2\/types\/post"}],"author":[{"embeddable":true,"href":"https:\/\/arantv.az\/index.php?rest_route=\/wp\/v2\/users\/2"}],"replies":[{"embeddable":true,"href":"https:\/\/arantv.az\/index.php?rest_route=%2Fwp%2Fv2%2Fcomments&post=79299"}],"version-history":[{"count":0,"href":"https:\/\/arantv.az\/index.php?rest_route=\/wp\/v2\/posts\/79299\/revisions"}],"wp:featuredmedia":[{"embeddable":true,"href":"https:\/\/arantv.az\/index.php?rest_route=\/wp\/v2\/media\/79301"}],"wp:attachment":[{"href":"https:\/\/arantv.az\/index.php?rest_route=%2Fwp%2Fv2%2Fmedia&parent=79299"}],"wp:term":[{"taxonomy":"category","embeddable":true,"href":"https:\/\/arantv.az\/index.php?rest_route=%2Fwp%2Fv2%2Fcategories&post=79299"},{"taxonomy":"post_tag","embeddable":true,"href":"https:\/\/arantv.az\/index.php?rest_route=%2Fwp%2Fv2%2Ftags&post=79299"}],"curies":[{"name":"wp","href":"https:\/\/api.w.org\/{rel}","templated":true}]}}