{"id":79344,"date":"2019-09-16T15:28:16","date_gmt":"2019-09-16T12:28:16","guid":{"rendered":"http:\/\/arantv.az\/?p=79344"},"modified":"2019-09-16T15:28:16","modified_gmt":"2019-09-16T12:28:16","slug":"birinci-vitse-prezident-mehriban-%c9%99liyeva-sagird-v%c9%99-t%c9%99l%c9%99b%c9%99l%c9%99ri-bilik-gunu-munasib%c9%99til%c9%99-t%c9%99brik-edib","status":"publish","type":"post","link":"https:\/\/arantv.az\/?p=79344","title":{"rendered":"Birinci vitse-prezident Mehriban \u018fliyeva \u015fagird v\u0259 t\u0259l\u0259b\u0259l\u0259ri Bilik G\u00fcn\u00fc m\u00fcnasib\u0259til\u0259 t\u0259brik edib"},"content":{"rendered":"<p>Az\u0259rbaycan\u0131n Birinci vitse-prezidenti Mehriban \u018fliyeva \u015fagird v\u0259 t\u0259l\u0259b\u0259l\u0259ri 15 sentyabr &#8211; Bilik G\u00fcn\u00fc m\u00fcnasib\u0259til\u0259 t\u0259brik edib.<\/p>\n<p><strong>ARANTV.AZ\u00a0<\/strong>\u00a0<a href=\"http:\/\/azertag.az\/\" target=\"_blank\" rel=\"noopener\">AZ\u018fRTAC<\/a>-a istinad\u0259n bildirir ki,\u00a0t\u0259brik m\u0259tni birinci xan\u0131m\u0131n r\u0259smi &#8220;\u0130nstagram&#8221; s\u0259hif\u0259sind\u0259 payla\u015f\u0131l\u0131b.<\/p>\n<p>&#8220;\u018fziz m\u0259kt\u0259blil\u0259r, t\u0259l\u0259b\u0259l\u0259r. H\u00f6rm\u0259tli m\u00fc\u0259lliml\u0259r v\u0259 valideynl\u0259r.<\/p>\n<p>Sizi bu \u0259ziz, sevimli bayram &#8211; Bilik G\u00fcn\u00fc m\u00fcnasib\u0259til\u0259 t\u0259brik edir\u0259m.<\/p>\n<p>Bu, yeni d\u0259rs ilinin, b\u00f6y\u00fck, m\u0259suliyy\u0259tli v\u0259 \u00e7ox maraql\u0131 i\u015fin ba\u015flan\u011f\u0131c\u0131d\u0131r. Qoy, yeni d\u0259rs ili siz\u0259 t\u0259hsilinizd\u0259 b\u00f6y\u00fck u\u011furlar, maraql\u0131 g\u00f6r\u00fc\u015fl\u0259r v\u0259 ixtiralar g\u0259tirsin, h\u0259r bir m\u0259kt\u0259bli, t\u0259l\u0259b\u0259 v\u0259 m\u00fc\u0259llim \u00fc\u00e7\u00fcn u\u011furlu v\u0259 m\u0259hsuldar olsun. Siz\u0259 xo\u015fb\u0259xtlik, m\u00f6hk\u0259m cansa\u011fl\u0131\u011f\u0131 v\u0259 yeni-yeni nailiyy\u0259tl\u0259r arzulay\u0131ram.<\/p>\n<p>\u018fziz dostlar, Bilik G\u00fcn\u00fcn\u00fcz m\u00fcbar\u0259k!&#8221;, &#8211; dey\u0259 t\u0259brikd\u0259 bildirilir.<\/p>\n","protected":false},"excerpt":{"rendered":"<p>Az\u0259rbaycan\u0131n Birinci vitse-prezidenti Mehriban \u018fliyeva \u015fagird v\u0259 t\u0259l\u0259b\u0259l\u0259ri 15 sentyabr &#8211; Bilik G\u00fcn\u00fc m\u00fcnasib\u0259til\u0259 t\u0259brik edib. ARANTV.AZ\u00a0\u00a0AZ\u018fRTAC-a istinad\u0259n bildirir ki,\u00a0t\u0259brik m\u0259tni birinci xan\u0131m\u0131n r\u0259smi &#8220;\u0130nstagram&#8221; s\u0259hif\u0259sind\u0259 payla\u015f\u0131l\u0131b. &#8220;\u018fziz m\u0259kt\u0259blil\u0259r, t\u0259l\u0259b\u0259l\u0259r. H\u00f6rm\u0259tli m\u00fc\u0259lliml\u0259r v\u0259 valideynl\u0259r. Sizi bu \u0259ziz, sevimli bayram &#8211; Bilik G\u00fcn\u00fc m\u00fcnasib\u0259til\u0259 t\u0259brik edir\u0259m. Bu, yeni d\u0259rs ilinin, b\u00f6y\u00fck, m\u0259suliyy\u0259tli v\u0259 \u00e7ox maraql\u0131 i\u015fin ba\u015flan\u011f\u0131c\u0131d\u0131r. Qoy, yeni d\u0259rs ili siz\u0259 t\u0259hsilinizd\u0259 b\u00f6y\u00fck u\u011furlar, maraql\u0131 g\u00f6r\u00fc\u015fl\u0259r v\u0259 ixtiralar g\u0259tirsin, h\u0259r bir m\u0259kt\u0259bli, t\u0259l\u0259b\u0259 v\u0259 m\u00fc\u0259llim \u00fc\u00e7\u00fcn u\u011furlu v\u0259 m\u0259hsuldar olsun. Siz\u0259 xo\u015fb\u0259xtlik, m\u00f6hk\u0259m cansa\u011fl\u0131\u011f\u0131 v\u0259 yeni-yeni nailiyy\u0259tl\u0259r arzulay\u0131ram. \u018fziz dostlar,&hellip;<\/p>\n","protected":false},"author":2,"featured_media":79345,"comment_status":"closed","ping_status":"closed","sticky":false,"template":"","format":"standard","meta":{"om_disable_all_campaigns":false,"_monsterinsights_skip_tracking":false,"_monsterinsights_sitenote_active":false,"_monsterinsights_sitenote_note":"","_monsterinsights_sitenote_category":0},"categories":[4],"tags":[],"aioseo_notices":[],"gutentor_comment":0,"rttpg_featured_image_url":{"full":["https:\/\/arantv.az\/wp-content\/uploads\/2019\/09\/786305_3.jpg",800,550,false],"landscape":["https:\/\/arantv.az\/wp-content\/uploads\/2019\/09\/786305_3.jpg",800,550,false],"portraits":["https:\/\/arantv.az\/wp-content\/uploads\/2019\/09\/786305_3.jpg",800,550,false],"thumbnail":["https:\/\/arantv.az\/wp-content\/uploads\/2019\/09\/786305_3-150x150.jpg",150,150,true],"medium":["https:\/\/arantv.az\/wp-content\/uploads\/2019\/09\/786305_3-300x206.jpg",300,206,true],"large":["https:\/\/arantv.az\/wp-content\/uploads\/2019\/09\/786305_3.jpg",640,440,false],"1536x1536":["https:\/\/arantv.az\/wp-content\/uploads\/2019\/09\/786305_3.jpg",800,550,false],"2048x2048":["https:\/\/arantv.az\/wp-content\/uploads\/2019\/09\/786305_3.jpg",800,550,false],"post-thumbnail":["https:\/\/arantv.az\/wp-content\/uploads\/2019\/09\/786305_3-240x172.jpg",240,172,true],"advps-thumb-one":["https:\/\/arantv.az\/wp-content\/uploads\/2019\/09\/786305_3.jpg",800,550,false]},"rttpg_author":{"display_name":"V\u00fcsal Rafiqo\u011flu","author_link":"https:\/\/arantv.az\/?author=2"},"rttpg_comment":0,"rttpg_category":"<a href=\"https:\/\/arantv.az\/?cat=4\" rel=\"category\">Siyas\u0259t<\/a>","rttpg_excerpt":"Az\u0259rbaycan\u0131n Birinci vitse-prezidenti Mehriban \u018fliyeva \u015fagird v\u0259 t\u0259l\u0259b\u0259l\u0259ri 15 sentyabr &#8211; Bilik G\u00fcn\u00fc m\u00fcnasib\u0259til\u0259 t\u0259brik edib. ARANTV.AZ\u00a0\u00a0AZ\u018fRTAC-a istinad\u0259n bildirir ki,\u00a0t\u0259brik m\u0259tni birinci xan\u0131m\u0131n r\u0259smi &#8220;\u0130nstagram&#8221; s\u0259hif\u0259sind\u0259 payla\u015f\u0131l\u0131b. &#8220;\u018fziz m\u0259kt\u0259blil\u0259r, t\u0259l\u0259b\u0259l\u0259r. H\u00f6rm\u0259tli m\u00fc\u0259lliml\u0259r v\u0259 valideynl\u0259r. Sizi bu \u0259ziz, sevimli bayram &#8211; Bilik G\u00fcn\u00fc m\u00fcnasib\u0259til\u0259 t\u0259brik edir\u0259m. Bu, yeni d\u0259rs ilinin, b\u00f6y\u00fck, m\u0259suliyy\u0259tli v\u0259 \u00e7ox maraql\u0131 i\u015fin&hellip;","_links":{"self":[{"href":"https:\/\/arantv.az\/index.php?rest_route=\/wp\/v2\/posts\/79344"}],"collection":[{"href":"https:\/\/arantv.az\/index.php?rest_route=\/wp\/v2\/posts"}],"about":[{"href":"https:\/\/arantv.az\/index.php?rest_route=\/wp\/v2\/types\/post"}],"author":[{"embeddable":true,"href":"https:\/\/arantv.az\/index.php?rest_route=\/wp\/v2\/users\/2"}],"replies":[{"embeddable":true,"href":"https:\/\/arantv.az\/index.php?rest_route=%2Fwp%2Fv2%2Fcomments&post=79344"}],"version-history":[{"count":0,"href":"https:\/\/arantv.az\/index.php?rest_route=\/wp\/v2\/posts\/79344\/revisions"}],"wp:featuredmedia":[{"embeddable":true,"href":"https:\/\/arantv.az\/index.php?rest_route=\/wp\/v2\/media\/79345"}],"wp:attachment":[{"href":"https:\/\/arantv.az\/index.php?rest_route=%2Fwp%2Fv2%2Fmedia&parent=79344"}],"wp:term":[{"taxonomy":"category","embeddable":true,"href":"https:\/\/arantv.az\/index.php?rest_route=%2Fwp%2Fv2%2Fcategories&post=79344"},{"taxonomy":"post_tag","embeddable":true,"href":"https:\/\/arantv.az\/index.php?rest_route=%2Fwp%2Fv2%2Ftags&post=79344"}],"curies":[{"name":"wp","href":"https:\/\/api.w.org\/{rel}","templated":true}]}}