{"id":79352,"date":"2019-09-16T15:30:07","date_gmt":"2019-09-16T12:30:07","guid":{"rendered":"http:\/\/arantv.az\/?p=79352"},"modified":"2019-09-16T15:30:07","modified_gmt":"2019-09-16T12:30:07","slug":"az%c9%99rbaycan-v%c9%99-turkiy%c9%99-arasinda-protokol-imzalandi-iqtisadi-%c9%99m%c9%99kdasliq","status":"publish","type":"post","link":"https:\/\/arantv.az\/?p=79352","title":{"rendered":"Az\u0259rbaycan v\u0259 T\u00fcrkiy\u0259 aras\u0131nda Protokol imzaland\u0131 &#8211; \u0130qtisadi \u0259m\u0259kda\u015fl\u0131q&#8230;"},"content":{"rendered":"<p>Az\u0259rbaycan Respublikas\u0131 il\u0259 T\u00fcrkiy\u0259 Respublikas\u0131 aras\u0131nda iqtisadi \u0259m\u0259kda\u015fl\u0131q \u00fczr\u0259 Birg\u0259 H\u00f6kum\u0259tl\u0259raras\u0131 Komissiyan\u0131n s\u0259kkizinci iclas\u0131n\u0131n Protokolu imzalan\u0131b.<\/p>\n<p><strong>ARANTV.AZ<\/strong>\u00a0\u00a0<a href=\"https:\/\/az.trend.az\/\" target=\"_blank\" rel=\"noopener\">Trend<\/a>-\u0259 istinad\u0259n x\u0259b\u0259r verir ki, Protokolu Az\u0259rbaycan\u0131n Ba\u015f Naziri Novruz M\u0259mm\u0259dov v\u0259 T\u00fcrkiy\u0259nin Vitse-prezidenti Fuat Oktay imzalay\u0131blar.<\/p>\n<p>Protokolda Komissiyan\u0131n 8-ci iclas\u0131n\u0131n Az\u0259rbaycan v\u0259 T\u00fcrkiy\u0259 aras\u0131nda m\u00fcxt\u0259lif sah\u0259l\u0259rd\u0259 \u0259laq\u0259l\u0259rin inki\u015faf etdirilm\u0259sin\u0259 m\u00fcsb\u0259t t\u0259sir g\u00f6st\u0259r\u0259c\u0259yin\u0259 \u0259minlik ifad\u0259 edilib.<\/p>\n<p>Eyni zamanda, Az\u0259rbaycan il\u0259 T\u00fcrkiy\u0259 aras\u0131nda m\u00fcxt\u0259lif sah\u0259l\u0259rd\u0259 \u0259m\u0259kda\u015fl\u0131\u011fa dair m\u00fczakir\u0259l\u0259rin n\u0259tic\u0259si olaraq, iclas\u0131n Protokoluna \u0259lav\u0259 kimi t\u0259rtib edilmi\u015f F\u0259aliyy\u0259t Plan\u0131 da q\u0259bul olunub.<\/p>\n","protected":false},"excerpt":{"rendered":"<p>Az\u0259rbaycan Respublikas\u0131 il\u0259 T\u00fcrkiy\u0259 Respublikas\u0131 aras\u0131nda iqtisadi \u0259m\u0259kda\u015fl\u0131q \u00fczr\u0259 Birg\u0259 H\u00f6kum\u0259tl\u0259raras\u0131 Komissiyan\u0131n s\u0259kkizinci iclas\u0131n\u0131n Protokolu imzalan\u0131b. ARANTV.AZ\u00a0\u00a0Trend-\u0259 istinad\u0259n x\u0259b\u0259r verir ki, Protokolu Az\u0259rbaycan\u0131n Ba\u015f Naziri Novruz M\u0259mm\u0259dov v\u0259 T\u00fcrkiy\u0259nin Vitse-prezidenti Fuat Oktay imzalay\u0131blar. Protokolda Komissiyan\u0131n 8-ci iclas\u0131n\u0131n Az\u0259rbaycan v\u0259 T\u00fcrkiy\u0259 aras\u0131nda m\u00fcxt\u0259lif sah\u0259l\u0259rd\u0259 \u0259laq\u0259l\u0259rin inki\u015faf etdirilm\u0259sin\u0259 m\u00fcsb\u0259t t\u0259sir g\u00f6st\u0259r\u0259c\u0259yin\u0259 \u0259minlik ifad\u0259 edilib. Eyni zamanda, Az\u0259rbaycan il\u0259 T\u00fcrkiy\u0259 aras\u0131nda m\u00fcxt\u0259lif sah\u0259l\u0259rd\u0259 \u0259m\u0259kda\u015fl\u0131\u011fa dair m\u00fczakir\u0259l\u0259rin n\u0259tic\u0259si olaraq, iclas\u0131n Protokoluna \u0259lav\u0259 kimi t\u0259rtib edilmi\u015f F\u0259aliyy\u0259t Plan\u0131 da q\u0259bul olunub.<\/p>\n","protected":false},"author":2,"featured_media":79353,"comment_status":"closed","ping_status":"closed","sticky":false,"template":"","format":"standard","meta":{"om_disable_all_campaigns":false,"_monsterinsights_skip_tracking":false,"_monsterinsights_sitenote_active":false,"_monsterinsights_sitenote_note":"","_monsterinsights_sitenote_category":0},"categories":[19],"tags":[],"aioseo_notices":[],"gutentor_comment":0,"rttpg_featured_image_url":{"full":["https:\/\/arantv.az\/wp-content\/uploads\/2019\/09\/sened_0001.jpg",482,361,false],"landscape":["https:\/\/arantv.az\/wp-content\/uploads\/2019\/09\/sened_0001.jpg",482,361,false],"portraits":["https:\/\/arantv.az\/wp-content\/uploads\/2019\/09\/sened_0001.jpg",482,361,false],"thumbnail":["https:\/\/arantv.az\/wp-content\/uploads\/2019\/09\/sened_0001-150x150.jpg",150,150,true],"medium":["https:\/\/arantv.az\/wp-content\/uploads\/2019\/09\/sened_0001-300x225.jpg",300,225,true],"large":["https:\/\/arantv.az\/wp-content\/uploads\/2019\/09\/sened_0001.jpg",482,361,false],"1536x1536":["https:\/\/arantv.az\/wp-content\/uploads\/2019\/09\/sened_0001.jpg",482,361,false],"2048x2048":["https:\/\/arantv.az\/wp-content\/uploads\/2019\/09\/sened_0001.jpg",482,361,false],"post-thumbnail":["https:\/\/arantv.az\/wp-content\/uploads\/2019\/09\/sened_0001-240x172.jpg",240,172,true],"advps-thumb-one":["https:\/\/arantv.az\/wp-content\/uploads\/2019\/09\/sened_0001.jpg",482,361,false]},"rttpg_author":{"display_name":"V\u00fcsal Rafiqo\u011flu","author_link":"https:\/\/arantv.az\/?author=2"},"rttpg_comment":0,"rttpg_category":"<a href=\"https:\/\/arantv.az\/?cat=19\" rel=\"category\">G\u00fcnd\u0259m<\/a>","rttpg_excerpt":"Az\u0259rbaycan Respublikas\u0131 il\u0259 T\u00fcrkiy\u0259 Respublikas\u0131 aras\u0131nda iqtisadi \u0259m\u0259kda\u015fl\u0131q \u00fczr\u0259 Birg\u0259 H\u00f6kum\u0259tl\u0259raras\u0131 Komissiyan\u0131n s\u0259kkizinci iclas\u0131n\u0131n Protokolu imzalan\u0131b. ARANTV.AZ\u00a0\u00a0Trend-\u0259 istinad\u0259n x\u0259b\u0259r verir ki, Protokolu Az\u0259rbaycan\u0131n Ba\u015f Naziri Novruz M\u0259mm\u0259dov v\u0259 T\u00fcrkiy\u0259nin Vitse-prezidenti Fuat Oktay imzalay\u0131blar. Protokolda Komissiyan\u0131n 8-ci iclas\u0131n\u0131n Az\u0259rbaycan v\u0259 T\u00fcrkiy\u0259 aras\u0131nda m\u00fcxt\u0259lif sah\u0259l\u0259rd\u0259 \u0259laq\u0259l\u0259rin inki\u015faf etdirilm\u0259sin\u0259 m\u00fcsb\u0259t t\u0259sir g\u00f6st\u0259r\u0259c\u0259yin\u0259 \u0259minlik ifad\u0259 edilib. Eyni zamanda, Az\u0259rbaycan&hellip;","_links":{"self":[{"href":"https:\/\/arantv.az\/index.php?rest_route=\/wp\/v2\/posts\/79352"}],"collection":[{"href":"https:\/\/arantv.az\/index.php?rest_route=\/wp\/v2\/posts"}],"about":[{"href":"https:\/\/arantv.az\/index.php?rest_route=\/wp\/v2\/types\/post"}],"author":[{"embeddable":true,"href":"https:\/\/arantv.az\/index.php?rest_route=\/wp\/v2\/users\/2"}],"replies":[{"embeddable":true,"href":"https:\/\/arantv.az\/index.php?rest_route=%2Fwp%2Fv2%2Fcomments&post=79352"}],"version-history":[{"count":0,"href":"https:\/\/arantv.az\/index.php?rest_route=\/wp\/v2\/posts\/79352\/revisions"}],"wp:featuredmedia":[{"embeddable":true,"href":"https:\/\/arantv.az\/index.php?rest_route=\/wp\/v2\/media\/79353"}],"wp:attachment":[{"href":"https:\/\/arantv.az\/index.php?rest_route=%2Fwp%2Fv2%2Fmedia&parent=79352"}],"wp:term":[{"taxonomy":"category","embeddable":true,"href":"https:\/\/arantv.az\/index.php?rest_route=%2Fwp%2Fv2%2Fcategories&post=79352"},{"taxonomy":"post_tag","embeddable":true,"href":"https:\/\/arantv.az\/index.php?rest_route=%2Fwp%2Fv2%2Ftags&post=79352"}],"curies":[{"name":"wp","href":"https:\/\/api.w.org\/{rel}","templated":true}]}}