{"id":793610,"date":"2025-03-13T13:53:12","date_gmt":"2025-03-13T09:53:12","guid":{"rendered":"https:\/\/arantv.az\/?p=793610"},"modified":"2025-03-13T13:53:12","modified_gmt":"2025-03-13T09:53:12","slug":"hikm%c9%99t-haciyevd%c9%99n-rusiya-ukrayna-muharib%c9%99si-il%c9%99-bagli-aciqlama","status":"publish","type":"post","link":"https:\/\/arantv.az\/?p=793610","title":{"rendered":"Hikm\u0259t Hac\u0131yevd\u0259n Rusiya-Ukrayna m\u00fcharib\u0259si il\u0259 ba\u011fl\u0131 A\u00c7IQLAMA"},"content":{"rendered":"<p><strong>Rusiya-Ukrayna m\u00fcharib\u0259sinin regional m\u00fcnasib\u0259tl\u0259r\u0259 ciddi t\u0259siri var.<\/strong><\/p>\n<p><strong>ARANTV.AZ <\/strong>\u00a0x\u0259b\u0259r verir ki, bunu Az\u0259rbaycan Prezidentinin k\u00f6m\u0259k\u00e7isi &#8211; Prezident Administrasiyas\u0131n\u0131n Xarici siyas\u0259t m\u0259s\u0259l\u0259l\u0259ri \u015f\u00f6b\u0259sinin m\u00fcdiri Hikm\u0259t Hac\u0131yev mart\u0131n 13-d\u0259 XII Qlobal Bak\u0131 Forumunda deyib.<\/p>\n<p>O bildirib ki, haz\u0131rda Az\u0259rbaycan\u0131n co\u011frafi bax\u0131mdan yax\u0131n oldu\u011fu Yax\u0131n \u015e\u0259rqd\u0259 d\u0259 m\u0259lum hadis\u0259l\u0259r ba\u015f verir.<\/p>\n<p>\u201cM\u0259rk\u0259zi Asiya-Az\u0259rbaycan \u0259laq\u0259l\u0259rini g\u00fccl\u0259ndirm\u0259k xarici siyas\u0259timizin prioritetl\u0259rind\u0259ndir. T\u00fcrk D\u00f6vl\u0259tl\u0259ri T\u0259\u015fkilat\u0131 da b\u00f6lg\u0259d\u0259 yeni reall\u0131qd\u0131r. H\u0259m\u00e7inin haz\u0131rda G\u00fcrc\u00fcstan-Az\u0259rbaycan m\u00fcnasib\u0259tl\u0259ri qon\u015fuluq \u0259laq\u0259l\u0259ri bax\u0131m\u0131ndan n\u00fcmun\u0259dir\u201d, &#8211; o \u0259lav\u0259 edib.<\/p>\n","protected":false},"excerpt":{"rendered":"<p>Rusiya-Ukrayna m\u00fcharib\u0259sinin regional m\u00fcnasib\u0259tl\u0259r\u0259 ciddi t\u0259siri var. ARANTV.AZ \u00a0x\u0259b\u0259r verir ki, bunu Az\u0259rbaycan Prezidentinin k\u00f6m\u0259k\u00e7isi &#8211; Prezident Administrasiyas\u0131n\u0131n Xarici siyas\u0259t m\u0259s\u0259l\u0259l\u0259ri \u015f\u00f6b\u0259sinin m\u00fcdiri Hikm\u0259t Hac\u0131yev mart\u0131n 13-d\u0259 XII Qlobal Bak\u0131 Forumunda deyib. O bildirib ki, haz\u0131rda Az\u0259rbaycan\u0131n co\u011frafi bax\u0131mdan yax\u0131n oldu\u011fu Yax\u0131n \u015e\u0259rqd\u0259 d\u0259 m\u0259lum hadis\u0259l\u0259r ba\u015f verir. \u201cM\u0259rk\u0259zi Asiya-Az\u0259rbaycan \u0259laq\u0259l\u0259rini g\u00fccl\u0259ndirm\u0259k xarici siyas\u0259timizin prioritetl\u0259rind\u0259ndir. T\u00fcrk D\u00f6vl\u0259tl\u0259ri T\u0259\u015fkilat\u0131 da b\u00f6lg\u0259d\u0259 yeni reall\u0131qd\u0131r. H\u0259m\u00e7inin haz\u0131rda G\u00fcrc\u00fcstan-Az\u0259rbaycan m\u00fcnasib\u0259tl\u0259ri qon\u015fuluq \u0259laq\u0259l\u0259ri bax\u0131m\u0131ndan n\u00fcmun\u0259dir\u201d, &#8211; o \u0259lav\u0259 edib.<\/p>\n","protected":false},"author":2,"featured_media":793611,"comment_status":"closed","ping_status":"closed","sticky":false,"template":"","format":"standard","meta":{"om_disable_all_campaigns":false,"_monsterinsights_skip_tracking":false,"_monsterinsights_sitenote_active":false,"_monsterinsights_sitenote_note":"","_monsterinsights_sitenote_category":0},"categories":[4],"tags":[],"aioseo_notices":[],"gutentor_comment":0,"rttpg_featured_image_url":{"full":["https:\/\/arantv.az\/wp-content\/uploads\/2025\/03\/ca80474a9cc2b0106562d04b5afe6cbf.jpg",870,500,false],"landscape":["https:\/\/arantv.az\/wp-content\/uploads\/2025\/03\/ca80474a9cc2b0106562d04b5afe6cbf.jpg",870,500,false],"portraits":["https:\/\/arantv.az\/wp-content\/uploads\/2025\/03\/ca80474a9cc2b0106562d04b5afe6cbf.jpg",870,500,false],"thumbnail":["https:\/\/arantv.az\/wp-content\/uploads\/2025\/03\/ca80474a9cc2b0106562d04b5afe6cbf-500x280.jpg",500,280,true],"medium":["https:\/\/arantv.az\/wp-content\/uploads\/2025\/03\/ca80474a9cc2b0106562d04b5afe6cbf-635x365.jpg",635,365,true],"large":["https:\/\/arantv.az\/wp-content\/uploads\/2025\/03\/ca80474a9cc2b0106562d04b5afe6cbf-840x483.jpg",640,368,true],"1536x1536":["https:\/\/arantv.az\/wp-content\/uploads\/2025\/03\/ca80474a9cc2b0106562d04b5afe6cbf.jpg",870,500,false],"2048x2048":["https:\/\/arantv.az\/wp-content\/uploads\/2025\/03\/ca80474a9cc2b0106562d04b5afe6cbf.jpg",870,500,false],"post-thumbnail":["https:\/\/arantv.az\/wp-content\/uploads\/2025\/03\/ca80474a9cc2b0106562d04b5afe6cbf-240x172.jpg",240,172,true],"advps-thumb-one":["https:\/\/arantv.az\/wp-content\/uploads\/2025\/03\/ca80474a9cc2b0106562d04b5afe6cbf.jpg",870,500,false]},"rttpg_author":{"display_name":"V\u00fcsal Rafiqo\u011flu","author_link":"https:\/\/arantv.az\/?author=2"},"rttpg_comment":0,"rttpg_category":"<a href=\"https:\/\/arantv.az\/?cat=4\" rel=\"category\">Siyas\u0259t<\/a>","rttpg_excerpt":"Rusiya-Ukrayna m\u00fcharib\u0259sinin regional m\u00fcnasib\u0259tl\u0259r\u0259 ciddi t\u0259siri var. ARANTV.AZ \u00a0x\u0259b\u0259r verir ki, bunu Az\u0259rbaycan Prezidentinin k\u00f6m\u0259k\u00e7isi &#8211; Prezident Administrasiyas\u0131n\u0131n Xarici siyas\u0259t m\u0259s\u0259l\u0259l\u0259ri \u015f\u00f6b\u0259sinin m\u00fcdiri Hikm\u0259t Hac\u0131yev mart\u0131n 13-d\u0259 XII Qlobal Bak\u0131 Forumunda deyib. O bildirib ki, haz\u0131rda Az\u0259rbaycan\u0131n co\u011frafi bax\u0131mdan yax\u0131n oldu\u011fu Yax\u0131n \u015e\u0259rqd\u0259 d\u0259 m\u0259lum hadis\u0259l\u0259r ba\u015f verir. \u201cM\u0259rk\u0259zi Asiya-Az\u0259rbaycan \u0259laq\u0259l\u0259rini g\u00fccl\u0259ndirm\u0259k xarici siyas\u0259timizin prioritetl\u0259rind\u0259ndir.&hellip;","_links":{"self":[{"href":"https:\/\/arantv.az\/index.php?rest_route=\/wp\/v2\/posts\/793610"}],"collection":[{"href":"https:\/\/arantv.az\/index.php?rest_route=\/wp\/v2\/posts"}],"about":[{"href":"https:\/\/arantv.az\/index.php?rest_route=\/wp\/v2\/types\/post"}],"author":[{"embeddable":true,"href":"https:\/\/arantv.az\/index.php?rest_route=\/wp\/v2\/users\/2"}],"replies":[{"embeddable":true,"href":"https:\/\/arantv.az\/index.php?rest_route=%2Fwp%2Fv2%2Fcomments&post=793610"}],"version-history":[{"count":1,"href":"https:\/\/arantv.az\/index.php?rest_route=\/wp\/v2\/posts\/793610\/revisions"}],"predecessor-version":[{"id":793612,"href":"https:\/\/arantv.az\/index.php?rest_route=\/wp\/v2\/posts\/793610\/revisions\/793612"}],"wp:featuredmedia":[{"embeddable":true,"href":"https:\/\/arantv.az\/index.php?rest_route=\/wp\/v2\/media\/793611"}],"wp:attachment":[{"href":"https:\/\/arantv.az\/index.php?rest_route=%2Fwp%2Fv2%2Fmedia&parent=793610"}],"wp:term":[{"taxonomy":"category","embeddable":true,"href":"https:\/\/arantv.az\/index.php?rest_route=%2Fwp%2Fv2%2Fcategories&post=793610"},{"taxonomy":"post_tag","embeddable":true,"href":"https:\/\/arantv.az\/index.php?rest_route=%2Fwp%2Fv2%2Ftags&post=793610"}],"curies":[{"name":"wp","href":"https:\/\/api.w.org\/{rel}","templated":true}]}}