{"id":793672,"date":"2025-03-13T17:28:04","date_gmt":"2025-03-13T13:28:04","guid":{"rendered":"https:\/\/arantv.az\/?p=793672"},"modified":"2025-03-13T17:28:04","modified_gmt":"2025-03-13T13:28:04","slug":"ilham-%c9%99liyev-bosniya-v%c9%99-herseqovina-r%c9%99yas%c9%99t-hey%c9%99tinin-s%c9%99dri-il%c9%99-gorusduyenil%c9%99ndi","status":"publish","type":"post","link":"https:\/\/arantv.az\/?p=793672","title":{"rendered":"\u0130lham \u018fliyev Bosniya v\u0259 Herseqovina R\u0259yas\u0259t Hey\u0259tinin S\u0259dri il\u0259 g\u00f6r\u00fc\u015fd\u00fcYEN\u0130L\u018fND\u0130"},"content":{"rendered":"<div class=\"text-content\" data-id=\"\" data-url=\"\">\n<p><strong>Az\u0259rbaycan Respublikas\u0131n\u0131n Prezidenti \u0130lham \u018fliyev mart\u0131n 13-d\u0259 Bosniya v\u0259 Herseqovinan\u0131n R\u0259yas\u0259t Hey\u0259tinin S\u0259dri Jelka Tsviyanovi\u00e7 il\u0259 g\u00f6r\u00fc\u015f\u00fcb.<\/strong><\/p>\n<p><strong>ARANTV.AZ <\/strong>\u00a0x\u0259b\u0259r verir ki, Prezident \u0130lham \u018fliyev Bosniya v\u0259 Herseqovinaya r\u0259smi s\u0259f\u0259rini v\u0259 s\u0259f\u0259r \u00e7\u0259r\u00e7iv\u0259sind\u0259 Jelka Tsviyanovi\u00e7 il\u0259 ke\u00e7irdiyi g\u00f6r\u00fc\u015f\u00fc, apar\u0131lm\u0131\u015f m\u00fczakir\u0259l\u0259ri m\u0259mnunluqla xat\u0131rlad\u0131.<\/p>\n<p>Nizami G\u0259nc\u0259vi Beyn\u0259lxalq M\u0259rk\u0259zinin XII Qlobal Bak\u0131 Forumuna d\u0259v\u0259t\u0259 g\u00f6r\u0259 d\u00f6vl\u0259timizin ba\u015f\u00e7\u0131s\u0131na t\u0259\u015f\u0259kk\u00fcr\u00fcn\u00fc bildir\u0259n Bosniya v\u0259 Herseqovinan\u0131n R\u0259yas\u0259t Hey\u0259tinin S\u0259dri bu Forumun y\u00fcks\u0259k s\u0259viyy\u0259d\u0259 t\u0259\u015fkil olundu\u011funu, t\u0259dbir \u00e7\u0259r\u00e7iv\u0259sind\u0259 qlobal g\u00fcnd\u0259liy\u0259 aid m\u00fch\u00fcm m\u0259s\u0259l\u0259l\u0259rin m\u00fczakir\u0259 edildiyini vur\u011fulad\u0131.<\/p>\n<p>Jelka Tsviyanovi\u00e7 COP29 zaman\u0131 Az\u0259rbaycana s\u0259f\u0259rini v\u0259 Prezident \u0130lham \u018fliyevl\u0259 g\u00f6r\u00fc\u015f\u00fcn\u00fc m\u0259mnunluqla xat\u0131rlad\u0131, COP29 \u00e7\u0259r\u00e7iv\u0259sind\u0259 \u0259ld\u0259 edil\u0259n nailiyy\u0259tl\u0259ri y\u00fcks\u0259k qiym\u0259tl\u0259ndirdi.<\/p>\n<p>S\u00f6hb\u0259t zaman\u0131 \u00f6lk\u0259l\u0259rimiz aras\u0131nda iqtisadi-ticari, enerji, m\u0259d\u0259niyy\u0259t v\u0259 qar\u015f\u0131l\u0131ql\u0131 maraq do\u011furan dig\u0259r sah\u0259l\u0259rd\u0259 \u0259m\u0259kda\u015fl\u0131\u011fa dair fikir m\u00fcbadil\u0259si apar\u0131ld\u0131.<\/p>\n<p><strong>***<\/strong><\/p>\n<p><strong>14:22<\/strong><\/p>\n<p><strong>Az\u0259rbaycan Respublikas\u0131n\u0131n Prezidenti \u0130lham \u018fliyev mart\u0131n 13-d\u0259 Bosniya v\u0259 Herseqovinan\u0131n R\u0259yas\u0259t Hey\u0259tinin S\u0259dri Jelka Tsviyanovi\u00e7 il\u0259 g\u00f6r\u00fc\u015f\u00fcb.<\/strong><\/p>\n<p><strong>ARANTV.AZ <\/strong>\u00a0x\u0259b\u0259r verir ki, bu bar\u0259d\u0259 Prezidentin M\u0259tbuat Xidm\u0259ti m\u0259lumat yay\u0131b.<\/p>\n<\/div>\n<div>\n<div class=\"form-group\"><img class=\"img-responsive\" src=\"https:\/\/cdn.musavat.com\/news\/images\/NewFolder%203\/IQBAL%20YENI\/b02400e8-1e1d-3f1b-a207-c47cad64.png\" \/><\/div>\n<\/div>\n","protected":false},"excerpt":{"rendered":"<p>Az\u0259rbaycan Respublikas\u0131n\u0131n Prezidenti \u0130lham \u018fliyev mart\u0131n 13-d\u0259 Bosniya v\u0259 Herseqovinan\u0131n R\u0259yas\u0259t Hey\u0259tinin S\u0259dri Jelka Tsviyanovi\u00e7 il\u0259 g\u00f6r\u00fc\u015f\u00fcb. ARANTV.AZ \u00a0x\u0259b\u0259r verir ki, Prezident \u0130lham \u018fliyev Bosniya v\u0259 Herseqovinaya r\u0259smi s\u0259f\u0259rini v\u0259 s\u0259f\u0259r \u00e7\u0259r\u00e7iv\u0259sind\u0259 Jelka Tsviyanovi\u00e7 il\u0259 ke\u00e7irdiyi g\u00f6r\u00fc\u015f\u00fc, apar\u0131lm\u0131\u015f m\u00fczakir\u0259l\u0259ri m\u0259mnunluqla xat\u0131rlad\u0131. Nizami G\u0259nc\u0259vi Beyn\u0259lxalq M\u0259rk\u0259zinin XII Qlobal Bak\u0131 Forumuna d\u0259v\u0259t\u0259 g\u00f6r\u0259 d\u00f6vl\u0259timizin ba\u015f\u00e7\u0131s\u0131na t\u0259\u015f\u0259kk\u00fcr\u00fcn\u00fc bildir\u0259n Bosniya v\u0259 Herseqovinan\u0131n R\u0259yas\u0259t Hey\u0259tinin S\u0259dri bu Forumun y\u00fcks\u0259k s\u0259viyy\u0259d\u0259 t\u0259\u015fkil olundu\u011funu, t\u0259dbir \u00e7\u0259r\u00e7iv\u0259sind\u0259 qlobal g\u00fcnd\u0259liy\u0259 aid m\u00fch\u00fcm m\u0259s\u0259l\u0259l\u0259rin m\u00fczakir\u0259 edildiyini vur\u011fulad\u0131. Jelka Tsviyanovi\u00e7 COP29 zaman\u0131 Az\u0259rbaycana s\u0259f\u0259rini v\u0259 Prezident \u0130lham \u018fliyevl\u0259 g\u00f6r\u00fc\u015f\u00fcn\u00fc m\u0259mnunluqla xat\u0131rlad\u0131,&hellip;<\/p>\n","protected":false},"author":2,"featured_media":793673,"comment_status":"closed","ping_status":"closed","sticky":false,"template":"","format":"standard","meta":{"om_disable_all_campaigns":false,"_monsterinsights_skip_tracking":false,"_monsterinsights_sitenote_active":false,"_monsterinsights_sitenote_note":"","_monsterinsights_sitenote_category":0},"categories":[4],"tags":[],"aioseo_notices":[],"gutentor_comment":0,"rttpg_featured_image_url":{"full":["https:\/\/arantv.az\/wp-content\/uploads\/2025\/03\/b10a53a84d7dfff96f3bbf65dd78db86.jpg",850,500,false],"landscape":["https:\/\/arantv.az\/wp-content\/uploads\/2025\/03\/b10a53a84d7dfff96f3bbf65dd78db86.jpg",850,500,false],"portraits":["https:\/\/arantv.az\/wp-content\/uploads\/2025\/03\/b10a53a84d7dfff96f3bbf65dd78db86.jpg",850,500,false],"thumbnail":["https:\/\/arantv.az\/wp-content\/uploads\/2025\/03\/b10a53a84d7dfff96f3bbf65dd78db86-500x280.jpg",500,280,true],"medium":["https:\/\/arantv.az\/wp-content\/uploads\/2025\/03\/b10a53a84d7dfff96f3bbf65dd78db86-621x365.jpg",621,365,true],"large":["https:\/\/arantv.az\/wp-content\/uploads\/2025\/03\/b10a53a84d7dfff96f3bbf65dd78db86-840x494.jpg",640,376,true],"1536x1536":["https:\/\/arantv.az\/wp-content\/uploads\/2025\/03\/b10a53a84d7dfff96f3bbf65dd78db86.jpg",850,500,false],"2048x2048":["https:\/\/arantv.az\/wp-content\/uploads\/2025\/03\/b10a53a84d7dfff96f3bbf65dd78db86.jpg",850,500,false],"post-thumbnail":["https:\/\/arantv.az\/wp-content\/uploads\/2025\/03\/b10a53a84d7dfff96f3bbf65dd78db86-240x172.jpg",240,172,true],"advps-thumb-one":["https:\/\/arantv.az\/wp-content\/uploads\/2025\/03\/b10a53a84d7dfff96f3bbf65dd78db86.jpg",850,500,false]},"rttpg_author":{"display_name":"V\u00fcsal Rafiqo\u011flu","author_link":"https:\/\/arantv.az\/?author=2"},"rttpg_comment":0,"rttpg_category":"<a href=\"https:\/\/arantv.az\/?cat=4\" rel=\"category\">Siyas\u0259t<\/a>","rttpg_excerpt":"Az\u0259rbaycan Respublikas\u0131n\u0131n Prezidenti \u0130lham \u018fliyev mart\u0131n 13-d\u0259 Bosniya v\u0259 Herseqovinan\u0131n R\u0259yas\u0259t Hey\u0259tinin S\u0259dri Jelka Tsviyanovi\u00e7 il\u0259 g\u00f6r\u00fc\u015f\u00fcb. ARANTV.AZ \u00a0x\u0259b\u0259r verir ki, Prezident \u0130lham \u018fliyev Bosniya v\u0259 Herseqovinaya r\u0259smi s\u0259f\u0259rini v\u0259 s\u0259f\u0259r \u00e7\u0259r\u00e7iv\u0259sind\u0259 Jelka Tsviyanovi\u00e7 il\u0259 ke\u00e7irdiyi g\u00f6r\u00fc\u015f\u00fc, apar\u0131lm\u0131\u015f m\u00fczakir\u0259l\u0259ri m\u0259mnunluqla xat\u0131rlad\u0131. Nizami G\u0259nc\u0259vi Beyn\u0259lxalq M\u0259rk\u0259zinin XII Qlobal Bak\u0131 Forumuna d\u0259v\u0259t\u0259 g\u00f6r\u0259 d\u00f6vl\u0259timizin ba\u015f\u00e7\u0131s\u0131na t\u0259\u015f\u0259kk\u00fcr\u00fcn\u00fc bildir\u0259n&hellip;","_links":{"self":[{"href":"https:\/\/arantv.az\/index.php?rest_route=\/wp\/v2\/posts\/793672"}],"collection":[{"href":"https:\/\/arantv.az\/index.php?rest_route=\/wp\/v2\/posts"}],"about":[{"href":"https:\/\/arantv.az\/index.php?rest_route=\/wp\/v2\/types\/post"}],"author":[{"embeddable":true,"href":"https:\/\/arantv.az\/index.php?rest_route=\/wp\/v2\/users\/2"}],"replies":[{"embeddable":true,"href":"https:\/\/arantv.az\/index.php?rest_route=%2Fwp%2Fv2%2Fcomments&post=793672"}],"version-history":[{"count":1,"href":"https:\/\/arantv.az\/index.php?rest_route=\/wp\/v2\/posts\/793672\/revisions"}],"predecessor-version":[{"id":793674,"href":"https:\/\/arantv.az\/index.php?rest_route=\/wp\/v2\/posts\/793672\/revisions\/793674"}],"wp:featuredmedia":[{"embeddable":true,"href":"https:\/\/arantv.az\/index.php?rest_route=\/wp\/v2\/media\/793673"}],"wp:attachment":[{"href":"https:\/\/arantv.az\/index.php?rest_route=%2Fwp%2Fv2%2Fmedia&parent=793672"}],"wp:term":[{"taxonomy":"category","embeddable":true,"href":"https:\/\/arantv.az\/index.php?rest_route=%2Fwp%2Fv2%2Fcategories&post=793672"},{"taxonomy":"post_tag","embeddable":true,"href":"https:\/\/arantv.az\/index.php?rest_route=%2Fwp%2Fv2%2Ftags&post=793672"}],"curies":[{"name":"wp","href":"https:\/\/api.w.org\/{rel}","templated":true}]}}