{"id":793678,"date":"2025-03-13T17:30:07","date_gmt":"2025-03-13T13:30:07","guid":{"rendered":"https:\/\/arantv.az\/?p=793678"},"modified":"2025-03-13T17:30:07","modified_gmt":"2025-03-13T13:30:07","slug":"turkiy%c9%99-erm%c9%99nistanla-quru-s%c9%99rh%c9%99di-acir-ir%c9%99vandan-x%c9%99b%c9%99r-g%c9%99ldi","status":"publish","type":"post","link":"https:\/\/arantv.az\/?p=793678","title":{"rendered":"T\u00fcrkiy\u0259 Erm\u0259nistanla quru s\u0259rh\u0259di a\u00e7\u0131r? &#8211; \u0130r\u0259vandan x\u0259b\u0259r g\u0259ldi"},"content":{"rendered":"<p><strong>Erm\u0259nistan T\u00fcrkiy\u0259 il\u0259 m\u00fcnasib\u0259tl\u0259rin normalla\u015fmas\u0131na tam haz\u0131rd\u0131r v\u0259 \u0130r\u0259van\u0131n bu m\u0259s\u0259l\u0259d\u0259 m\u00f6vqeyi proses ba\u015flayandan b\u0259ri d\u0259yi\u015fm\u0259z qal\u0131b.<\/strong><\/p>\n<p>News24.az-\u0131n x\u0259b\u0259rin\u0259 g\u00f6r\u0259, bu bar\u0259d\u0259 Erm\u0259nistan\u0131n Erm\u0259nistan-T\u00fcrkiy\u0259 m\u00fcnasib\u0259tl\u0259rinin normalla\u015fd\u0131r\u0131lmas\u0131 \u00fczr\u0259 x\u00fcsusi n\u00fcmay\u0259nd\u0259si Ruben Rubinyan deyib.<\/p>\n<p>Rubinyan bu s\u00f6zl\u0259ri T\u00fcrkiy\u0259nin &#8220;NTV&#8221; telekanal\u0131na m\u00fcsahib\u0259sind\u0259 deyib:<\/p>\n<p>\u201cBiz T\u00fcrkiy\u0259 il\u0259 m\u00fcnasib\u0259tl\u0259rin tam h\u0259llini, o c\u00fcml\u0259d\u0259n diplomatik \u0259laq\u0259l\u0259rin normalla\u015fd\u0131r\u0131lmas\u0131n\u0131 v\u0259 Erm\u0259nistan-T\u00fcrkiy\u0259 quru s\u0259rh\u0259dinin a\u00e7\u0131lmas\u0131n\u0131 g\u00f6zl\u0259yirik\u201d,- deyib.<\/p>\n<p>Erm\u0259nistan\u0131n x\u00fcsusi el\u00e7isi davam ed\u0259n normalla\u015fma prosesind\u0259n dan\u0131\u015fark\u0259n bir daha vur\u011fulay\u0131b ki, \u0130r\u0259van he\u00e7 bir ilkin \u015f\u0259rt olmadan m\u00fcnasib\u0259tl\u0259ri normalla\u015fd\u0131rma\u011fa haz\u0131rd\u0131r.<\/p>\n<p>O vur\u011fulay\u0131b ki, Erm\u0259nistan T\u00fcrkiy\u0259 il\u0259 s\u0259rh\u0259dl\u0259rini a\u00e7ma\u011fa v\u0259 m\u00fcnasib\u0259tl\u0259ri bu g\u00fcn, sabah v\u0259 ya g\u0259l\u0259c\u0259kd\u0259 tam h\u0259ll etm\u0259y\u0259 haz\u0131rd\u0131r. T\u00fcrkiy\u0259 siyasi irad\u0259 g\u00f6st\u0259rs\u0259, h\u0259r \u015fey \u00e7ox tez h\u0259yata ke\u00e7\u0259c\u0259k.<\/p>\n<p>Rubinyan onu da qeyd edib ki, s\u0259rh\u0259dl\u0259rin a\u00e7\u0131lmas\u0131 il\u0259 ba\u011fl\u0131 Erm\u0259nistan T\u00fcrkiy\u0259d\u0259n add\u0131m g\u00f6zl\u0259yir:<\/p>\n<p>&#8220;Bu g\u00fcn\u0259 q\u0259d\u0259r \u0259n m\u00fch\u00fcm raz\u0131la\u015fma 2022-ci ild\u0259 \u0259ld\u0259 edilmi\u015f \u00fc\u00e7\u00fcnc\u00fc \u00f6lk\u0259 v\u0259t\u0259nda\u015flar\u0131 v\u0259 diplomatik pasport sahibl\u0259ri \u00fc\u00e7\u00fcn s\u0259rh\u0259din a\u00e7\u0131lmas\u0131d\u0131r&#8221; dedi.<\/p>\n<p>Xat\u0131rladaq ki, mart\u0131n 11-d\u0259 bir qrup t\u00fcrkiy\u0259li jurnalistl\u0259rin Erm\u0259nistana s\u0259f\u0259ri ba\u015flay\u0131b.<\/p>\n<p>Qeyd ed\u0259k ki, Erm\u0259nistan\u0131n xarici i\u015fl\u0259r naziri Ararat Mirzoyan Erm\u0259nistan\u0131n T\u00fcrkiy\u0259 il\u0259 davam ed\u0259n m\u00fcnasib\u0259tl\u0259rin normalla\u015fd\u0131r\u0131lmas\u0131 prosesind\u0259 f\u0259al i\u015ftirak etdiyini t\u0259sdiql\u0259yib.<\/p>\n","protected":false},"excerpt":{"rendered":"<p>Erm\u0259nistan T\u00fcrkiy\u0259 il\u0259 m\u00fcnasib\u0259tl\u0259rin normalla\u015fmas\u0131na tam haz\u0131rd\u0131r v\u0259 \u0130r\u0259van\u0131n bu m\u0259s\u0259l\u0259d\u0259 m\u00f6vqeyi proses ba\u015flayandan b\u0259ri d\u0259yi\u015fm\u0259z qal\u0131b. News24.az-\u0131n x\u0259b\u0259rin\u0259 g\u00f6r\u0259, bu bar\u0259d\u0259 Erm\u0259nistan\u0131n Erm\u0259nistan-T\u00fcrkiy\u0259 m\u00fcnasib\u0259tl\u0259rinin normalla\u015fd\u0131r\u0131lmas\u0131 \u00fczr\u0259 x\u00fcsusi n\u00fcmay\u0259nd\u0259si Ruben Rubinyan deyib. Rubinyan bu s\u00f6zl\u0259ri T\u00fcrkiy\u0259nin &#8220;NTV&#8221; telekanal\u0131na m\u00fcsahib\u0259sind\u0259 deyib: \u201cBiz T\u00fcrkiy\u0259 il\u0259 m\u00fcnasib\u0259tl\u0259rin tam h\u0259llini, o c\u00fcml\u0259d\u0259n diplomatik \u0259laq\u0259l\u0259rin normalla\u015fd\u0131r\u0131lmas\u0131n\u0131 v\u0259 Erm\u0259nistan-T\u00fcrkiy\u0259 quru s\u0259rh\u0259dinin a\u00e7\u0131lmas\u0131n\u0131 g\u00f6zl\u0259yirik\u201d,- deyib. Erm\u0259nistan\u0131n x\u00fcsusi el\u00e7isi davam ed\u0259n normalla\u015fma prosesind\u0259n dan\u0131\u015fark\u0259n bir daha vur\u011fulay\u0131b ki, \u0130r\u0259van he\u00e7 bir ilkin \u015f\u0259rt olmadan m\u00fcnasib\u0259tl\u0259ri normalla\u015fd\u0131rma\u011fa haz\u0131rd\u0131r. O vur\u011fulay\u0131b ki, Erm\u0259nistan T\u00fcrkiy\u0259 il\u0259 s\u0259rh\u0259dl\u0259rini a\u00e7ma\u011fa v\u0259 m\u00fcnasib\u0259tl\u0259ri bu&hellip;<\/p>\n","protected":false},"author":2,"featured_media":793679,"comment_status":"closed","ping_status":"closed","sticky":false,"template":"","format":"standard","meta":{"om_disable_all_campaigns":false,"_monsterinsights_skip_tracking":false,"_monsterinsights_sitenote_active":false,"_monsterinsights_sitenote_note":"","_monsterinsights_sitenote_category":0},"categories":[7],"tags":[],"aioseo_notices":[],"gutentor_comment":0,"rttpg_featured_image_url":{"full":["https:\/\/arantv.az\/wp-content\/uploads\/2025\/03\/40a5260dcb480a0328d6e7fb30d2aac8.jpg",650,366,false],"landscape":["https:\/\/arantv.az\/wp-content\/uploads\/2025\/03\/40a5260dcb480a0328d6e7fb30d2aac8.jpg",650,366,false],"portraits":["https:\/\/arantv.az\/wp-content\/uploads\/2025\/03\/40a5260dcb480a0328d6e7fb30d2aac8.jpg",650,366,false],"thumbnail":["https:\/\/arantv.az\/wp-content\/uploads\/2025\/03\/40a5260dcb480a0328d6e7fb30d2aac8-500x280.jpg",500,280,true],"medium":["https:\/\/arantv.az\/wp-content\/uploads\/2025\/03\/40a5260dcb480a0328d6e7fb30d2aac8-648x365.jpg",648,365,true],"large":["https:\/\/arantv.az\/wp-content\/uploads\/2025\/03\/40a5260dcb480a0328d6e7fb30d2aac8.jpg",640,360,false],"1536x1536":["https:\/\/arantv.az\/wp-content\/uploads\/2025\/03\/40a5260dcb480a0328d6e7fb30d2aac8.jpg",650,366,false],"2048x2048":["https:\/\/arantv.az\/wp-content\/uploads\/2025\/03\/40a5260dcb480a0328d6e7fb30d2aac8.jpg",650,366,false],"post-thumbnail":["https:\/\/arantv.az\/wp-content\/uploads\/2025\/03\/40a5260dcb480a0328d6e7fb30d2aac8-240x172.jpg",240,172,true],"advps-thumb-one":["https:\/\/arantv.az\/wp-content\/uploads\/2025\/03\/40a5260dcb480a0328d6e7fb30d2aac8.jpg",650,366,false]},"rttpg_author":{"display_name":"V\u00fcsal Rafiqo\u011flu","author_link":"https:\/\/arantv.az\/?author=2"},"rttpg_comment":0,"rttpg_category":"<a href=\"https:\/\/arantv.az\/?cat=7\" rel=\"category\">D\u00fcnya<\/a>","rttpg_excerpt":"Erm\u0259nistan T\u00fcrkiy\u0259 il\u0259 m\u00fcnasib\u0259tl\u0259rin normalla\u015fmas\u0131na tam haz\u0131rd\u0131r v\u0259 \u0130r\u0259van\u0131n bu m\u0259s\u0259l\u0259d\u0259 m\u00f6vqeyi proses ba\u015flayandan b\u0259ri d\u0259yi\u015fm\u0259z qal\u0131b. News24.az-\u0131n x\u0259b\u0259rin\u0259 g\u00f6r\u0259, bu bar\u0259d\u0259 Erm\u0259nistan\u0131n Erm\u0259nistan-T\u00fcrkiy\u0259 m\u00fcnasib\u0259tl\u0259rinin normalla\u015fd\u0131r\u0131lmas\u0131 \u00fczr\u0259 x\u00fcsusi n\u00fcmay\u0259nd\u0259si Ruben Rubinyan deyib. Rubinyan bu s\u00f6zl\u0259ri T\u00fcrkiy\u0259nin &#8220;NTV&#8221; telekanal\u0131na m\u00fcsahib\u0259sind\u0259 deyib: \u201cBiz T\u00fcrkiy\u0259 il\u0259 m\u00fcnasib\u0259tl\u0259rin tam h\u0259llini, o c\u00fcml\u0259d\u0259n diplomatik \u0259laq\u0259l\u0259rin normalla\u015fd\u0131r\u0131lmas\u0131n\u0131 v\u0259 Erm\u0259nistan-T\u00fcrkiy\u0259 quru s\u0259rh\u0259dinin&hellip;","_links":{"self":[{"href":"https:\/\/arantv.az\/index.php?rest_route=\/wp\/v2\/posts\/793678"}],"collection":[{"href":"https:\/\/arantv.az\/index.php?rest_route=\/wp\/v2\/posts"}],"about":[{"href":"https:\/\/arantv.az\/index.php?rest_route=\/wp\/v2\/types\/post"}],"author":[{"embeddable":true,"href":"https:\/\/arantv.az\/index.php?rest_route=\/wp\/v2\/users\/2"}],"replies":[{"embeddable":true,"href":"https:\/\/arantv.az\/index.php?rest_route=%2Fwp%2Fv2%2Fcomments&post=793678"}],"version-history":[{"count":1,"href":"https:\/\/arantv.az\/index.php?rest_route=\/wp\/v2\/posts\/793678\/revisions"}],"predecessor-version":[{"id":793680,"href":"https:\/\/arantv.az\/index.php?rest_route=\/wp\/v2\/posts\/793678\/revisions\/793680"}],"wp:featuredmedia":[{"embeddable":true,"href":"https:\/\/arantv.az\/index.php?rest_route=\/wp\/v2\/media\/793679"}],"wp:attachment":[{"href":"https:\/\/arantv.az\/index.php?rest_route=%2Fwp%2Fv2%2Fmedia&parent=793678"}],"wp:term":[{"taxonomy":"category","embeddable":true,"href":"https:\/\/arantv.az\/index.php?rest_route=%2Fwp%2Fv2%2Fcategories&post=793678"},{"taxonomy":"post_tag","embeddable":true,"href":"https:\/\/arantv.az\/index.php?rest_route=%2Fwp%2Fv2%2Ftags&post=793678"}],"curies":[{"name":"wp","href":"https:\/\/api.w.org\/{rel}","templated":true}]}}